{"id":9990,"date":"2020-05-26T12:42:19","date_gmt":"2020-05-26T15:42:19","guid":{"rendered":"https:\/\/justicapotiguar.com.br\/?p=9990"},"modified":"2020-05-26T12:42:19","modified_gmt":"2020-05-26T15:42:19","slug":"mpf-imputa-indicios-de-participacao-ativa-de-witzel-no-comando-das-contratacoes-de-empresas-investigadas","status":"publish","type":"post","link":"https:\/\/justicapotiguar.com.br\/index.php\/2020\/05\/26\/mpf-imputa-indicios-de-participacao-ativa-de-witzel-no-comando-das-contratacoes-de-empresas-investigadas\/","title":{"rendered":"MPF imputa ind\u00edcios de participa\u00e7\u00e3o ativa de Witzel  no comando das contrata\u00e7\u00f5es de empresas investigadas"},"content":{"rendered":"\n<p>O Minist\u00e9rio P\u00fablico Federal (MPF) aponta, na apura\u00e7\u00e3o da Opera\u00e7\u00e3o Placebo, que h\u00e1\u00a0ind\u00edcios de participa\u00e7\u00e3o ativa do governador Wilson Witzel tanto quanto ao conhecimento e quanto ao comando das contrata\u00e7\u00f5es realizadas com as empresas investigadas por desvios na \u00e1rea da Sa\u00fade. Para o MPF, isso aconteceu\u00a0mesmo sem o governador ter diretamente assinado os documentos.\u00a0<\/p>\n\n\n\n<figure class=\"wp-block-image\"><img loading=\"lazy\" width=\"1024\" height=\"615\" src=\"https:\/\/justicapotiguar.com.br\/wp-content\/uploads\/2020\/05\/x87590613.jpg.pagespeed.ic_.v-U6jyKPX6-1024x615.jpg\" alt=\"\" class=\"wp-image-9991\" srcset=\"https:\/\/justicapotiguar.com.br\/wp-content\/uploads\/2020\/05\/x87590613.jpg.pagespeed.ic_.v-U6jyKPX6-1024x615.jpg 1024w, https:\/\/justicapotiguar.com.br\/wp-content\/uploads\/2020\/05\/x87590613.jpg.pagespeed.ic_.v-U6jyKPX6-300x180.jpg 300w, https:\/\/justicapotiguar.com.br\/wp-content\/uploads\/2020\/05\/x87590613.jpg.pagespeed.ic_.v-U6jyKPX6-768x461.jpg 768w, https:\/\/justicapotiguar.com.br\/wp-content\/uploads\/2020\/05\/x87590613.jpg.pagespeed.ic_.v-U6jyKPX6.jpg 1086w\" sizes=\"(max-width: 1024px) 100vw, 1024px\" \/><figcaption>Alexandre Cassiano\/O Globo<\/figcaption><\/figure>\n\n\n\n<p>O governador Wilson Witzel e a primeira-dama Helena Witzel ser\u00e3o ouvidos pela Pol\u00edcia Federal no \u00e2mbito da opera\u00e7\u00e3o deflagrada nesta ter\u00e7a-feira. Na decis\u00e3o em que determinou a a\u00e7\u00e3o, o ministro Benedito Gon\u00e7alves, do Superior Tribunal de Justi\u00e7a (STJ), afirma que a PF de &#8220;proceder a oitiva imediatada dos investigados&#8221; e cita ambos, al\u00e9m de outras cinco pessoas.<\/p>\n\n\n\n<p>A Procuradoria-Geral da Rep\u00fablica afirma que prova recebida da Procuradoria da Rep\u00fablica do Rio de Janeiro aponta &#8220;indicativo de poss\u00edvel ajuste il\u00edcito&#8221; entre M\u00e1rio Peixoto,&nbsp;<a href=\"https:\/\/oglobo.globo.com\/rio\/operacao-favorito-entenda-investigacao-quem-sao-os-suspeitos-no-escandalo-da-saude-do-rio-24429606\">preso h\u00e1 duas semanas<\/a>, e o governador. Peixoto \u00e9 apontado como s\u00f3cio oculto do Instituto Unir Sa\u00fade, respons\u00e1vel pela administra\u00e7\u00e3o de Unidades de Pronto Atendimento (UPA). A organiza\u00e7\u00e3o social tinha sido proibida em outubro do ano passado de fazer contratos com o poder p\u00fablico por constata\u00e7\u00e3o de irregularidades na presta\u00e7\u00e3o de servi\u00e7os, mas um ato de Witzel em mar\u00e7o revogou essa proibi\u00e7\u00e3o.<\/p><div class=\"ezcmh69f0e5f0e5c04\" ><!--<a href=\"https:\/\/bit.ly\/3QdrqTZ\" target=\"_blank\">\n<img src=\"https:\/\/justicapotiguar.com.br\/wp-content\/uploads\/2023\/09\/mobile-geral.gif\"\/><a\/>--><\/div><style type=\"text\/css\">\r\n.ezcmh69f0e5f0e5c04 {\r\ntext-align: center;\r\n}\r\n@media screen and (min-width: 1201px) {\r\n.ezcmh69f0e5f0e5c04 {\r\ndisplay: none;\r\n}\r\n}\r\n@media screen and (min-width: 993px) and (max-width: 1200px) {\r\n.ezcmh69f0e5f0e5c04 {\r\ndisplay: none;\r\n}\r\n}\r\n@media screen and (min-width: 769px) and (max-width: 992px) {\r\n.ezcmh69f0e5f0e5c04 {\r\ndisplay: none;\r\n}\r\n}\r\n@media screen and (min-width: 768px) and (max-width: 768px) {\r\n.ezcmh69f0e5f0e5c04 {\r\ndisplay: block;\r\n}\r\n}\r\n@media screen and (max-width: 767px) {\r\n.ezcmh69f0e5f0e5c04 {\r\ndisplay: block;\r\n}\r\n}\r\n<\/style>\r\n<div class=\"ivhwz69f0e5f0e5be7\" ><!--<a href=\"https:\/\/bit.ly\/3QdrqTZ\" target=\"_blank\">\n<img src=\"https:\/\/justicapotiguar.com.br\/wp-content\/uploads\/2023\/09\/desktop-geral.gif\"\/><a\/>--><\/div><style type=\"text\/css\">\r\n.ivhwz69f0e5f0e5be7 {\r\ntext-align: center;\nmargin-bottom: 1em;\r\n}\r\n@media screen and (min-width: 1201px) {\r\n.ivhwz69f0e5f0e5be7 {\r\ndisplay: block;\r\n}\r\n}\r\n@media screen and (min-width: 993px) and (max-width: 1200px) {\r\n.ivhwz69f0e5f0e5be7 {\r\ndisplay: block;\r\n}\r\n}\r\n@media screen and (min-width: 769px) and (max-width: 992px) {\r\n.ivhwz69f0e5f0e5be7 {\r\ndisplay: block;\r\n}\r\n}\r\n@media screen and (min-width: 768px) and (max-width: 768px) {\r\n.ivhwz69f0e5f0e5be7 {\r\ndisplay: none;\r\n}\r\n}\r\n@media screen and (max-width: 767px) {\r\n.ivhwz69f0e5f0e5be7 {\r\ndisplay: none;\r\n}\r\n}\r\n<\/style>\r\n\n\n\n\n<p>Para os investigadores, ao usar o fundamento de &#8220;conveni\u00eancia e oportunidade&#8221; para revogar a proibi\u00e7\u00e3o, a decis\u00e3o do governador demonstra &#8220;forte possibilidade de exist\u00eancia de ajustes para o desvio de dinheiro p\u00fablico&#8221;.<\/p>\n\n\n\n<p>A PGR relatou ainda que prova recebida da Justi\u00e7a Federal do Rio mostra a exist\u00eancia de um contrato de uma empresa da primeira-dama, Helena Witzel, com uma das empresas investigadas, tendo inclusive havido transfer\u00eancia banc\u00e1ria entre elas.<\/p>\n\n\n\n<p>O Globo<\/p>\n","protected":false},"excerpt":{"rendered":"<p>O Minist\u00e9rio P\u00fablico Federal (MPF) aponta, na apura\u00e7\u00e3o da Opera\u00e7\u00e3o Placebo, que h\u00e1\u00a0ind\u00edcios de participa\u00e7\u00e3o ativa do governador Wilson Witzel tanto quanto ao conhecimento e quanto ao comando das contrata\u00e7\u00f5es realizadas com as empresas investigadas por desvios na \u00e1rea da Sa\u00fade. Para o MPF, isso aconteceu\u00a0mesmo sem o governador ter diretamente assinado os documentos.\u00a0 O<br \/><a class=\"more-link\" href=\"https:\/\/justicapotiguar.com.br\/index.php\/2020\/05\/26\/mpf-imputa-indicios-de-participacao-ativa-de-witzel-no-comando-das-contratacoes-de-empresas-investigadas\/\">Mais&#8230;<\/a><\/p>\n","protected":false},"author":5,"featured_media":9991,"comment_status":"open","ping_status":"open","sticky":false,"template":"","format":"standard","meta":[],"categories":[3],"tags":[],"_links":{"self":[{"href":"https:\/\/justicapotiguar.com.br\/index.php\/wp-json\/wp\/v2\/posts\/9990"}],"collection":[{"href":"https:\/\/justicapotiguar.com.br\/index.php\/wp-json\/wp\/v2\/posts"}],"about":[{"href":"https:\/\/justicapotiguar.com.br\/index.php\/wp-json\/wp\/v2\/types\/post"}],"author":[{"embeddable":true,"href":"https:\/\/justicapotiguar.com.br\/index.php\/wp-json\/wp\/v2\/users\/5"}],"replies":[{"embeddable":true,"href":"https:\/\/justicapotiguar.com.br\/index.php\/wp-json\/wp\/v2\/comments?post=9990"}],"version-history":[{"count":1,"href":"https:\/\/justicapotiguar.com.br\/index.php\/wp-json\/wp\/v2\/posts\/9990\/revisions"}],"predecessor-version":[{"id":9992,"href":"https:\/\/justicapotiguar.com.br\/index.php\/wp-json\/wp\/v2\/posts\/9990\/revisions\/9992"}],"wp:featuredmedia":[{"embeddable":true,"href":"https:\/\/justicapotiguar.com.br\/index.php\/wp-json\/wp\/v2\/media\/9991"}],"wp:attachment":[{"href":"https:\/\/justicapotiguar.com.br\/index.php\/wp-json\/wp\/v2\/media?parent=9990"}],"wp:term":[{"taxonomy":"category","embeddable":true,"href":"https:\/\/justicapotiguar.com.br\/index.php\/wp-json\/wp\/v2\/categories?post=9990"},{"taxonomy":"post_tag","embeddable":true,"href":"https:\/\/justicapotiguar.com.br\/index.php\/wp-json\/wp\/v2\/tags?post=9990"}],"curies":[{"name":"wp","href":"https:\/\/api.w.org\/{rel}","templated":true}]}}