{"id":9873,"date":"2020-05-22T16:10:06","date_gmt":"2020-05-22T19:10:06","guid":{"rendered":"https:\/\/justicapotiguar.com.br\/?p=9873"},"modified":"2020-05-22T16:10:06","modified_gmt":"2020-05-22T19:10:06","slug":"presidente-da-oab-diz-que-heleno-tem-de-sair-de-64","status":"publish","type":"post","link":"https:\/\/justicapotiguar.com.br\/index.php\/2020\/05\/22\/presidente-da-oab-diz-que-heleno-tem-de-sair-de-64\/","title":{"rendered":"Presidente da OAB diz que Heleno tem de &#8216;sair de 64&#8217;"},"content":{"rendered":"\n<p>No Twitter, Felipe Santa Cruz reagiu \u00e0 nota em que Augusto Heleno afirma que uma\u00a0eventual apreens\u00e3o do celular de Jair Bolsonaro \u2013 que\u00a0N\u00c3O foi ped<a href=\"https:\/\/www.oantagonista.com\/brasil\/bolsonaristas-atacam-decano-por-envio-a-pgr-de-pedido-para-apreensao-de-celular-do-presidente\/\">ida<\/a>\u00a0por Celso de Mello\u2013 \u201cpoder\u00e1 ter consequ\u00eancias imprevis\u00edveis para a estabilidade nacional\u201d.<\/p>\n\n\n\n<p>O presidente da OAB disse que \u201cas institui\u00e7\u00f5es democr\u00e1ticas recha\u00e7am o anacronismo\u201d da nota do general. \u201cSaia de 64 e tente contribuir com 2020, se puder\u201d, acrescentou.<\/p><div class=\"bsgyv69ef47af8cfec\" ><!--<a href=\"https:\/\/bit.ly\/3QdrqTZ\" target=\"_blank\">\n<img src=\"https:\/\/justicapotiguar.com.br\/wp-content\/uploads\/2023\/09\/mobile-geral.gif\"\/><a\/>--><\/div><style type=\"text\/css\">\r\n.bsgyv69ef47af8cfec {\r\ntext-align: center;\r\n}\r\n@media screen and (min-width: 1201px) {\r\n.bsgyv69ef47af8cfec {\r\ndisplay: none;\r\n}\r\n}\r\n@media screen and (min-width: 993px) and (max-width: 1200px) {\r\n.bsgyv69ef47af8cfec {\r\ndisplay: none;\r\n}\r\n}\r\n@media screen and (min-width: 769px) and (max-width: 992px) {\r\n.bsgyv69ef47af8cfec {\r\ndisplay: none;\r\n}\r\n}\r\n@media screen and (min-width: 768px) and (max-width: 768px) {\r\n.bsgyv69ef47af8cfec {\r\ndisplay: block;\r\n}\r\n}\r\n@media screen and (max-width: 767px) {\r\n.bsgyv69ef47af8cfec {\r\ndisplay: block;\r\n}\r\n}\r\n<\/style>\r\n<div class=\"vdshc69ef47af8cfd5\" ><!--<a href=\"https:\/\/bit.ly\/3QdrqTZ\" target=\"_blank\">\n<img src=\"https:\/\/justicapotiguar.com.br\/wp-content\/uploads\/2023\/09\/desktop-geral.gif\"\/><a\/>--><\/div><style type=\"text\/css\">\r\n.vdshc69ef47af8cfd5 {\r\ntext-align: center;\nmargin-bottom: 1em;\r\n}\r\n@media screen and (min-width: 1201px) {\r\n.vdshc69ef47af8cfd5 {\r\ndisplay: block;\r\n}\r\n}\r\n@media screen and (min-width: 993px) and (max-width: 1200px) {\r\n.vdshc69ef47af8cfd5 {\r\ndisplay: block;\r\n}\r\n}\r\n@media screen and (min-width: 769px) and (max-width: 992px) {\r\n.vdshc69ef47af8cfd5 {\r\ndisplay: block;\r\n}\r\n}\r\n@media screen and (min-width: 768px) and (max-width: 768px) {\r\n.vdshc69ef47af8cfd5 {\r\ndisplay: none;\r\n}\r\n}\r\n@media screen and (max-width: 767px) {\r\n.vdshc69ef47af8cfd5 {\r\ndisplay: none;\r\n}\r\n}\r\n<\/style>\r\n\n\n\n\n<figure class=\"wp-block-image\"><img src=\"\" alt=\"\"\/><\/figure>\n\n\n\n<figure class=\"wp-block-image\"><img src=\"https:\/\/cdn-oantagonista-net.cdn.ampproject.org\/i\/s\/cdn.oantagonista.net\/uploads\/2020\/05\/Santa-Cruz-Heleno.jpg\" alt=\"\"\/><\/figure>\n\n\n\n<p>O Antagonista<\/p>\n","protected":false},"excerpt":{"rendered":"<p>No Twitter, Felipe Santa Cruz reagiu \u00e0 nota em que Augusto Heleno afirma que uma\u00a0eventual apreens\u00e3o do celular de Jair Bolsonaro \u2013 que\u00a0N\u00c3O foi pedida\u00a0por Celso de Mello\u2013 \u201cpoder\u00e1 ter consequ\u00eancias imprevis\u00edveis para a estabilidade nacional\u201d. O presidente da OAB disse que \u201cas institui\u00e7\u00f5es democr\u00e1ticas recha\u00e7am o anacronismo\u201d da nota do general. \u201cSaia de 64<br \/><a class=\"more-link\" href=\"https:\/\/justicapotiguar.com.br\/index.php\/2020\/05\/22\/presidente-da-oab-diz-que-heleno-tem-de-sair-de-64\/\">Mais&#8230;<\/a><\/p>\n","protected":false},"author":5,"featured_media":9874,"comment_status":"open","ping_status":"open","sticky":false,"template":"","format":"standard","meta":[],"categories":[3],"tags":[],"_links":{"self":[{"href":"https:\/\/justicapotiguar.com.br\/index.php\/wp-json\/wp\/v2\/posts\/9873"}],"collection":[{"href":"https:\/\/justicapotiguar.com.br\/index.php\/wp-json\/wp\/v2\/posts"}],"about":[{"href":"https:\/\/justicapotiguar.com.br\/index.php\/wp-json\/wp\/v2\/types\/post"}],"author":[{"embeddable":true,"href":"https:\/\/justicapotiguar.com.br\/index.php\/wp-json\/wp\/v2\/users\/5"}],"replies":[{"embeddable":true,"href":"https:\/\/justicapotiguar.com.br\/index.php\/wp-json\/wp\/v2\/comments?post=9873"}],"version-history":[{"count":1,"href":"https:\/\/justicapotiguar.com.br\/index.php\/wp-json\/wp\/v2\/posts\/9873\/revisions"}],"predecessor-version":[{"id":9875,"href":"https:\/\/justicapotiguar.com.br\/index.php\/wp-json\/wp\/v2\/posts\/9873\/revisions\/9875"}],"wp:featuredmedia":[{"embeddable":true,"href":"https:\/\/justicapotiguar.com.br\/index.php\/wp-json\/wp\/v2\/media\/9874"}],"wp:attachment":[{"href":"https:\/\/justicapotiguar.com.br\/index.php\/wp-json\/wp\/v2\/media?parent=9873"}],"wp:term":[{"taxonomy":"category","embeddable":true,"href":"https:\/\/justicapotiguar.com.br\/index.php\/wp-json\/wp\/v2\/categories?post=9873"},{"taxonomy":"post_tag","embeddable":true,"href":"https:\/\/justicapotiguar.com.br\/index.php\/wp-json\/wp\/v2\/tags?post=9873"}],"curies":[{"name":"wp","href":"https:\/\/api.w.org\/{rel}","templated":true}]}}