{"id":9822,"date":"2020-05-21T14:04:33","date_gmt":"2020-05-21T17:04:33","guid":{"rendered":"https:\/\/justicapotiguar.com.br\/?p=9822"},"modified":"2020-05-21T13:02:02","modified_gmt":"2020-05-21T16:02:02","slug":"mossoro-rede-de-supermercados-deve-cumprir-normas-de-prevencao-ao-covid-19","status":"publish","type":"post","link":"https:\/\/justicapotiguar.com.br\/index.php\/2020\/05\/21\/mossoro-rede-de-supermercados-deve-cumprir-normas-de-prevencao-ao-covid-19\/","title":{"rendered":"Mossor\u00f3: rede de supermercados deve cumprir normas de preven\u00e7\u00e3o ao Covid-19"},"content":{"rendered":"\n<figure class=\"wp-block-image\"><img loading=\"lazy\" width=\"984\" height=\"654\" src=\"https:\/\/justicapotiguar.com.br\/wp-content\/uploads\/2020\/05\/whatsapp-image-2018-12-28-at-17.57.25.jpeg\" alt=\"\" class=\"wp-image-9823\" srcset=\"https:\/\/justicapotiguar.com.br\/wp-content\/uploads\/2020\/05\/whatsapp-image-2018-12-28-at-17.57.25.jpeg 984w, https:\/\/justicapotiguar.com.br\/wp-content\/uploads\/2020\/05\/whatsapp-image-2018-12-28-at-17.57.25-300x199.jpeg 300w, https:\/\/justicapotiguar.com.br\/wp-content\/uploads\/2020\/05\/whatsapp-image-2018-12-28-at-17.57.25-768x510.jpeg 768w\" sizes=\"(max-width: 984px) 100vw, 984px\" \/><figcaption>Reprodu\u00e7\u00e3o<\/figcaption><\/figure>\n\n\n\n<p>A ju\u00edza Carla Portela, da 2\u00aa Vara C\u00edvel de Mossor\u00f3, deferiu medida liminar para determinar ao Rebou\u00e7as Supermercado LTDA o cumprimento, em todas as suas unidades situadas naquela comarca, das prescri\u00e7\u00f5es de enfrentamento a pandemia causada pelo novo coronav\u00edrus (COVID-19), contidas no Decreto Estadual n\u00ba 29.583 e no Decreto Municipal n\u00ba 5.631. A magistrada determinou que a fiscaliza\u00e7\u00e3o do cumprimento das normas ficar\u00e1 a cargo da Vigil\u00e2ncia Sanit\u00e1ria, ou outro \u00f3rg\u00e3o municipal, sob pena de presta\u00e7\u00e3o de medida pecuni\u00e1ria, abrangendo o fornecimento de 20 cestas b\u00e1sicas, por cada ato de descumprimento detectado, em prol de institui\u00e7\u00e3o beneficente a ser indicada pelo Minist\u00e9rio P\u00fablico Estadual, autor da a\u00e7\u00e3o, sem preju\u00edzo de outras medidas administrativas contempladas nos aludidos decretos.<\/p>\n\n\n\n<p><strong>O caso<\/strong><\/p>\n\n\n\n<p>O Minist\u00e9rio P\u00fablico ajuizou A\u00e7\u00e3o Civil P\u00fablica contra a empresa alegando que instaurou procedimento administrativo para verificar o cumprimento por supermercados, farm\u00e1cias e ag\u00eancias banc\u00e1ria das normas estabelecidas no plano de conting\u00eancia do Estado do Rio Grande do Norte, para enfrentamento da pandemia.<\/p>\n\n\n\n<p>Aponta que fiscaliza\u00e7\u00e3o do Procon, feita a seu pedido, nos supermercados de Mossor\u00f3, constatou nos estabelecimentos do Rebou\u00e7as Supermercado LTDA a inobserv\u00e2ncia de medida de restri\u00e7\u00e3o de acesso de pessoas ao interior da loja, a aus\u00eancia de higieniza\u00e7\u00e3o de carrinhos de compras, a n\u00e3o disponibilidade de \u00e1lcool em gel nos setores internos do supermercado, com exce\u00e7\u00e3o dos caixas, e a aus\u00eancia de informa\u00e7\u00f5es acerca da quantidade m\u00e1xima de clientes nas depend\u00eancias daquela loja.<\/p>\n\n\n\n<p>O MP ressaltou que esses fatos violam o estabelecido na legisla\u00e7\u00e3o estadual e na legisla\u00e7\u00e3o municipal local, pondo em risco a sa\u00fade de clientes e funcion\u00e1rios daquele estabelecimento comercial.<\/p>\n\n\n\n<p>Em sede de pedido liminar, requereu o cumprimento das prescri\u00e7\u00f5es contidas nos Decretos Estadual e Municipal citados e ado\u00e7\u00e3o de provid\u00eancias como controle da lota\u00e7\u00e3o de pessoas, distanciamento m\u00ednimo entre elas, demarca\u00e7\u00f5es para posicionamento em filas, disponibiliza\u00e7\u00e3o de \u00e1lcool gel, entre outros.<\/p>\n\n\n\n<p><strong>Decis\u00e3o<\/strong><\/p><div class=\"hfjcm69f0a2de28b61\" ><!--<a href=\"https:\/\/bit.ly\/3QdrqTZ\" target=\"_blank\">\n<img src=\"https:\/\/justicapotiguar.com.br\/wp-content\/uploads\/2023\/09\/mobile-geral.gif\"\/><a\/>--><\/div><style type=\"text\/css\">\r\n.hfjcm69f0a2de28b61 {\r\ntext-align: center;\r\n}\r\n@media screen and (min-width: 1201px) {\r\n.hfjcm69f0a2de28b61 {\r\ndisplay: none;\r\n}\r\n}\r\n@media screen and (min-width: 993px) and (max-width: 1200px) {\r\n.hfjcm69f0a2de28b61 {\r\ndisplay: none;\r\n}\r\n}\r\n@media screen and (min-width: 769px) and (max-width: 992px) {\r\n.hfjcm69f0a2de28b61 {\r\ndisplay: none;\r\n}\r\n}\r\n@media screen and (min-width: 768px) and (max-width: 768px) {\r\n.hfjcm69f0a2de28b61 {\r\ndisplay: block;\r\n}\r\n}\r\n@media screen and (max-width: 767px) {\r\n.hfjcm69f0a2de28b61 {\r\ndisplay: block;\r\n}\r\n}\r\n<\/style>\r\n<div class=\"lxcjg69f0a2de28b48\" ><!--<a href=\"https:\/\/bit.ly\/3QdrqTZ\" target=\"_blank\">\n<img src=\"https:\/\/justicapotiguar.com.br\/wp-content\/uploads\/2023\/09\/desktop-geral.gif\"\/><a\/>--><\/div><style type=\"text\/css\">\r\n.lxcjg69f0a2de28b48 {\r\ntext-align: center;\nmargin-bottom: 1em;\r\n}\r\n@media screen and (min-width: 1201px) {\r\n.lxcjg69f0a2de28b48 {\r\ndisplay: block;\r\n}\r\n}\r\n@media screen and (min-width: 993px) and (max-width: 1200px) {\r\n.lxcjg69f0a2de28b48 {\r\ndisplay: block;\r\n}\r\n}\r\n@media screen and (min-width: 769px) and (max-width: 992px) {\r\n.lxcjg69f0a2de28b48 {\r\ndisplay: block;\r\n}\r\n}\r\n@media screen and (min-width: 768px) and (max-width: 768px) {\r\n.lxcjg69f0a2de28b48 {\r\ndisplay: none;\r\n}\r\n}\r\n@media screen and (max-width: 767px) {\r\n.lxcjg69f0a2de28b48 {\r\ndisplay: none;\r\n}\r\n}\r\n<\/style>\r\n\n\n\n\n<p>Ao analisar o pedido do Minist\u00e9rio P\u00fablico, a ju\u00edza Carla Portela observou que eles \u201costentam n\u00edtida natureza satisfativa, na medida em que se destinam a conceder \u00e0 coletividade, substitu\u00edda pelo Minist\u00e9rio P\u00fablico Estadual, o resguardo aos direitos fundamentais \u00e0 sa\u00fade e \u00e0 vida, por meio de medidas sanit\u00e1rias de preven\u00e7\u00e3o ao alastramento da contamina\u00e7\u00e3o e da dissemina\u00e7\u00e3o da pandemia causada pela COVID-19\u201d.<\/p>\n\n\n\n<p>Entendeu estarem presentes os requisitos para a concess\u00e3o da liminar, \u201cem especial no que toca ao perigo de dano ou risco ao resultado \u00fatil do processo, considerando que o v\u00edrus Sars-CoV-2, causador da pandemia da COVID-19, possui alta taxa de transmissibilidade e a n\u00e3o ado\u00e7\u00e3o ou o desrespeito a medidas sanit\u00e1rias para o seu enfrentamento, em especial o distanciamento social e a correta higieniza\u00e7\u00e3o dos ambientes, pode causar impactos n\u00e3o s\u00f3 a direitos individuais, mas tamb\u00e9m, coletivos, como aqueles que se buscam resguardar por meio da presente demanda\u201d.<\/p>\n\n\n\n<p>A magistrada ressalta que o distanciamento social \u00e9 a \u00fanica medida de conten\u00e7\u00e3o adotada pelo mundo todo, por orienta\u00e7\u00e3o da Organiza\u00e7\u00e3o Mundial da Sa\u00fade (OMS), diante da aus\u00eancia de tratamentos efetivos ou de uma vacina contra a doen\u00e7a. Disse ainda que as imagens levadas ao processo comprovam o desrespeito \u00e0s normas estabelecidas pelos decretos.<\/p>\n\n\n\n<p>\u201c\u00c9 certo que \u00f3 supermercado demandado se encontra qualificado enquanto servi\u00e7o essencial e, portanto, n\u00e3o teve a sua atividade comercial suspensa, ante a indubit\u00e1vel necessidade de prover a popula\u00e7\u00e3o mossoroense e de cidades vizinhas de suprimentos b\u00e1sicos necess\u00e1rios \u00e0 sua subsist\u00eancia. A despeito disso, n\u00e3o pode o estabelecimento r\u00e9u, valendo-se da prerrogativa de essencialidade, olvidar-se ao cumprimento da legisla\u00e7\u00e3o local, especialmente considerando as particularidades de propaga\u00e7\u00e3o do v\u00edrus Sars-CoV-2, atrelado ao fato da sua alta taxa de mortalidade, da defici\u00eancia estrutura do nosso sistema de sa\u00fade e hospitalar e a inexist\u00eancia de cura definitiva para patologia que este causa (COVID-19)\u201d, destaca a ju\u00edza Carla Portela.<\/p>\n\n\n\n<p>A decis\u00e3o lembra ainda que o Brasil j\u00e1 registra mais de 18 mil v\u00edtimas da Covid-19, \u201co que imp\u00f5e a necessidade de sensibiliza\u00e7\u00e3o e conscientiza\u00e7\u00e3o quanto \u00e0 ado\u00e7\u00e3o das medidas de isolamento e distanciamento social, a fim de garantir n\u00e3o s\u00f3 o direito \u00e0 sa\u00fade de toda uma coletividade, mas, principalmente o direito fundamental mais basilar de um ser humano: \u00e0 vida\u201d.<\/p>\n\n\n\n<p>\u201cDe certo que tal direito possui valor incalcul\u00e1vel e, levando-se em considera\u00e7\u00e3o as particularidades do momento de situa\u00e7\u00e3o emergencial de sa\u00fade global, desrespeitar normas que visem a inviabilizar a dissemina\u00e7\u00e3o da COVID-19, consubstancia-se em violar n\u00e3o s\u00f3 o direito \u00e0 vida, \u00e0 sa\u00fade, a integridade de indiv\u00edduos espec\u00edfico, mas a pr\u00f3pria dignidade da pessoa humana de toda uma coletividade\u201d, frisa a decis\u00e3o liminar.<\/p>\n\n\n\n<p><strong>(Processo n\u00ba 0807218-27.2020.8.20.5106)<\/strong><\/p>\n","protected":false},"excerpt":{"rendered":"<p>A ju\u00edza Carla Portela, da 2\u00aa Vara C\u00edvel de Mossor\u00f3, deferiu medida liminar para determinar ao Rebou\u00e7as Supermercado LTDA o cumprimento, em todas as suas unidades situadas naquela comarca, das prescri\u00e7\u00f5es de enfrentamento a pandemia causada pelo novo coronav\u00edrus (COVID-19), contidas no Decreto Estadual n\u00ba 29.583 e no Decreto Municipal n\u00ba 5.631. A magistrada determinou<br \/><a class=\"more-link\" href=\"https:\/\/justicapotiguar.com.br\/index.php\/2020\/05\/21\/mossoro-rede-de-supermercados-deve-cumprir-normas-de-prevencao-ao-covid-19\/\">Mais&#8230;<\/a><\/p>\n","protected":false},"author":5,"featured_media":9823,"comment_status":"open","ping_status":"open","sticky":false,"template":"","format":"standard","meta":[],"categories":[3],"tags":[],"_links":{"self":[{"href":"https:\/\/justicapotiguar.com.br\/index.php\/wp-json\/wp\/v2\/posts\/9822"}],"collection":[{"href":"https:\/\/justicapotiguar.com.br\/index.php\/wp-json\/wp\/v2\/posts"}],"about":[{"href":"https:\/\/justicapotiguar.com.br\/index.php\/wp-json\/wp\/v2\/types\/post"}],"author":[{"embeddable":true,"href":"https:\/\/justicapotiguar.com.br\/index.php\/wp-json\/wp\/v2\/users\/5"}],"replies":[{"embeddable":true,"href":"https:\/\/justicapotiguar.com.br\/index.php\/wp-json\/wp\/v2\/comments?post=9822"}],"version-history":[{"count":1,"href":"https:\/\/justicapotiguar.com.br\/index.php\/wp-json\/wp\/v2\/posts\/9822\/revisions"}],"predecessor-version":[{"id":9824,"href":"https:\/\/justicapotiguar.com.br\/index.php\/wp-json\/wp\/v2\/posts\/9822\/revisions\/9824"}],"wp:featuredmedia":[{"embeddable":true,"href":"https:\/\/justicapotiguar.com.br\/index.php\/wp-json\/wp\/v2\/media\/9823"}],"wp:attachment":[{"href":"https:\/\/justicapotiguar.com.br\/index.php\/wp-json\/wp\/v2\/media?parent=9822"}],"wp:term":[{"taxonomy":"category","embeddable":true,"href":"https:\/\/justicapotiguar.com.br\/index.php\/wp-json\/wp\/v2\/categories?post=9822"},{"taxonomy":"post_tag","embeddable":true,"href":"https:\/\/justicapotiguar.com.br\/index.php\/wp-json\/wp\/v2\/tags?post=9822"}],"curies":[{"name":"wp","href":"https:\/\/api.w.org\/{rel}","templated":true}]}}