{"id":9686,"date":"2020-05-17T10:18:05","date_gmt":"2020-05-17T13:18:05","guid":{"rendered":"https:\/\/justicapotiguar.com.br\/?p=9686"},"modified":"2020-05-16T19:20:05","modified_gmt":"2020-05-16T22:20:05","slug":"lewandowski-nega-acao-da-oab-para-suspender-criacao-de-novos-cursos-de-direito","status":"publish","type":"post","link":"https:\/\/justicapotiguar.com.br\/index.php\/2020\/05\/17\/lewandowski-nega-acao-da-oab-para-suspender-criacao-de-novos-cursos-de-direito\/","title":{"rendered":"Lewandowski nega a\u00e7\u00e3o da OAB para suspender cria\u00e7\u00e3o de novos cursos de Direito"},"content":{"rendered":"\n<p>O ministro&nbsp;<strong>Ricardo Lewandowski<\/strong>, do STF, rejeitou&nbsp;<a href=\"https:\/\/www.migalhas.com.br\/quentes\/326466\/oab-vai-ao-supremo-para-impedir-novos-cursos-de-direito-no-pais\" target=\"_blank\" rel=\"noreferrer noopener\">a\u00e7\u00e3o<\/a>&nbsp;da OAB na qual pedia a suspens\u00e3o de cria\u00e7\u00e3o de cursos de Direito.<\/p>\n\n\n\n<figure class=\"wp-block-image\"><img src=\"https:\/\/m.migalhas.com.br\/imagem\/AC4154D1531D32FABA26C6A3ED78DD137A9F_lewan.jpg\" alt=\"t\"\/><\/figure>\n\n\n\n<p>Diante da quantidade de cursos jur\u00eddicos no Brasil, a Ordem prop\u00f4s a ADPF&nbsp;<a href=\"http:\/\/portal.stf.jus.br\/processos\/detalhe.asp?incidente=5906412\" target=\"_blank\" rel=\"noreferrer noopener\">682<\/a>&nbsp;apontando que s\u00f3 no m\u00eas passado, 22 novos cursos de gradua\u00e7\u00e3o em Direito foram autorizados e, por isso, pediu ao STF que fosse reconhecido \u201cum estado de coisa inconstitucional\u201d.<\/p>\n\n\n\n<p>Ao decidir, o relator explicou que n\u00e3o se pode constatar, de imediato, atos comissivos ou omissivos &#8220;francamente inconstitucionais&#8221; dos gestores p\u00fablicos ligados ao ensino superior.<\/p>\n\n\n\n<p>Al\u00e9m disso, concluiu&nbsp;&nbsp;que o tipo de a\u00e7\u00e3o proposta n\u00e3o pode ser utilizado para a resolu\u00e7\u00e3o de casos concretos ou desbordar as vias recursais ordin\u00e1rias ou outras medidas processuais existentes para impugnar a\u00e7\u00f5es ou omiss\u00f5es tidas por ilegais ou abusivas.<\/p>\n\n\n\n<p><strong>Cursos de Direito<\/strong><\/p>\n\n\n\n<p>Na peti\u00e7\u00e3o, o Conselho Federal aponta que o atual cen\u00e1rio de ensino reflete uma situa\u00e7\u00e3o calamitosa:<\/p>\n\n\n\n<p><em>\u201cVivenciamos uma situa\u00e7\u00e3o calamitosa no ensino jur\u00eddico, com a pr\u00e1tica de verdadeiros \u2018estelionatos educacionais\u2019 contra os alunos, refletidos na repeti\u00e7\u00e3o de \u00edndices hist\u00f3ricos de reprova\u00e7\u00e3o nos Exames de Ordem, atualmente da ordem de 80%.\u201d<\/em><\/p>\n\n\n\n<p>Para a OAB, mantido o quadro atual de avalia\u00e7\u00e3o do ensino superior, as perspectivas para o cen\u00e1rio educacional do pa\u00eds&nbsp;<em>\u201cs\u00e3o muito desfavor\u00e1veis, se n\u00e3o mesmo calamitosas\u201d.<\/em>&nbsp;A Ordem defendeu a necessidade de altera\u00e7\u00e3o dos crit\u00e9rios de avalia\u00e7\u00e3o de cursos de Direito.<\/p><div class=\"qeqee69f0624af3c23\" ><!--<a href=\"https:\/\/bit.ly\/3QdrqTZ\" target=\"_blank\">\n<img src=\"https:\/\/justicapotiguar.com.br\/wp-content\/uploads\/2023\/09\/mobile-geral.gif\"\/><a\/>--><\/div><style type=\"text\/css\">\r\n.qeqee69f0624af3c23 {\r\ntext-align: center;\r\n}\r\n@media screen and (min-width: 1201px) {\r\n.qeqee69f0624af3c23 {\r\ndisplay: none;\r\n}\r\n}\r\n@media screen and (min-width: 993px) and (max-width: 1200px) {\r\n.qeqee69f0624af3c23 {\r\ndisplay: none;\r\n}\r\n}\r\n@media screen and (min-width: 769px) and (max-width: 992px) {\r\n.qeqee69f0624af3c23 {\r\ndisplay: none;\r\n}\r\n}\r\n@media screen and (min-width: 768px) and (max-width: 768px) {\r\n.qeqee69f0624af3c23 {\r\ndisplay: block;\r\n}\r\n}\r\n@media screen and (max-width: 767px) {\r\n.qeqee69f0624af3c23 {\r\ndisplay: block;\r\n}\r\n}\r\n<\/style>\r\n<div class=\"jotbv69f0624af3c0d\" ><!--<a href=\"https:\/\/bit.ly\/3QdrqTZ\" target=\"_blank\">\n<img src=\"https:\/\/justicapotiguar.com.br\/wp-content\/uploads\/2023\/09\/desktop-geral.gif\"\/><a\/>--><\/div><style type=\"text\/css\">\r\n.jotbv69f0624af3c0d {\r\ntext-align: center;\nmargin-bottom: 1em;\r\n}\r\n@media screen and (min-width: 1201px) {\r\n.jotbv69f0624af3c0d {\r\ndisplay: block;\r\n}\r\n}\r\n@media screen and (min-width: 993px) and (max-width: 1200px) {\r\n.jotbv69f0624af3c0d {\r\ndisplay: block;\r\n}\r\n}\r\n@media screen and (min-width: 769px) and (max-width: 992px) {\r\n.jotbv69f0624af3c0d {\r\ndisplay: block;\r\n}\r\n}\r\n@media screen and (min-width: 768px) and (max-width: 768px) {\r\n.jotbv69f0624af3c0d {\r\ndisplay: none;\r\n}\r\n}\r\n@media screen and (max-width: 767px) {\r\n.jotbv69f0624af3c0d {\r\ndisplay: none;\r\n}\r\n}\r\n<\/style>\r\n\n\n\n\n<p>Entre os pedidos, a OAB havia solicitado que o STF tornasse sem efeito as autoriza\u00e7\u00f5es de funcionamento de novos cursos j\u00e1 concedidas, mas n\u00e3o implementadas.<\/p>\n\n\n\n<p><strong>Pedido negado<\/strong><\/p>\n\n\n\n<p>Na an\u00e1lise da a\u00e7\u00e3o, o ministro verificou que a ADPF n\u00e3o questiona qualquer ato normativo espec\u00edfico. Em vez disso, ela demonstra a preocupa\u00e7\u00e3o do Conselho Federal com a pol\u00edtica educacional de abertura e de amplia\u00e7\u00e3o das vagas dos cursos jur\u00eddicos no pa\u00eds, ofertados por institui\u00e7\u00f5es privadas de ensino, seguindo crit\u00e9rios e indicadores previstos em atos secund\u00e1rios ou infralegais.<\/p>\n\n\n\n<p>Para o do ministro, a ADPF&nbsp;<a href=\"http:\/\/portal.stf.jus.br\/processos\/detalhe.asp?incidente=5906412\" target=\"_blank\" rel=\"noreferrer noopener\">682<\/a>&nbsp;n\u00e3o merece prosperar pois o tipo de a\u00e7\u00e3o n\u00e3o pode ser utilizado para a resolu\u00e7\u00e3o de casos concretos, nem para&nbsp;<em>\u201cdesbordar as vias recursais ordin\u00e1rias ou outras medidas processuais existentes para impugnar a\u00e7\u00f5es ou omiss\u00f5es tidas por ilegais ou abusivas\u201d.<\/em><\/p>\n\n\n\n<p><em>\u201cPor todos os \u00e2ngulos que se examine a quest\u00e3o, for\u00e7oso \u00e9 concluir, portanto, que a presente ADPF n\u00e3o constitui meio processual h\u00e1bil para acolher a pretens\u00e3o nela veiculada, pois n\u00e3o cabe ao STF substituir a administra\u00e7\u00e3o p\u00fablica na tomada de medidas de sua compet\u00eancia, provid\u00eancia essa que s\u00f3 tem sido admitida em hip\u00f3teses excepcional\u00edssimas, o que n\u00e3o ocorre com a hip\u00f3tese sob an\u00e1lise.\u201d<\/em><\/p>\n\n\n\n<p>O relator tamb\u00e9m considerou n\u00e3o ser poss\u00edvel identificar, na a\u00e7\u00e3o, atos de gestores &#8220;francamente inconstitucionais&#8221;:<\/p>\n\n\n\n<p><em>&#8220;De toda a sorte, n\u00e3o se pode constatar, de imediato, a ocorr\u00eancia de atos comissivos ou omissivos francamente inconstitucionais dos gestores p\u00fablicos ligados ao ensino superior, afigurando-se, no m\u00ednimo, prematuro concluir pelo descumprimento dos preceitos fundamentais apontados na inicial, em que pesem os generosos prop\u00f3sitos que inspiraram os seus subscritores&#8221;.<\/em><\/p>\n\n\n\n<ul><li>Processo: ADPF&nbsp;<a href=\"http:\/\/portal.stf.jus.br\/processos\/detalhe.asp?incidente=5906412\" target=\"_blank\" rel=\"noreferrer noopener\">682<\/a><\/li><\/ul>\n\n\n\n<p>Veja a&nbsp;<a rel=\"noreferrer noopener\" href=\"https:\/\/www.migalhas.com.br\/arquivos\/2020\/5\/C3BAE4C87025F3_ADPF682.pdf\" target=\"_blank\">decis\u00e3o<\/a>.<\/p>\n","protected":false},"excerpt":{"rendered":"<p>O ministro&nbsp;Ricardo Lewandowski, do STF, rejeitou&nbsp;a\u00e7\u00e3o&nbsp;da OAB na qual pedia a suspens\u00e3o de cria\u00e7\u00e3o de cursos de Direito. Diante da quantidade de cursos jur\u00eddicos no Brasil, a Ordem prop\u00f4s a ADPF&nbsp;682&nbsp;apontando que s\u00f3 no m\u00eas passado, 22 novos cursos de gradua\u00e7\u00e3o em Direito foram autorizados e, por isso, pediu ao STF que fosse reconhecido \u201cum<br \/><a class=\"more-link\" href=\"https:\/\/justicapotiguar.com.br\/index.php\/2020\/05\/17\/lewandowski-nega-acao-da-oab-para-suspender-criacao-de-novos-cursos-de-direito\/\">Mais&#8230;<\/a><\/p>\n","protected":false},"author":5,"featured_media":4163,"comment_status":"open","ping_status":"open","sticky":false,"template":"","format":"standard","meta":[],"categories":[3],"tags":[],"_links":{"self":[{"href":"https:\/\/justicapotiguar.com.br\/index.php\/wp-json\/wp\/v2\/posts\/9686"}],"collection":[{"href":"https:\/\/justicapotiguar.com.br\/index.php\/wp-json\/wp\/v2\/posts"}],"about":[{"href":"https:\/\/justicapotiguar.com.br\/index.php\/wp-json\/wp\/v2\/types\/post"}],"author":[{"embeddable":true,"href":"https:\/\/justicapotiguar.com.br\/index.php\/wp-json\/wp\/v2\/users\/5"}],"replies":[{"embeddable":true,"href":"https:\/\/justicapotiguar.com.br\/index.php\/wp-json\/wp\/v2\/comments?post=9686"}],"version-history":[{"count":2,"href":"https:\/\/justicapotiguar.com.br\/index.php\/wp-json\/wp\/v2\/posts\/9686\/revisions"}],"predecessor-version":[{"id":9688,"href":"https:\/\/justicapotiguar.com.br\/index.php\/wp-json\/wp\/v2\/posts\/9686\/revisions\/9688"}],"wp:featuredmedia":[{"embeddable":true,"href":"https:\/\/justicapotiguar.com.br\/index.php\/wp-json\/wp\/v2\/media\/4163"}],"wp:attachment":[{"href":"https:\/\/justicapotiguar.com.br\/index.php\/wp-json\/wp\/v2\/media?parent=9686"}],"wp:term":[{"taxonomy":"category","embeddable":true,"href":"https:\/\/justicapotiguar.com.br\/index.php\/wp-json\/wp\/v2\/categories?post=9686"},{"taxonomy":"post_tag","embeddable":true,"href":"https:\/\/justicapotiguar.com.br\/index.php\/wp-json\/wp\/v2\/tags?post=9686"}],"curies":[{"name":"wp","href":"https:\/\/api.w.org\/{rel}","templated":true}]}}