{"id":9292,"date":"2020-05-05T18:33:20","date_gmt":"2020-05-05T21:33:20","guid":{"rendered":"https:\/\/justicapotiguar.com.br\/?p=9292"},"modified":"2020-05-05T18:33:20","modified_gmt":"2020-05-05T21:33:20","slug":"stf-autoriza-novos-depoimentos-no-inquerito-sobre-suposta-interferencia-de-bolsonaro-na-pf","status":"publish","type":"post","link":"https:\/\/justicapotiguar.com.br\/index.php\/2020\/05\/05\/stf-autoriza-novos-depoimentos-no-inquerito-sobre-suposta-interferencia-de-bolsonaro-na-pf\/","title":{"rendered":"STF autoriza novos depoimentos no inqu\u00e9rito sobre suposta interfer\u00eancia de Bolsonaro na PF"},"content":{"rendered":"\n<figure class=\"wp-block-image\"><img loading=\"lazy\" width=\"1024\" height=\"615\" src=\"https:\/\/justicapotiguar.com.br\/wp-content\/uploads\/2019\/08\/Celso-de-Mello-1024x615.jpg\" alt=\"\" class=\"wp-image-221\" srcset=\"https:\/\/justicapotiguar.com.br\/wp-content\/uploads\/2019\/08\/Celso-de-Mello-1024x615.jpg 1024w, https:\/\/justicapotiguar.com.br\/wp-content\/uploads\/2019\/08\/Celso-de-Mello-300x180.jpg 300w, https:\/\/justicapotiguar.com.br\/wp-content\/uploads\/2019\/08\/Celso-de-Mello-768x461.jpg 768w, https:\/\/justicapotiguar.com.br\/wp-content\/uploads\/2019\/08\/Celso-de-Mello.jpg 1086w\" sizes=\"(max-width: 1024px) 100vw, 1024px\" \/><\/figure>\n\n\n\n<p>O ministro do Supremo Tribunal Federal (<a href=\"https:\/\/g1.globo.com\/tudo-sobre\/supremo-tribunal-federal\/\">STF<\/a>)\u00a0<a href=\"https:\/\/g1.globo.com\/tudo-sobre\/celso-de-mello\/\">Celso de Mello<\/a>\u00a0autorizou nesta ter\u00e7a-feira (5) novas medidas no\u00a0<a href=\"https:\/\/g1.globo.com\/politica\/noticia\/2020\/04\/27\/celso-de-mello-autoriza-inquerito-no-stf-sobre-discurso-de-moro-com-acusacoes-a-bolsonaro.ghtml\">inqu\u00e9rito que apura a suposta interfer\u00eancia<\/a>\u00a0do presidente Jair Bolsonaro na autonomia da Pol\u00edcia Federal, a partir das declara\u00e7\u00f5es do ex-ministro S\u00e9rgio Moro. Ele deu 20 dias para a execu\u00e7\u00e3o das novas medidas, solicitadas pela Procuradoria Geral da Rep\u00fablica (PGR).<\/p>\n\n\n\n<p>A PGR&nbsp;<a href=\"https:\/\/g1.globo.com\/politica\/noticia\/2020\/05\/04\/aras-pede-que-pf-ouca-ministros-e-recupere-video-de-reuniao-entre-moro-e-bolsonaro.ghtml\">pediu o depoimento de dez pessoas<\/a>&nbsp;\u2013 entre elas, tr\u00eas ministros e uma deputada. Ser\u00e3o ouvidos:<\/p>\n\n\n\n<ul><li>os ministros&nbsp;<a href=\"https:\/\/g1.globo.com\/tudo-sobre\/luiz-eduardo-ramos\/\">Luiz Eduardo Ramos<\/a>&nbsp;(Secretaria de Governo);<a href=\"https:\/\/g1.globo.com\/tudo-sobre\/general-heleno\/\">&nbsp;Augusto Heleno<\/a>&nbsp;(Gabinete de Seguran\u00e7a Institucional) e&nbsp;<a href=\"https:\/\/g1.globo.com\/tudo-sobre\/walter-souza-braga-netto\/\">Walter Braga Netto<\/a>&nbsp;(Casa Civil);<\/li><li>a deputada Carla Zambelli (PSL-SP);<\/li><li>os delegados da Pol\u00edcia Federal Ricardo Saadi, Carlos Henrique de Oliveira Sousa, Alexandre Saraiva, Rodrigo Teixeira, Maur\u00edcio Valeixo e Alexandre Ramagem.<\/li><\/ul>\n\n\n\n<p>Valeixo era diretor-geral da PF at\u00e9 o \u00faltimo dia 24, quando foi exonerado do cargo.&nbsp;<a href=\"https:\/\/g1.globo.com\/politica\/noticia\/2020\/04\/28\/novo-diretor-geral-da-pf-alexandre-ramagem-esta-na-corporacao-desde-2005-e-e-amigo-da-familia-bolsonaro-veja-perfil.ghtml\">Ramagem chegou a ser nomeado&nbsp;<\/a>para a chefia da PF, mas teve o&nbsp;<a href=\"https:\/\/g1.globo.com\/politica\/blog\/andreia-sadi\/post\/2020\/04\/29\/ministro-do-stf-suspende-nomeacao-de-alexandre-ramagem-para-a-diretoria-geral-da-pf.ghtml\">decreto de nomea\u00e7\u00e3o suspenso por decis\u00e3o do ministro<\/a>&nbsp;Alexandre de Moraes, do Supremo Tribunal Federal.<\/p>\n\n\n\n<p>No documento, o procurador-geral&nbsp;<a href=\"https:\/\/g1.globo.com\/tudo-sobre\/augusto-aras\/\">Augusto Aras<\/a>&nbsp;solicitou que os depoimentos ocorram num prazo de cinco dias \u00fateis,&nbsp;<a href=\"https:\/\/g1.globo.com\/politica\/noticia\/2020\/04\/30\/celso-de-mello-manda-pf-ouvir-moro-em-ate-5-dias-sobre-acusacoes-a-bolsonaro.ghtml]\">como foi definido para a oitiva de Moro<\/a>.<\/p>\n\n\n\n<p>A PGR tamb\u00e9m pediu que a Secretaria-Geral da Presid\u00eancia da Rep\u00fablica envie c\u00f3pia dos registros de \u00e1udio e v\u00eddeo de uma reuni\u00e3o entre o presidente Jair Bolsonaro, o vice-presidente Hamilton Mour\u00e3o, ministros e presidentes de bancos p\u00fablicos, no \u00faltimo dia 22 de abril.<\/p>\n\n\n\n<p>Segundo declara\u00e7\u00e3o do ex-ministro S\u00e9rgio Moro, no encontro, Bolsonaro teria cobrado a substitui\u00e7\u00e3o do superintendente da PF no Rio, Carlos Henrique de Oliveira, e do ent\u00e3o diretor-geral Maur\u00edcio Valeixo, al\u00e9m do recebimento de relat\u00f3rios de intelig\u00eancia e informa\u00e7\u00e3o da PF.<\/p><div class=\"mvidy69f53c82b3bf7\" ><!--<a href=\"https:\/\/bit.ly\/3QdrqTZ\" target=\"_blank\">\n<img src=\"https:\/\/justicapotiguar.com.br\/wp-content\/uploads\/2023\/09\/mobile-geral.gif\"\/><a\/>--><\/div><style type=\"text\/css\">\r\n.mvidy69f53c82b3bf7 {\r\ntext-align: center;\r\n}\r\n@media screen and (min-width: 1201px) {\r\n.mvidy69f53c82b3bf7 {\r\ndisplay: none;\r\n}\r\n}\r\n@media screen and (min-width: 993px) and (max-width: 1200px) {\r\n.mvidy69f53c82b3bf7 {\r\ndisplay: none;\r\n}\r\n}\r\n@media screen and (min-width: 769px) and (max-width: 992px) {\r\n.mvidy69f53c82b3bf7 {\r\ndisplay: none;\r\n}\r\n}\r\n@media screen and (min-width: 768px) and (max-width: 768px) {\r\n.mvidy69f53c82b3bf7 {\r\ndisplay: block;\r\n}\r\n}\r\n@media screen and (max-width: 767px) {\r\n.mvidy69f53c82b3bf7 {\r\ndisplay: block;\r\n}\r\n}\r\n<\/style>\r\n<div class=\"fivgw69f53c82b3be1\" ><!--<a href=\"https:\/\/bit.ly\/3QdrqTZ\" target=\"_blank\">\n<img src=\"https:\/\/justicapotiguar.com.br\/wp-content\/uploads\/2023\/09\/desktop-geral.gif\"\/><a\/>--><\/div><style type=\"text\/css\">\r\n.fivgw69f53c82b3be1 {\r\ntext-align: center;\nmargin-bottom: 1em;\r\n}\r\n@media screen and (min-width: 1201px) {\r\n.fivgw69f53c82b3be1 {\r\ndisplay: block;\r\n}\r\n}\r\n@media screen and (min-width: 993px) and (max-width: 1200px) {\r\n.fivgw69f53c82b3be1 {\r\ndisplay: block;\r\n}\r\n}\r\n@media screen and (min-width: 769px) and (max-width: 992px) {\r\n.fivgw69f53c82b3be1 {\r\ndisplay: block;\r\n}\r\n}\r\n@media screen and (min-width: 768px) and (max-width: 768px) {\r\n.fivgw69f53c82b3be1 {\r\ndisplay: none;\r\n}\r\n}\r\n@media screen and (max-width: 767px) {\r\n.fivgw69f53c82b3be1 {\r\ndisplay: none;\r\n}\r\n}\r\n<\/style>\r\n\n\n\n\n<p>O procurador-geral Augusto Aras quer ainda acesso os registros dos certificados digitais e assinaturas das autoridades que assinam o decreto de exonera\u00e7\u00e3o de Maur\u00edcio Leite Valeixo. E, se houver, documento de Valeixo pedindo a exonera\u00e7\u00e3o ao presidente da Rep\u00fablica.<\/p>\n\n\n\n<p>Inicialmente, o decreto foi publicado no &#8220;Di\u00e1rio Oficial da Uni\u00e3o&#8221; com as assinaturas digitais de Jair Bolsonaro e Sergio Moro. Em coletiva, horas depois, Moro negou que tivesse assinado o documento, indicando poss\u00edvel fraude na publica\u00e7\u00e3o.<\/p>\n\n\n\n<p>No mesmo dia, uma edi\u00e7\u00e3o extra do &#8220;Di\u00e1rio Oficial&#8221; republicou o ato, desta vez assinado por Bolsonaro e pelos ministros Walter Souza Braga Netto (Casa Civil) e Jorge Oliveira (Secretaria-Geral). Na justificativa oficial, constou que o texto foi reeditado por &#8220;erro material&#8221;.<\/p>\n\n\n\n<p>O Minist\u00e9rio P\u00fablico prop\u00f5e, ainda, que seja feito um laudo pericial dos dados contidos no telefone do ex-ministro S\u00e9rgio Moro.<\/p>\n\n\n\n<p>G1<\/p>\n","protected":false},"excerpt":{"rendered":"<p>O ministro do Supremo Tribunal Federal (STF)\u00a0Celso de Mello\u00a0autorizou nesta ter\u00e7a-feira (5) novas medidas no\u00a0inqu\u00e9rito que apura a suposta interfer\u00eancia\u00a0do presidente Jair Bolsonaro na autonomia da Pol\u00edcia Federal, a partir das declara\u00e7\u00f5es do ex-ministro S\u00e9rgio Moro. Ele deu 20 dias para a execu\u00e7\u00e3o das novas medidas, solicitadas pela Procuradoria Geral da Rep\u00fablica (PGR). A PGR&nbsp;pediu<br \/><a class=\"more-link\" href=\"https:\/\/justicapotiguar.com.br\/index.php\/2020\/05\/05\/stf-autoriza-novos-depoimentos-no-inquerito-sobre-suposta-interferencia-de-bolsonaro-na-pf\/\">Mais&#8230;<\/a><\/p>\n","protected":false},"author":5,"featured_media":221,"comment_status":"open","ping_status":"open","sticky":false,"template":"","format":"standard","meta":[],"categories":[3],"tags":[],"_links":{"self":[{"href":"https:\/\/justicapotiguar.com.br\/index.php\/wp-json\/wp\/v2\/posts\/9292"}],"collection":[{"href":"https:\/\/justicapotiguar.com.br\/index.php\/wp-json\/wp\/v2\/posts"}],"about":[{"href":"https:\/\/justicapotiguar.com.br\/index.php\/wp-json\/wp\/v2\/types\/post"}],"author":[{"embeddable":true,"href":"https:\/\/justicapotiguar.com.br\/index.php\/wp-json\/wp\/v2\/users\/5"}],"replies":[{"embeddable":true,"href":"https:\/\/justicapotiguar.com.br\/index.php\/wp-json\/wp\/v2\/comments?post=9292"}],"version-history":[{"count":1,"href":"https:\/\/justicapotiguar.com.br\/index.php\/wp-json\/wp\/v2\/posts\/9292\/revisions"}],"predecessor-version":[{"id":9293,"href":"https:\/\/justicapotiguar.com.br\/index.php\/wp-json\/wp\/v2\/posts\/9292\/revisions\/9293"}],"wp:featuredmedia":[{"embeddable":true,"href":"https:\/\/justicapotiguar.com.br\/index.php\/wp-json\/wp\/v2\/media\/221"}],"wp:attachment":[{"href":"https:\/\/justicapotiguar.com.br\/index.php\/wp-json\/wp\/v2\/media?parent=9292"}],"wp:term":[{"taxonomy":"category","embeddable":true,"href":"https:\/\/justicapotiguar.com.br\/index.php\/wp-json\/wp\/v2\/categories?post=9292"},{"taxonomy":"post_tag","embeddable":true,"href":"https:\/\/justicapotiguar.com.br\/index.php\/wp-json\/wp\/v2\/tags?post=9292"}],"curies":[{"name":"wp","href":"https:\/\/api.w.org\/{rel}","templated":true}]}}