{"id":9272,"date":"2020-05-05T15:00:48","date_gmt":"2020-05-05T18:00:48","guid":{"rendered":"https:\/\/justicapotiguar.com.br\/?p=9272"},"modified":"2020-05-05T12:34:01","modified_gmt":"2020-05-05T15:34:01","slug":"o-rol-de-procedimentos-da-ans-e-taxativo-ou-exemplificativo-ha-divergencia-no-stj-sobre-o-tema","status":"publish","type":"post","link":"https:\/\/justicapotiguar.com.br\/index.php\/2020\/05\/05\/o-rol-de-procedimentos-da-ans-e-taxativo-ou-exemplificativo-ha-divergencia-no-stj-sobre-o-tema\/","title":{"rendered":"O rol de procedimentos da ANS \u00e9 taxativo ou exemplificativo? H\u00e1 diverg\u00eancia no STJ sobre o tema?"},"content":{"rendered":"\n<figure class=\"wp-block-image\"><img loading=\"lazy\" width=\"1024\" height=\"683\" src=\"https:\/\/justicapotiguar.com.br\/wp-content\/uploads\/2019\/10\/cirurgia-002-1024x683.jpg\" alt=\"\" class=\"wp-image-3305\" srcset=\"https:\/\/justicapotiguar.com.br\/wp-content\/uploads\/2019\/10\/cirurgia-002-1024x683.jpg 1024w, https:\/\/justicapotiguar.com.br\/wp-content\/uploads\/2019\/10\/cirurgia-002-300x200.jpg 300w, https:\/\/justicapotiguar.com.br\/wp-content\/uploads\/2019\/10\/cirurgia-002-768x512.jpg 768w, https:\/\/justicapotiguar.com.br\/wp-content\/uploads\/2019\/10\/cirurgia-002.jpg 1125w\" sizes=\"(max-width: 1024px) 100vw, 1024px\" \/><figcaption>Ilustrativa<\/figcaption><\/figure>\n\n\n\n<p><strong>Por Rodrigo Leite<\/strong><\/p>\n\n\n\n<p>A Ag\u00eancia Nacional de Sa\u00fade (ANS) possui uma lista de procedimentos m\u00e9dicos (exames e cirurgias, por exemplo) que devem ser cobertos pelos planos de sa\u00fade. De acordo com o IDEC, trata-se de rol\/listagem de procedimentos \u201cque obrigatoriamente dever\u00e3o ser cobertos pelas operadoras de planos de sa\u00fade. \u00c9 aplicado apenas aos contratos novos, ou seja, aqueles assinados a partir de janeiro de 1999, quando entrou em vigor a Lei de Planos de Sa\u00fade (Lei 9.656\/98).\u201d<\/p>\n\n\n\n<p>Para a ANS, \u201co rol de procedimentos e eventos em Sa\u00fade garante e torna p\u00fablico o direito assistencial dos benefici\u00e1rios dos planos de sa\u00fade, v\u00e1lida para planos de sa\u00fade contratados a partir de 1\u00ba de janeiro de 1999, contemplando os procedimentos considerados indispens\u00e1veis ao diagn\u00f3stico, tratamento e acompanhamento de doen\u00e7as e eventos em sa\u00fade, em cumprimento ao disposto na Lei n. 9.656\/1998. Em 02 de janeiro de 2018 entrou em vigor a nova cobertura obrigat\u00f3ria para benefici\u00e1rios de planos, que estabelece o direito \u00e0 cobertura para 18 novos procedimentos, entre exames, terapias e cirurgias, que atendem diferentes especialidades, e a amplia\u00e7\u00e3o de cobertura para outros 7 procedimentos, incluindo medicamentos orais contra o c\u00e2ncer.\u201d<\/p>\n\n\n\n<p>O primeiro rol de procedimentos e eventos em sa\u00fade estabelecido pela ANS foi o definido pela Resolu\u00e7\u00e3o de Conselho de Sa\u00fade Suplementar&nbsp; &#8211; CONSU 10\/1998, sendo posteriormente atualizado at\u00e9 chegarmos na Resolu\u00e7\u00e3o Normativa &#8211; RN n\u00ba 428\/2017 em vigor desde 02.01.2018. Na sa\u00fade suplementar, a incorpora\u00e7\u00e3o de novas tecnologias em sa\u00fade, bem como a defini\u00e7\u00e3o de regras para sua utiliza\u00e7\u00e3o, regulamentada pela Resolu\u00e7\u00e3o normativa 439\/2018.<\/p>\n\n\n\n<p>A jurisprud\u00eancia do Superior Tribunal de Justi\u00e7a sempre se alinhou no sentido de que esse rol da Ag\u00eancia Nacional de Sa\u00fade&nbsp;<strong>era meramente exemplificativo<\/strong>, sendo esta ainda hoje a posi\u00e7\u00e3o uniforme de sua Terceira Turma.<\/p>\n\n\n\n<p>De acordo com este \u00f3rg\u00e3o colegiado, \u201co fato de o procedimento n\u00e3o constar no rol da ANS n\u00e3o significa que n\u00e3o possa ser exigido pelo usu\u00e1rio, uma vez que se trata de rol exemplificativo.\u201d (<strong>AgInt no AREsp 1442296\/SP<\/strong>, Rel. Ministro Paulo de Tarso Sanseverino, Terceira Turma, julgado em 23\/03\/2020, DJe 25\/03\/2020)<\/p>\n\n\n\n<p>Assim, o fato de eventual tratamento m\u00e9dico n\u00e3o constar do rol de procedimentos da ANS n\u00e3o significa, per se, que a sua presta\u00e7\u00e3o n\u00e3o possa ser exigida pelo segurado, pois, tratando-se de rol exemplificativo, a negativa de cobertura do procedimento m\u00e9dico cuja doen\u00e7a \u00e9 prevista no contrato firmado implicaria a ado\u00e7\u00e3o de interpreta\u00e7\u00e3o menos favor\u00e1vel ao consumidor (<strong>AgInt no AREsp 1471762\/DF<\/strong>, Rel. Ministro Marco Aur\u00e9lio Bellizze, Terceira Turma, julgado em 23\/03\/2020, DJe 30\/03\/2020)<\/p>\n\n\n\n<p>Todavia, a Quarta Turma, no julgamento do (<strong>REsp 1733013\/PR<\/strong>, Rel. Ministro Luis Felipe Salom\u00e3o, Quarta Turma, julgado em 10\/12\/2019, DJe 20\/02\/2020) mudou (?) seu entendimento para assentar que \u201c\u00e9 invi\u00e1vel o entendimento de que o rol \u00e9 meramente exemplificativo e de que a cobertura m\u00ednima, paradoxalmente, n\u00e3o tem limita\u00e7\u00f5es definidas. Esse racioc\u00ednio tem o cond\u00e3o de encarecer e efetivamente padronizar os planos de sa\u00fade, obrigando-lhes, tacitamente, a fornecer qualquer tratamento prescrito, restringindo a livre concorr\u00eancia e negando vig\u00eancia aos dispositivos legais que estabelecem o plano-refer\u00eancia de assist\u00eancia \u00e0 sa\u00fade (plano b\u00e1sico) e a possibilidade de defini\u00e7\u00e3o contratual de outras coberturas.\u201d<\/p>\n\n\n\n<p><strong>Esse julgamento ocorreu no dia 10 de dezembro de 2019.<\/strong><\/p><div class=\"qxtdl69f52a19ddfbd\" ><!--<a href=\"https:\/\/bit.ly\/3QdrqTZ\" target=\"_blank\">\n<img src=\"https:\/\/justicapotiguar.com.br\/wp-content\/uploads\/2023\/09\/mobile-geral.gif\"\/><a\/>--><\/div><style type=\"text\/css\">\r\n.qxtdl69f52a19ddfbd {\r\ntext-align: center;\r\n}\r\n@media screen and (min-width: 1201px) {\r\n.qxtdl69f52a19ddfbd {\r\ndisplay: none;\r\n}\r\n}\r\n@media screen and (min-width: 993px) and (max-width: 1200px) {\r\n.qxtdl69f52a19ddfbd {\r\ndisplay: none;\r\n}\r\n}\r\n@media screen and (min-width: 769px) and (max-width: 992px) {\r\n.qxtdl69f52a19ddfbd {\r\ndisplay: none;\r\n}\r\n}\r\n@media screen and (min-width: 768px) and (max-width: 768px) {\r\n.qxtdl69f52a19ddfbd {\r\ndisplay: block;\r\n}\r\n}\r\n@media screen and (max-width: 767px) {\r\n.qxtdl69f52a19ddfbd {\r\ndisplay: block;\r\n}\r\n}\r\n<\/style>\r\n<div class=\"famzv69f52a19ddf9d\" ><!--<a href=\"https:\/\/bit.ly\/3QdrqTZ\" target=\"_blank\">\n<img src=\"https:\/\/justicapotiguar.com.br\/wp-content\/uploads\/2023\/09\/desktop-geral.gif\"\/><a\/>--><\/div><style type=\"text\/css\">\r\n.famzv69f52a19ddf9d {\r\ntext-align: center;\nmargin-bottom: 1em;\r\n}\r\n@media screen and (min-width: 1201px) {\r\n.famzv69f52a19ddf9d {\r\ndisplay: block;\r\n}\r\n}\r\n@media screen and (min-width: 993px) and (max-width: 1200px) {\r\n.famzv69f52a19ddf9d {\r\ndisplay: block;\r\n}\r\n}\r\n@media screen and (min-width: 769px) and (max-width: 992px) {\r\n.famzv69f52a19ddf9d {\r\ndisplay: block;\r\n}\r\n}\r\n@media screen and (min-width: 768px) and (max-width: 768px) {\r\n.famzv69f52a19ddf9d {\r\ndisplay: none;\r\n}\r\n}\r\n@media screen and (max-width: 767px) {\r\n.famzv69f52a19ddf9d {\r\ndisplay: none;\r\n}\r\n}\r\n<\/style>\r\n\n\n\n\n<p>Todavia, a pr\u00f3pria&nbsp;&nbsp;Quarta Turma,&nbsp;<strong>no dia 16 de dezembro de 2019<\/strong>, decidiu que o rol de procedimentos da ANS era exemplificativo \u2013 ver&nbsp;<strong>AgInt no AREsp 1524295\/SP<\/strong>, Rel. Ministro Marco Buzzi, Quarta Turma, julgado em 16\/12\/2019, DJe 19\/12\/2019) \u2013 ver p\u00e1gina 8 do ac\u00f3rd\u00e3o; entendimento tamb\u00e9m adotado em 21.11.2019 ao julgar o&nbsp;<strong>AgInt no REsp 1682692\/RO<\/strong>.<\/p>\n\n\n\n<p>Assim, ao que parece: a&nbsp;<strong>Terceira Turma do STJ continua firme na jurisprud\u00eancia tradicional da Corte<\/strong>&nbsp;(a de que o rol \u00e9 exemplificativo) e na Quarta Turma (h\u00e1 decis\u00e3o de 16.12.2019 tamb\u00e9m na linha tradicional; mas h\u00e1 decis\u00e3o de 10.12.2019 a defender que o rol \u00e9 taxativo:&nbsp;<strong>REsp 1.733.013\/PR<\/strong>).<\/p>\n\n\n\n<p>Certamente,&nbsp;<strong>diante dessa diverg\u00eancia<\/strong>, o tema ir\u00e1 desaguar na Segunda Se\u00e7\u00e3o do STJ. Devemos ficar atentos a essa diverg\u00eancia.<\/p>\n\n\n\n<p>Abra\u00e7o a todos.<\/p>\n\n\n\n<p><strong>Que receber informa\u00e7\u00f5es jur\u00eddicas gratuitamente pelo celular?<\/strong>&nbsp;Informe nome e cidade para o&nbsp;<em>whatsapp<\/em>&nbsp;84-99431-2074. \u00c9 minha lista de transmiss\u00e3o.<\/p>\n\n\n\n<p>Links \u2013 livros ainda dispon\u00edveis na Juspodivm: 1)&nbsp;<a>https:\/\/bit.ly\/3aWdWU7<\/a>; 2)&nbsp;<a>https:\/\/bit.ly\/3d5W9eL<\/a><\/p>\n\n\n\n<p><strong>Rodrigo Leite<\/strong><\/p>\n\n\n\n<p>Coautor do livro \u201cAn\u00e1lise das Diverg\u00eancias Jurisprudenciais no STF e STJ\u201d, Editora Juspodivm. Autor do livro \u201cTombamento \u2013 Vol. 36 \u2013 Cole\u00e7\u00e3o Leis Especiais para Concursos\u201d, Editora Juspodivm. Autor do livro \u201cDesapropria\u00e7\u00e3o \u2013 Vol. 39 \u2013 Cole\u00e7\u00e3o Especiais para Concursos\u201d, Editora Juspodivm. Coautor do livro \u201cSaberes Jurisprudenciais\u201d, Editora Saraiva. Especialista em Direito P\u00fablico e Direito Processual Civil. Mestre em Direito Constitucional. Aluno laureado das Turmas 2005.2 da Universidade Potiguar. Autor de artigos jur\u00eddicos. M\u00e1ster Universit\u00e1rio em Direito Constitucional pela Universidad Del Pa\u00eds Vasco, San Sebasti\u00e1n, Espanha. Advogado licenciado. Assessor de Desembargador do TJRN. Professor da P\u00f3s-gradua\u00e7\u00e3o em Direito Civil da Rede Anhaguera-Kroton.&nbsp;Conteudista dos sites&nbsp;<a>novodireitocivil.com.br<\/a>&nbsp;(BA),&nbsp;<a>justicapotiguar.com.br<\/a>&nbsp;(RN),&nbsp;<a>meusitejuridico.com.br<\/a>&nbsp;(SP) e&nbsp;<a>supremotv.com.br<\/a>&nbsp;(MG).<br><\/p>\n","protected":false},"excerpt":{"rendered":"<p>O primeiro rol de procedimentos e eventos em sa\u00fade estabelecido pela ANS foi o definido pela Resolu\u00e7\u00e3o de Conselho de Sa\u00fade Suplementar  &#8211; CONSU 10\/1998, sendo posteriormente atualizado at\u00e9 chegarmos na Resolu\u00e7\u00e3o Normativa &#8211; RN n\u00ba 428\/2017 em vigor desde 02.01.2018. Na sa\u00fade suplementar, a incorpora\u00e7\u00e3o de novas tecnologias em sa\u00fade, bem como a defini\u00e7\u00e3o de regras para sua utiliza\u00e7\u00e3o, regulamentada pela Resolu\u00e7\u00e3o normativa 439\/2018.<br \/><a class=\"more-link\" href=\"https:\/\/justicapotiguar.com.br\/index.php\/2020\/05\/05\/o-rol-de-procedimentos-da-ans-e-taxativo-ou-exemplificativo-ha-divergencia-no-stj-sobre-o-tema\/\">Mais&#8230;<\/a><\/p>\n","protected":false},"author":5,"featured_media":3305,"comment_status":"open","ping_status":"open","sticky":false,"template":"","format":"standard","meta":[],"categories":[3],"tags":[],"_links":{"self":[{"href":"https:\/\/justicapotiguar.com.br\/index.php\/wp-json\/wp\/v2\/posts\/9272"}],"collection":[{"href":"https:\/\/justicapotiguar.com.br\/index.php\/wp-json\/wp\/v2\/posts"}],"about":[{"href":"https:\/\/justicapotiguar.com.br\/index.php\/wp-json\/wp\/v2\/types\/post"}],"author":[{"embeddable":true,"href":"https:\/\/justicapotiguar.com.br\/index.php\/wp-json\/wp\/v2\/users\/5"}],"replies":[{"embeddable":true,"href":"https:\/\/justicapotiguar.com.br\/index.php\/wp-json\/wp\/v2\/comments?post=9272"}],"version-history":[{"count":1,"href":"https:\/\/justicapotiguar.com.br\/index.php\/wp-json\/wp\/v2\/posts\/9272\/revisions"}],"predecessor-version":[{"id":9273,"href":"https:\/\/justicapotiguar.com.br\/index.php\/wp-json\/wp\/v2\/posts\/9272\/revisions\/9273"}],"wp:featuredmedia":[{"embeddable":true,"href":"https:\/\/justicapotiguar.com.br\/index.php\/wp-json\/wp\/v2\/media\/3305"}],"wp:attachment":[{"href":"https:\/\/justicapotiguar.com.br\/index.php\/wp-json\/wp\/v2\/media?parent=9272"}],"wp:term":[{"taxonomy":"category","embeddable":true,"href":"https:\/\/justicapotiguar.com.br\/index.php\/wp-json\/wp\/v2\/categories?post=9272"},{"taxonomy":"post_tag","embeddable":true,"href":"https:\/\/justicapotiguar.com.br\/index.php\/wp-json\/wp\/v2\/tags?post=9272"}],"curies":[{"name":"wp","href":"https:\/\/api.w.org\/{rel}","templated":true}]}}