{"id":9092,"date":"2020-04-29T10:45:09","date_gmt":"2020-04-29T13:45:09","guid":{"rendered":"https:\/\/justicapotiguar.com.br\/?p=9092"},"modified":"2020-04-29T10:46:34","modified_gmt":"2020-04-29T13:46:34","slug":"celso-de-mello-determina-inquerito-contra-weintraub-por-racismo-contra-chineses","status":"publish","type":"post","link":"https:\/\/justicapotiguar.com.br\/index.php\/2020\/04\/29\/celso-de-mello-determina-inquerito-contra-weintraub-por-racismo-contra-chineses\/","title":{"rendered":"Celso de Mello determina inqu\u00e9rito contra Weintraub por racismo contra chineses"},"content":{"rendered":"\n<p>O ministro Celso de Mello, decano do Supremo Tribunal Federal, determinou nesta quarta-feira (28\/4) a abertura de inqu\u00e9rito contra o ministro da Educa\u00e7\u00e3o Abraham Weintraub por pr\u00e1tica de racismo contra o povo chin\u00eas. O pedido foi feito pela Procuradoria-Geral da Rep\u00fablica.<\/p>\n\n\n\n<figure class=\"wp-block-image\"><img src=\"https:\/\/www.conjur.com.br\/img\/b\/abraham-weintraub-ministro-educa.jpeg\" alt=\"\"\/><figcaption><sup>Marcelo Camargo \/ Ag\u00eancia Brasil<\/sup><br>Abraham Weintraub ofendeu chineses, os maiores parceiros comerciais do Brasil, em postagem no Twitter<\/figcaption><\/figure>\n\n\n\n<p>Celso de Mello desqualificou o sigilo do processo, que passa a ser p\u00fablico e negou a Weintraub o direito de ser ouvido pela autoridade policial no local e hora que lhe aprouver. Esse direito, assinalou o ministro do STF, s\u00f3 assiste a testemunhas e v\u00edtimas, n\u00e3o a investigados.<\/p>\n\n\n\n<p>O motivo do inqu\u00e9rito foi a agress\u00e3o do ministro da Educa\u00e7\u00e3o contra a China. Al\u00e9m de insinuar que a covid-19 seria parte de um plano do pa\u00eds para \u201cdominar o mundo\u201d, ele ridicularizou o que pensa ser o sotaque chin\u00eas, usando o defeito de fala que celebrizou o personagem Cebolinha dos quadrinhos de Maur\u00edcio de Souza. Diante das fortes rea\u00e7\u00f5es contr\u00e1rias, Weintraub apagou a postagem que fizera no Twitter (<a href=\"https:\/\/t.co\/qnTnoYT7JP\">pic.twitter.com\/qnTnoYT7JP<\/a>).<\/p>\n\n\n\n<p>Segundo o Minist\u00e9rio P\u00fablico Federal, a conduta se enquadra no artigo 20 da Lei 7.716\/1989, por praticar, induzir ou incitar a discrimina\u00e7\u00e3o ou preconceito de ra\u00e7a, cor, etnia, religi\u00e3o ou proced\u00eancia nacional. A pena \u00e9 de reclus\u00e3o de um a tr\u00eas anos e multa.<\/p><div class=\"lmjsu69ef6ab3121fb\" ><!--<a href=\"https:\/\/bit.ly\/3QdrqTZ\" target=\"_blank\">\n<img src=\"https:\/\/justicapotiguar.com.br\/wp-content\/uploads\/2023\/09\/mobile-geral.gif\"\/><a\/>--><\/div><style type=\"text\/css\">\r\n.lmjsu69ef6ab3121fb {\r\ntext-align: center;\r\n}\r\n@media screen and (min-width: 1201px) {\r\n.lmjsu69ef6ab3121fb {\r\ndisplay: none;\r\n}\r\n}\r\n@media screen and (min-width: 993px) and (max-width: 1200px) {\r\n.lmjsu69ef6ab3121fb {\r\ndisplay: none;\r\n}\r\n}\r\n@media screen and (min-width: 769px) and (max-width: 992px) {\r\n.lmjsu69ef6ab3121fb {\r\ndisplay: none;\r\n}\r\n}\r\n@media screen and (min-width: 768px) and (max-width: 768px) {\r\n.lmjsu69ef6ab3121fb {\r\ndisplay: block;\r\n}\r\n}\r\n@media screen and (max-width: 767px) {\r\n.lmjsu69ef6ab3121fb {\r\ndisplay: block;\r\n}\r\n}\r\n<\/style>\r\n<div class=\"tzdun69ef6ab3121dc\" ><!--<a href=\"https:\/\/bit.ly\/3QdrqTZ\" target=\"_blank\">\n<img src=\"https:\/\/justicapotiguar.com.br\/wp-content\/uploads\/2023\/09\/desktop-geral.gif\"\/><a\/>--><\/div><style type=\"text\/css\">\r\n.tzdun69ef6ab3121dc {\r\ntext-align: center;\nmargin-bottom: 1em;\r\n}\r\n@media screen and (min-width: 1201px) {\r\n.tzdun69ef6ab3121dc {\r\ndisplay: block;\r\n}\r\n}\r\n@media screen and (min-width: 993px) and (max-width: 1200px) {\r\n.tzdun69ef6ab3121dc {\r\ndisplay: block;\r\n}\r\n}\r\n@media screen and (min-width: 769px) and (max-width: 992px) {\r\n.tzdun69ef6ab3121dc {\r\ndisplay: block;\r\n}\r\n}\r\n@media screen and (min-width: 768px) and (max-width: 768px) {\r\n.tzdun69ef6ab3121dc {\r\ndisplay: none;\r\n}\r\n}\r\n@media screen and (max-width: 767px) {\r\n.tzdun69ef6ab3121dc {\r\ndisplay: none;\r\n}\r\n}\r\n<\/style>\r\n\n\n\n\n<p>O pedido de instaura\u00e7\u00e3o de inqu\u00e9rito vem com solicita\u00e7\u00e3o de &#8220;obten\u00e7\u00e3o dos dados referentes ao acesso que possibilitou a pr\u00e1tica supostamente delituosa&#8221;, como n\u00famero de IP, para comprovar o autor da postagem.<\/p>\n\n\n\n<p>A China reagiu por meio do embaixador no Brasil, Yang Wanming, que chamou Weintraub de racista. Essa foi uma das recentes pol\u00eamicas envolvendo integrantes do governo ou filhos do presidente Jair Bolsonaro em rela\u00e7\u00e3o \u00e0 China, por conta do coronav\u00edrus. H\u00e1 uma escalada da&nbsp;<a href=\"https:\/\/www.conjur.com.br\/2020-abr-04\/escalada-crise-diplomatica-china-maior-parceiro-brasil\" target=\"_blank\" rel=\"noreferrer noopener\">crise diplom\u00e1tica<\/a>&nbsp;com o pa\u00eds asi\u00e1tico.<\/p>\n\n\n\n<p>O pr\u00f3prio Weintraub j\u00e1 foi alvo de&nbsp;<a href=\"https:\/\/www.conjur.com.br\/2020-fev-05\/parlamentares-protocolam-pedido-impeachment-weintraub\" target=\"_blank\" rel=\"noreferrer noopener\">pedido<\/a>&nbsp;de&nbsp;<em>impeachment<\/em>&nbsp;por &#8220;atos incompat\u00edveis com o decoro&#8221; e &#8220;postura ofensiva e permeada de express\u00f5es de baixo cal\u00e3o em redes sociais&#8221;. O pedido foi&nbsp;<a href=\"https:\/\/www.conjur.com.br\/2020-mar-06\/lewandowski-arquiva-pedido-impeachment-weintraub\" target=\"_blank\" rel=\"noreferrer noopener\">arquivado<\/a>&nbsp;pelo ministro Ricardo Lewandowski por falta de legitimidade \u2014 o caminho correto seria via a\u00e7\u00e3o penal p\u00fablica.<\/p>\n\n\n\n<p>Cr\u00edticas feitas pelo ministro da Educa\u00e7\u00e3o \u00e0s universidades p\u00fablicas brasileiras mediante corte de or\u00e7amento tamb\u00e9m motivaram o Minist\u00e9rio P\u00fablico Federal a pedir<a rel=\"noreferrer noopener\" href=\"https:\/\/www.conjur.com.br\/2019-mai-29\/mpf-acusa-ministro-educacao-dano-moral-estudantes\" target=\"_blank\">\u00a0indeniza\u00e7\u00e3o<\/a>\u00a0de R$ 5 milh\u00f5es por danos morais coletivos ao ofender a honra dos alunos e professores de institui\u00e7\u00f5es federais de ensino.<\/p>\n","protected":false},"excerpt":{"rendered":"<p>O pedido foi feito pela Procuradoria-Geral da Rep\u00fablica<br \/><a class=\"more-link\" href=\"https:\/\/justicapotiguar.com.br\/index.php\/2020\/04\/29\/celso-de-mello-determina-inquerito-contra-weintraub-por-racismo-contra-chineses\/\">Mais&#8230;<\/a><\/p>\n","protected":false},"author":5,"featured_media":8601,"comment_status":"open","ping_status":"open","sticky":false,"template":"","format":"standard","meta":[],"categories":[3],"tags":[],"_links":{"self":[{"href":"https:\/\/justicapotiguar.com.br\/index.php\/wp-json\/wp\/v2\/posts\/9092"}],"collection":[{"href":"https:\/\/justicapotiguar.com.br\/index.php\/wp-json\/wp\/v2\/posts"}],"about":[{"href":"https:\/\/justicapotiguar.com.br\/index.php\/wp-json\/wp\/v2\/types\/post"}],"author":[{"embeddable":true,"href":"https:\/\/justicapotiguar.com.br\/index.php\/wp-json\/wp\/v2\/users\/5"}],"replies":[{"embeddable":true,"href":"https:\/\/justicapotiguar.com.br\/index.php\/wp-json\/wp\/v2\/comments?post=9092"}],"version-history":[{"count":1,"href":"https:\/\/justicapotiguar.com.br\/index.php\/wp-json\/wp\/v2\/posts\/9092\/revisions"}],"predecessor-version":[{"id":9093,"href":"https:\/\/justicapotiguar.com.br\/index.php\/wp-json\/wp\/v2\/posts\/9092\/revisions\/9093"}],"wp:featuredmedia":[{"embeddable":true,"href":"https:\/\/justicapotiguar.com.br\/index.php\/wp-json\/wp\/v2\/media\/8601"}],"wp:attachment":[{"href":"https:\/\/justicapotiguar.com.br\/index.php\/wp-json\/wp\/v2\/media?parent=9092"}],"wp:term":[{"taxonomy":"category","embeddable":true,"href":"https:\/\/justicapotiguar.com.br\/index.php\/wp-json\/wp\/v2\/categories?post=9092"},{"taxonomy":"post_tag","embeddable":true,"href":"https:\/\/justicapotiguar.com.br\/index.php\/wp-json\/wp\/v2\/tags?post=9092"}],"curies":[{"name":"wp","href":"https:\/\/api.w.org\/{rel}","templated":true}]}}