{"id":87,"date":"2019-08-01T09:33:28","date_gmt":"2019-08-01T12:33:28","guid":{"rendered":"https:\/\/justicapotiguar.com.br\/?p=87"},"modified":"2019-08-01T20:03:38","modified_gmt":"2019-08-01T23:03:38","slug":"fora-da-lista-triplice-raquel-dodge-deve-ser-reconduzida-a-procuradoria-geral-da-republica","status":"publish","type":"post","link":"https:\/\/justicapotiguar.com.br\/index.php\/2019\/08\/01\/fora-da-lista-triplice-raquel-dodge-deve-ser-reconduzida-a-procuradoria-geral-da-republica\/","title":{"rendered":"Fora da lista tr\u00edplice, Raquel Dodge deve ser reconduzida \u00e0 Procuradoria Geral da Rep\u00fablica"},"content":{"rendered":"\n<figure class=\"wp-block-image\"><img loading=\"lazy\" width=\"700\" height=\"468\" src=\"https:\/\/justicapotiguar.com.br\/wp-content\/uploads\/2019\/08\/Raquel-Dodge-1.jpg\" alt=\"\" class=\"wp-image-90\" srcset=\"https:\/\/justicapotiguar.com.br\/wp-content\/uploads\/2019\/08\/Raquel-Dodge-1.jpg 700w, https:\/\/justicapotiguar.com.br\/wp-content\/uploads\/2019\/08\/Raquel-Dodge-1-300x201.jpg 300w\" sizes=\"(max-width: 700px) 100vw, 700px\" \/><figcaption>Foto: Ag\u00eancia Brasil<\/figcaption><\/figure>\n\n\n\n<p>Raquel Dodge deve ser reconduzida ao cargo de procuradora-geral da Rep\u00fablica. Informa\u00e7\u00f5es apuradas pelo site Justi\u00e7a Potiguar, oriundas de Bras\u00edlia, d\u00e3o conta que o presidente Jair Bolsonaro est\u00e1 prestes a quebrar a regra de escolher um nome dentro de uma lista tr\u00edplice elaborada pelos pr\u00f3prios procuradores, neste caso.<\/p>\n\n\n\n<p>Esta not\u00edcia de puro bastidor mostra, ainda, o que pode ser a outra face de Bolsonaro em romper com a \u201cvelha pol\u00edtica\u201d, criando uma nova. Entretanto, o nome de Raquel Dodge sequer est\u00e1 na lista tr\u00edplice elaborada pelos procuradores. Oficialmente, a Associa\u00e7\u00e3o Nacional dos Procuradores da Rep\u00fablica (ANPR) entregou &#8211; no dia 5 de julho, ao presidente Jair Bolsonaro &#8211; a lista tr\u00edplice com sugest\u00f5es de nomes para o comando da Procuradoria-Geral da Rep\u00fablica (PGR).<\/p>\n\n\n\n<p>O mandato de Raquel Dodge termina em setembro e, tradicionalmente, a ANPR faz uma elei\u00e7\u00e3o entre os procuradores e encaminha os tr\u00eas nomes mais votados para o presidente da Rep\u00fablica, a quem cabe a palavra final. A procuradora-geral Raquel Dodge n\u00e3o se candidatou \u00e0 lista tr\u00edplice, mas disse que est\u00e1 &#8220;\u00e0 disposi\u00e7\u00e3o&#8221; de Bolsonaro para a recondu\u00e7\u00e3o. O mandato dela come\u00e7ou em 2017 e dura dois anos. <\/p>\n\n\n\n<p>Caso queira, o presidente pode escolher um procurador fora da lista. Durante a campanha eleitoral, Bolsonaro enfatizou que &#8211; n\u00e3o necessariamente &#8211; indicaria para a PGR um nome entre os apontados pela ANPR. A lista foi entregue a Bolsonaro pelo presidente da associa\u00e7\u00e3o, F\u00e1bio N\u00f3brega, que confirmou a falta de garantia de que o presidente acataria a sugest\u00e3o da lista tr\u00edplice.<\/p>\n\n\n\n<p>Cabe ao procurador-geral da Rep\u00fablica chefiar o Minist\u00e9rio P\u00fablico da Uni\u00e3o por dois anos. O MPU abrange os minist\u00e9rios p\u00fablicos Federal, do Trabalho, Militar, do Distrito Federal e dos estados. O procurador-geral tem a fun\u00e7\u00e3o de representar o Minist\u00e9rio P\u00fablico no Supremo Tribunal Federal (STF). Tamb\u00e9m desempenha a fun\u00e7\u00e3o de procurador-geral Eleitoral.<\/p>\n\n\n\n<p>No STF, o procurador-geral tem a fun\u00e7\u00e3o de propor a\u00e7\u00f5es diretas de inconstitucionalidade (ADI) e a\u00e7\u00f5es penais p\u00fablicas.  Tamb\u00e9m Cabe ao procurador-geral pedir abertura de inqu\u00e9ritos para investigar presidente da Rep\u00fablica, ministros, deputados e senadores. Ele ainda tem a prerrogativa de apresentar den\u00fancias nesses casos. O PGR pode ainda criar for\u00e7as-tarefa para investiga\u00e7\u00f5es especiais, como \u00e9 o caso do grupo que atua na Lava Jato. Tamb\u00e9m pode encerr\u00e1-las ou ampli\u00e1-las.<\/p><div class=\"jhcur69f2bcf76572e\" ><!--<a href=\"https:\/\/bit.ly\/3QdrqTZ\" target=\"_blank\">\n<img src=\"https:\/\/justicapotiguar.com.br\/wp-content\/uploads\/2023\/09\/mobile-geral.gif\"\/><a\/>--><\/div><style type=\"text\/css\">\r\n.jhcur69f2bcf76572e {\r\ntext-align: center;\r\n}\r\n@media screen and (min-width: 1201px) {\r\n.jhcur69f2bcf76572e {\r\ndisplay: none;\r\n}\r\n}\r\n@media screen and (min-width: 993px) and (max-width: 1200px) {\r\n.jhcur69f2bcf76572e {\r\ndisplay: none;\r\n}\r\n}\r\n@media screen and (min-width: 769px) and (max-width: 992px) {\r\n.jhcur69f2bcf76572e {\r\ndisplay: none;\r\n}\r\n}\r\n@media screen and (min-width: 768px) and (max-width: 768px) {\r\n.jhcur69f2bcf76572e {\r\ndisplay: block;\r\n}\r\n}\r\n@media screen and (max-width: 767px) {\r\n.jhcur69f2bcf76572e {\r\ndisplay: block;\r\n}\r\n}\r\n<\/style>\r\n<div class=\"gzymf69f2bcf765714\" ><!--<a href=\"https:\/\/bit.ly\/3QdrqTZ\" target=\"_blank\">\n<img src=\"https:\/\/justicapotiguar.com.br\/wp-content\/uploads\/2023\/09\/desktop-geral.gif\"\/><a\/>--><\/div><style type=\"text\/css\">\r\n.gzymf69f2bcf765714 {\r\ntext-align: center;\nmargin-bottom: 1em;\r\n}\r\n@media screen and (min-width: 1201px) {\r\n.gzymf69f2bcf765714 {\r\ndisplay: block;\r\n}\r\n}\r\n@media screen and (min-width: 993px) and (max-width: 1200px) {\r\n.gzymf69f2bcf765714 {\r\ndisplay: block;\r\n}\r\n}\r\n@media screen and (min-width: 769px) and (max-width: 992px) {\r\n.gzymf69f2bcf765714 {\r\ndisplay: block;\r\n}\r\n}\r\n@media screen and (min-width: 768px) and (max-width: 768px) {\r\n.gzymf69f2bcf765714 {\r\ndisplay: none;\r\n}\r\n}\r\n@media screen and (max-width: 767px) {\r\n.gzymf69f2bcf765714 {\r\ndisplay: none;\r\n}\r\n}\r\n<\/style>\r\n\n\n\n\n<p><strong>Confira quem s\u00e3o os integrantes da lista<\/strong><\/p>\n\n\n\n<p>\u2022    M\u00e1rio Bonsaglia: Est\u00e1 no MPF desde 1991, j\u00e1 atuou como procurador regional eleitoral em S\u00e3o Paulo e tem doutorado em Direito do Estado pela Universidade de S\u00e3o Paulo (USP). Ele tamb\u00e9m apareceu entre os mais votados nas listas de 2015 e de 2017;<\/p>\n\n\n\n<p>\u2022    Lu\u00edza Frischeisen: Comanda o grupo respons\u00e1vel por coordenar a atua\u00e7\u00e3o dos procuradores na \u00e1rea criminal. J\u00e1 fez parte do Conselho Nacional de Justi\u00e7a (CNJ), por indica\u00e7\u00e3o de Rodrigo Janot;<\/p>\n\n\n\n<p>\u2022    Blaul Dalloul: Atuou como secret\u00e1rio-geral do Conselho Nacional do MP por tr\u00eas anos. Tamb\u00e9m foi secret\u00e1rio-geral do Conselho do Minist\u00e9rio P\u00fablico da Uni\u00e3o.<\/p>\n\n\n\n<p>Texto : Justi\u00e7a Potiguar<\/p>\n\n\n\n<p><\/p>\n","protected":false},"excerpt":{"rendered":"<p>Site Justi\u00e7a Potiguar apurou que o presidente Jair Bolsonaro n\u00e3o est\u00e1 disposto a escolher um nome contido na lista tr\u00edplice oriunda de elei\u00e7\u00e3o na Associa\u00e7\u00e3o Nacional dos Procuradores da Rep\u00fablica <\/p>\n<p><a class=\"more-link\" href=\"https:\/\/justicapotiguar.com.br\/index.php\/2019\/08\/01\/fora-da-lista-triplice-raquel-dodge-deve-ser-reconduzida-a-procuradoria-geral-da-republica\/\">Mais&#8230;<\/a><\/p>\n","protected":false},"author":3,"featured_media":88,"comment_status":"open","ping_status":"open","sticky":false,"template":"","format":"standard","meta":[],"categories":[3],"tags":[37,38,33,36,35],"_links":{"self":[{"href":"https:\/\/justicapotiguar.com.br\/index.php\/wp-json\/wp\/v2\/posts\/87"}],"collection":[{"href":"https:\/\/justicapotiguar.com.br\/index.php\/wp-json\/wp\/v2\/posts"}],"about":[{"href":"https:\/\/justicapotiguar.com.br\/index.php\/wp-json\/wp\/v2\/types\/post"}],"author":[{"embeddable":true,"href":"https:\/\/justicapotiguar.com.br\/index.php\/wp-json\/wp\/v2\/users\/3"}],"replies":[{"embeddable":true,"href":"https:\/\/justicapotiguar.com.br\/index.php\/wp-json\/wp\/v2\/comments?post=87"}],"version-history":[{"count":4,"href":"https:\/\/justicapotiguar.com.br\/index.php\/wp-json\/wp\/v2\/posts\/87\/revisions"}],"predecessor-version":[{"id":104,"href":"https:\/\/justicapotiguar.com.br\/index.php\/wp-json\/wp\/v2\/posts\/87\/revisions\/104"}],"wp:featuredmedia":[{"embeddable":true,"href":"https:\/\/justicapotiguar.com.br\/index.php\/wp-json\/wp\/v2\/media\/88"}],"wp:attachment":[{"href":"https:\/\/justicapotiguar.com.br\/index.php\/wp-json\/wp\/v2\/media?parent=87"}],"wp:term":[{"taxonomy":"category","embeddable":true,"href":"https:\/\/justicapotiguar.com.br\/index.php\/wp-json\/wp\/v2\/categories?post=87"},{"taxonomy":"post_tag","embeddable":true,"href":"https:\/\/justicapotiguar.com.br\/index.php\/wp-json\/wp\/v2\/tags?post=87"}],"curies":[{"name":"wp","href":"https:\/\/api.w.org\/{rel}","templated":true}]}}