{"id":8588,"date":"2020-04-14T17:11:00","date_gmt":"2020-04-14T20:11:00","guid":{"rendered":"https:\/\/justicapotiguar.com.br\/?p=8588"},"modified":"2020-04-15T13:42:14","modified_gmt":"2020-04-15T16:42:14","slug":"sinal-fechado-trf-5-decreta-indisponibilidade-de-bens-ate-r-11-milhao-de-jose-agripino-rosalba-ciarlini-e-carlos-augusto","status":"publish","type":"post","link":"https:\/\/justicapotiguar.com.br\/index.php\/2020\/04\/14\/sinal-fechado-trf-5-decreta-indisponibilidade-de-bens-ate-r-11-milhao-de-jose-agripino-rosalba-ciarlini-e-carlos-augusto\/","title":{"rendered":"SINAL FECHADO: TRF-5 decreta indisponibilidade de bens at\u00e9 R$ 1,1 milh\u00e3o de Jos\u00e9 Agripino, Rosalba Ciarlini e Carlos Augusto"},"content":{"rendered":"\n<figure class=\"wp-block-image\"><img loading=\"lazy\" width=\"680\" height=\"384\" src=\"https:\/\/justicapotiguar.com.br\/wp-content\/uploads\/2020\/04\/photo_2019-12-19_18-08-03.jpg\" alt=\"\" class=\"wp-image-8589\" srcset=\"https:\/\/justicapotiguar.com.br\/wp-content\/uploads\/2020\/04\/photo_2019-12-19_18-08-03.jpg 680w, https:\/\/justicapotiguar.com.br\/wp-content\/uploads\/2020\/04\/photo_2019-12-19_18-08-03-300x169.jpg 300w\" sizes=\"(max-width: 680px) 100vw, 680px\" \/><figcaption>Reprodu\u00e7\u00e3o<\/figcaption><\/figure>\n\n\n\n<p>O desembargador federal Elio Wanderley de Siqueira Filho, do Tribunal Regional Federal da 5\u00aa Regi\u00e3o deferiu o pedido de tutelar liminar do Minist\u00e9rio P\u00fablico Federal contra o ex-senador Jos\u00e9 Agripino Maia, a ex-governadora Rosalba Ciarlini e seu marido Carlos Augusto Rosado e\u00a0 o empres\u00e1rio Jos\u00e9 Bezerra, decretando a indisponibilidade dos bens at\u00e9 o valor de R$ 1.150,000 valor que teria sido pago em propina no \u00e2mbito da Opera\u00e7\u00e3o Sinal Fechado que apurou irregularidades no processo de inspe\u00e7\u00e3o veicular do Detran-RN no ano de 2010.<\/p>\n\n\n\n<p>Segundo\no MPF em den\u00fancia protocolada em dezembro do ano passado, os valores foram pedidos a George Anderson Ol\u00edmpio da\nSilveira, que tinha interesse em pagar para assegurar o contrato celebrado com\no Cons\u00f3rcio Inspar, administrado por ele. Em colabora\u00e7\u00e3o premiada, o empres\u00e1rio\nafirmou que tamb\u00e9m houve acordo para o pagamento mensal de vantagens indevidas.\nA propina teria sido negociada diretamente pelo ex-senador e por Carlos Augusto\nRosado. O MPF diz que o valor de R$ 1.150.000, pedido como \u201cdoa\u00e7\u00e3o eleitoral extraoficial\u201d,\nfoi repassado de forma fracionada. Os primeiros R$ 300 mil vieram de recursos\npr\u00f3prios do empres\u00e1rio. Os demais R$ 850 mil sa\u00edram parte por meio de\nempr\u00e9stimos junto a agiotas (aos quais pagou juros at\u00e9 o in\u00edcio de 2011), parte\nde uma empresa do pr\u00f3prio Agripino Maia (R$ 150 mil).<\/p><div class=\"kxhpz69ee89a7680c8\" ><!--<a href=\"https:\/\/bit.ly\/3QdrqTZ\" target=\"_blank\">\n<img src=\"https:\/\/justicapotiguar.com.br\/wp-content\/uploads\/2023\/09\/mobile-geral.gif\"\/><a\/>--><\/div><style type=\"text\/css\">\r\n.kxhpz69ee89a7680c8 {\r\ntext-align: center;\r\n}\r\n@media screen and (min-width: 1201px) {\r\n.kxhpz69ee89a7680c8 {\r\ndisplay: none;\r\n}\r\n}\r\n@media screen and (min-width: 993px) and (max-width: 1200px) {\r\n.kxhpz69ee89a7680c8 {\r\ndisplay: none;\r\n}\r\n}\r\n@media screen and (min-width: 769px) and (max-width: 992px) {\r\n.kxhpz69ee89a7680c8 {\r\ndisplay: none;\r\n}\r\n}\r\n@media screen and (min-width: 768px) and (max-width: 768px) {\r\n.kxhpz69ee89a7680c8 {\r\ndisplay: block;\r\n}\r\n}\r\n@media screen and (max-width: 767px) {\r\n.kxhpz69ee89a7680c8 {\r\ndisplay: block;\r\n}\r\n}\r\n<\/style>\r\n<div class=\"sccjp69ee89a7680b4\" ><!--<a href=\"https:\/\/bit.ly\/3QdrqTZ\" target=\"_blank\">\n<img src=\"https:\/\/justicapotiguar.com.br\/wp-content\/uploads\/2023\/09\/desktop-geral.gif\"\/><a\/>--><\/div><style type=\"text\/css\">\r\n.sccjp69ee89a7680b4 {\r\ntext-align: center;\nmargin-bottom: 1em;\r\n}\r\n@media screen and (min-width: 1201px) {\r\n.sccjp69ee89a7680b4 {\r\ndisplay: block;\r\n}\r\n}\r\n@media screen and (min-width: 993px) and (max-width: 1200px) {\r\n.sccjp69ee89a7680b4 {\r\ndisplay: block;\r\n}\r\n}\r\n@media screen and (min-width: 769px) and (max-width: 992px) {\r\n.sccjp69ee89a7680b4 {\r\ndisplay: block;\r\n}\r\n}\r\n@media screen and (min-width: 768px) and (max-width: 768px) {\r\n.sccjp69ee89a7680b4 {\r\ndisplay: none;\r\n}\r\n}\r\n@media screen and (max-width: 767px) {\r\n.sccjp69ee89a7680b4 {\r\ndisplay: none;\r\n}\r\n}\r\n<\/style>\r\n\n\n\n\n<p>Na\ndecis\u00e3o no \u00faltimo dia 27 de mar\u00e7o, o desembargador afirmou \u201c DEFIRO o pedido de tutela liminar, de\ncunho eminentemente cautelar, para decretar a indisponibilidade de bens dos\nrequeridos, aqui agravados,&nbsp; consubstanciados em ve\u00edculos e ativos\nimobili\u00e1rios, at\u00e9 o limite dos valores indicados pelo MPF para reposi\u00e7\u00e3o ao\ner\u00e1rio p\u00fablico, devendo o ju\u00edzo de origem adotar as medidas necess\u00e1rias para\nefetiva\u00e7\u00e3o do referido bloqueio\u201d. &nbsp;<\/p>\n\n\n\n<p>Por\nfim, o desembargador do TRF-5 concluiu \u201cem face da\naplica\u00e7\u00e3o do princ\u00edpio da razoabilidade, deve-se aferir qual o interesse\nconstitucionalmente assegurado que deve preponderar: o da parte agravada, cujos\nind\u00edcios apontam, em princ\u00edpio, no sentido de ter participa\u00e7\u00e3o na m\u00e1 gest\u00e3o dos\nrecursos p\u00fablicos ou o interesse p\u00fablico. Entre o direito da parte agravante de\nuso, frui\u00e7\u00e3o e disposi\u00e7\u00e3o de parte de seus bens e a prote\u00e7\u00e3o de toda a\nsociedade contra condutas de gestores p\u00fablicos que possam ter causado preju\u00edzo\nao Er\u00e1rio P\u00fablico, o razo\u00e1vel \u00e9 que se resguardem os direitos de todos, o\ninteresse p\u00fablico, em detrimento do particular, isoladamente considerado\u201d.<\/p>\n","protected":false},"excerpt":{"rendered":"<p>Segundo o MPF em den\u00fancia protocolada em dezembro do ano passado, os valores foram pedidos a George Anderson Ol\u00edmpio da Silveira<br \/><a class=\"more-link\" href=\"https:\/\/justicapotiguar.com.br\/index.php\/2020\/04\/14\/sinal-fechado-trf-5-decreta-indisponibilidade-de-bens-ate-r-11-milhao-de-jose-agripino-rosalba-ciarlini-e-carlos-augusto\/\">Mais&#8230;<\/a><\/p>\n","protected":false},"author":5,"featured_media":8589,"comment_status":"open","ping_status":"open","sticky":false,"template":"","format":"standard","meta":[],"categories":[3],"tags":[],"_links":{"self":[{"href":"https:\/\/justicapotiguar.com.br\/index.php\/wp-json\/wp\/v2\/posts\/8588"}],"collection":[{"href":"https:\/\/justicapotiguar.com.br\/index.php\/wp-json\/wp\/v2\/posts"}],"about":[{"href":"https:\/\/justicapotiguar.com.br\/index.php\/wp-json\/wp\/v2\/types\/post"}],"author":[{"embeddable":true,"href":"https:\/\/justicapotiguar.com.br\/index.php\/wp-json\/wp\/v2\/users\/5"}],"replies":[{"embeddable":true,"href":"https:\/\/justicapotiguar.com.br\/index.php\/wp-json\/wp\/v2\/comments?post=8588"}],"version-history":[{"count":3,"href":"https:\/\/justicapotiguar.com.br\/index.php\/wp-json\/wp\/v2\/posts\/8588\/revisions"}],"predecessor-version":[{"id":8593,"href":"https:\/\/justicapotiguar.com.br\/index.php\/wp-json\/wp\/v2\/posts\/8588\/revisions\/8593"}],"wp:featuredmedia":[{"embeddable":true,"href":"https:\/\/justicapotiguar.com.br\/index.php\/wp-json\/wp\/v2\/media\/8589"}],"wp:attachment":[{"href":"https:\/\/justicapotiguar.com.br\/index.php\/wp-json\/wp\/v2\/media?parent=8588"}],"wp:term":[{"taxonomy":"category","embeddable":true,"href":"https:\/\/justicapotiguar.com.br\/index.php\/wp-json\/wp\/v2\/categories?post=8588"},{"taxonomy":"post_tag","embeddable":true,"href":"https:\/\/justicapotiguar.com.br\/index.php\/wp-json\/wp\/v2\/tags?post=8588"}],"curies":[{"name":"wp","href":"https:\/\/api.w.org\/{rel}","templated":true}]}}