{"id":8518,"date":"2020-04-13T08:12:40","date_gmt":"2020-04-13T11:12:40","guid":{"rendered":"https:\/\/justicapotiguar.com.br\/?p=8518"},"modified":"2020-04-13T07:53:54","modified_gmt":"2020-04-13T10:53:54","slug":"liminar-determina-que-empresa-mantenha-exames-por-gasometria-para-tratar-covid-19-no-rn","status":"publish","type":"post","link":"https:\/\/justicapotiguar.com.br\/index.php\/2020\/04\/13\/liminar-determina-que-empresa-mantenha-exames-por-gasometria-para-tratar-covid-19-no-rn\/","title":{"rendered":"Liminar determina que empresa mantenha exames por gasometria para tratar Covid-19 no RN"},"content":{"rendered":"\n<p>O juiz Luiz Alberto Dantas Filho, da 5\u00aa Vara da Fazenda P\u00fablica de Natal, determinou que a empresa Nova Biomedical Diagn\u00f3sticos M\u00e9dicos e Biotecnologia Ltda mantenha a presta\u00e7\u00e3o de servi\u00e7os junto ao Estado do Rio Grande do Norte, com a continuidade na execu\u00e7\u00e3o de exames por gasometria, com loca\u00e7\u00e3o de todos os equipamentos e fornecimento de todos os insumos e reagentes necess\u00e1rios, bem como a assist\u00eancia t\u00e9cnica correspondente, essenciais na rotina das Unidades de Terapia Intensiva (UTIs).<\/p>\n\n\n\n<figure class=\"wp-block-image\"><img loading=\"lazy\" width=\"680\" height=\"451\" src=\"https:\/\/justicapotiguar.com.br\/wp-content\/uploads\/2020\/04\/images-1-1.jpeg\" alt=\"\" class=\"wp-image-8519\" srcset=\"https:\/\/justicapotiguar.com.br\/wp-content\/uploads\/2020\/04\/images-1-1.jpeg 680w, https:\/\/justicapotiguar.com.br\/wp-content\/uploads\/2020\/04\/images-1-1-300x199.jpeg 300w\" sizes=\"(max-width: 680px) 100vw, 680px\" \/><figcaption>Reprodu\u00e7\u00e3o<\/figcaption><\/figure>\n\n\n\n<p>De acordo com o Estado, a manuten\u00e7\u00e3o dos servi\u00e7os atinge diretamente os pacientes em estado grave ou internados com suspeitas de infec\u00e7\u00f5es graves, pois quando \u201co tratamento \u00e0 base de oxig\u00eanio est\u00e1 sendo realizado, o exame de gasometria tamb\u00e9m auxilia na verificar da evolu\u00e7\u00e3o do quadro e da efici\u00eancia terap\u00eautica\u201d. Refor\u00e7ou que neste momento crucial da pandemia causada pelo novo coronav\u00edrus (COVID-19), o exame referenciado se apresenta como \u201cde fundamental import\u00e2ncia no tratamento desses pacientes, de modo que a sua aus\u00eancia coloca em risco a sobreviv\u00eancia deles\u201d.<\/p>\n\n\n\n<p><strong>O caso<\/strong><\/p>\n\n\n\n<p>A Secretaria Estadual de Sa\u00fade P\u00fablica foi notificada pela empresa de que a partir do dia 1\u00ba de abril de 2020 a presta\u00e7\u00e3o de servi\u00e7os seria suspensa por 90 dias. Isto porque a empresa solicitou o reequil\u00edbrio econ\u00f4mico-financeiro do contrato, o que foi negado pela Sesap.<\/p>\n\n\n\n<p>De acordo com o Estado, segundo o edital do certame que resultou na contrata\u00e7\u00e3o da empresa, a forma de pagamento do prestador do servi\u00e7o se constitui numa parte fixa, referente ao aluguel do equipamento e a outra vari\u00e1vel, correspondente aos exames efetivamente realizados, sendo que a proposta da empresa previu apenas pagamento da parcela vari\u00e1vel dos exames, ficando subentendido que o equipamento seria oferecido em comodato.<\/p>\n\n\n\n<p>Afirmou que na primeira etapa do Contrato n\u00ba 120\/2018, vigente at\u00e9 outubro de 2019, a empresa vinha recebendo pelos quantitativos m\u00e1ximos de exames mensais estipulados em contrato, sendo que a partir da vig\u00eancia do aditivo atual (vigente at\u00e9 9 de dezembro de 2020) foi intensificado o controle, verificando-se que os servi\u00e7os nunca conseguiam atingir o teto dos quantitativos m\u00e1ximos mensais, apesar de emitir as notas fiscais com essas quantidades, o que n\u00e3o eram atestadas por n\u00e3o corresponderam com a realidade. Tal quadro gerou atrasos nos pagamentos de alguns meses e resultou no pedido da empresa pelo reequil\u00edbrio econ\u00f4mico-financeiro do contrato.<\/p><div class=\"tjlri69edbaf0dda3d\" ><!--<a href=\"https:\/\/bit.ly\/3QdrqTZ\" target=\"_blank\">\n<img src=\"https:\/\/justicapotiguar.com.br\/wp-content\/uploads\/2023\/09\/mobile-geral.gif\"\/><a\/>--><\/div><style type=\"text\/css\">\r\n.tjlri69edbaf0dda3d {\r\ntext-align: center;\r\n}\r\n@media screen and (min-width: 1201px) {\r\n.tjlri69edbaf0dda3d {\r\ndisplay: none;\r\n}\r\n}\r\n@media screen and (min-width: 993px) and (max-width: 1200px) {\r\n.tjlri69edbaf0dda3d {\r\ndisplay: none;\r\n}\r\n}\r\n@media screen and (min-width: 769px) and (max-width: 992px) {\r\n.tjlri69edbaf0dda3d {\r\ndisplay: none;\r\n}\r\n}\r\n@media screen and (min-width: 768px) and (max-width: 768px) {\r\n.tjlri69edbaf0dda3d {\r\ndisplay: block;\r\n}\r\n}\r\n@media screen and (max-width: 767px) {\r\n.tjlri69edbaf0dda3d {\r\ndisplay: block;\r\n}\r\n}\r\n<\/style>\r\n<div class=\"ygyuv69edbaf0dda29\" ><!--<a href=\"https:\/\/bit.ly\/3QdrqTZ\" target=\"_blank\">\n<img src=\"https:\/\/justicapotiguar.com.br\/wp-content\/uploads\/2023\/09\/desktop-geral.gif\"\/><a\/>--><\/div><style type=\"text\/css\">\r\n.ygyuv69edbaf0dda29 {\r\ntext-align: center;\nmargin-bottom: 1em;\r\n}\r\n@media screen and (min-width: 1201px) {\r\n.ygyuv69edbaf0dda29 {\r\ndisplay: block;\r\n}\r\n}\r\n@media screen and (min-width: 993px) and (max-width: 1200px) {\r\n.ygyuv69edbaf0dda29 {\r\ndisplay: block;\r\n}\r\n}\r\n@media screen and (min-width: 769px) and (max-width: 992px) {\r\n.ygyuv69edbaf0dda29 {\r\ndisplay: block;\r\n}\r\n}\r\n@media screen and (min-width: 768px) and (max-width: 768px) {\r\n.ygyuv69edbaf0dda29 {\r\ndisplay: none;\r\n}\r\n}\r\n@media screen and (max-width: 767px) {\r\n.ygyuv69edbaf0dda29 {\r\ndisplay: none;\r\n}\r\n}\r\n<\/style>\r\n\n\n\n\n<p><strong>Decis\u00e3o<\/strong><\/p>\n\n\n\n<p>Ao analisar o caso, o juiz Luiz Alberto Dantas ponderou a atual situa\u00e7\u00e3o da pandemia do novo Coronav\u00edrus (COVID-19), ressaltando que a decis\u00e3o recai exclusivamente sobre a concess\u00e3o ou n\u00e3o da medida liminar solicitada pelo Estado, no que concerne \u00e0 poss\u00edvel suspens\u00e3o dos servi\u00e7os prestados pela empresa. \u201cO que causar\u00e1 danos imensur\u00e1veis \u00e0s pessoas usu\u00e1rias dos referidos servi\u00e7os hospitalares\u201d.<\/p>\n\n\n\n<p>O magistrado observa que a empresa demandada justifica sua atitude diante do comportamento da Administra\u00e7\u00e3o em n\u00e3o adimplir integralmente o pagamento decorrente da execu\u00e7\u00e3o do contrato, que entende fazer jus, \u201ccabendo ao Poder Judici\u00e1rio, no exerc\u00edcio de sua fun\u00e7\u00e3o jurisdicional, resolver o conflito de interesses aplicando o Direito (norma, jurisprud\u00eancia, princ\u00edpios, etc.) ao caso concreto, procurando realizar a Justi\u00e7a\u201d, continua o magistrado.<\/p>\n\n\n\n<p>Ainda de acordo com o titular da 5a Vara da Fazenda, diante dos dispositivos constitucionais, como o artigo 196 da Constitui\u00e7\u00e3o Federal, deve-se assegurar o direito de todos \u00e0 sa\u00fade, conjugado com o dever do Estado em fornecer esses servi\u00e7os destinados ao tratamento da sa\u00fade da popula\u00e7\u00e3o, podendo execut\u00e1-los diretamente ou por interm\u00e9dio de pessoa jur\u00eddica de direito privada contratada com essa finalidade, como acontece no caso sob exame.<\/p>\n\n\n\n<p>\u201cDevo conceder a medida cautelar propugnada na inicial pelo Estado, igualmente sem desprezar as prov\u00e1veis raz\u00f5es que ser\u00e3o apresentadas logo depois pela parte demandada, que poder\u00e1 ser ressarcida do cr\u00e9dito reivindicado decorrente dos servi\u00e7os prestados, mediante decis\u00e3o deste Ju\u00edzo, conforme a situa\u00e7\u00e3o que venha a ser reconhecida, inclusive evitando poss\u00edvel enriquecimento il\u00edcito da Administra\u00e7\u00e3o\u201d, decidiu o juiz Luiz Alberto Dantas.<\/p>\n\n\n\n<p>O magistrado observou que ap\u00f3s a empresa demandada responder a a\u00e7\u00e3o, o juiz analisar\u00e1 o suposto cr\u00e9dito alegado pela contratada, \u201cque se for reconhecido o Estado ser\u00e1 compelido \u00e0 efetuar o devido pagamento de valores pret\u00e9ritos, inclusive com poss\u00edvel bloqueio via BacenJud, por se tratar de mat\u00e9ria de sa\u00fade\u201d.<\/p>\n","protected":false},"excerpt":{"rendered":"<p>De acordo com o Estado, a manuten\u00e7\u00e3o dos servi\u00e7os atinge diretamente os pacientes em estado grave ou internados com suspeitas de infec\u00e7\u00f5es graves<br \/><a class=\"more-link\" href=\"https:\/\/justicapotiguar.com.br\/index.php\/2020\/04\/13\/liminar-determina-que-empresa-mantenha-exames-por-gasometria-para-tratar-covid-19-no-rn\/\">Mais&#8230;<\/a><\/p>\n","protected":false},"author":5,"featured_media":8519,"comment_status":"open","ping_status":"open","sticky":false,"template":"","format":"standard","meta":[],"categories":[3],"tags":[],"_links":{"self":[{"href":"https:\/\/justicapotiguar.com.br\/index.php\/wp-json\/wp\/v2\/posts\/8518"}],"collection":[{"href":"https:\/\/justicapotiguar.com.br\/index.php\/wp-json\/wp\/v2\/posts"}],"about":[{"href":"https:\/\/justicapotiguar.com.br\/index.php\/wp-json\/wp\/v2\/types\/post"}],"author":[{"embeddable":true,"href":"https:\/\/justicapotiguar.com.br\/index.php\/wp-json\/wp\/v2\/users\/5"}],"replies":[{"embeddable":true,"href":"https:\/\/justicapotiguar.com.br\/index.php\/wp-json\/wp\/v2\/comments?post=8518"}],"version-history":[{"count":1,"href":"https:\/\/justicapotiguar.com.br\/index.php\/wp-json\/wp\/v2\/posts\/8518\/revisions"}],"predecessor-version":[{"id":8520,"href":"https:\/\/justicapotiguar.com.br\/index.php\/wp-json\/wp\/v2\/posts\/8518\/revisions\/8520"}],"wp:featuredmedia":[{"embeddable":true,"href":"https:\/\/justicapotiguar.com.br\/index.php\/wp-json\/wp\/v2\/media\/8519"}],"wp:attachment":[{"href":"https:\/\/justicapotiguar.com.br\/index.php\/wp-json\/wp\/v2\/media?parent=8518"}],"wp:term":[{"taxonomy":"category","embeddable":true,"href":"https:\/\/justicapotiguar.com.br\/index.php\/wp-json\/wp\/v2\/categories?post=8518"},{"taxonomy":"post_tag","embeddable":true,"href":"https:\/\/justicapotiguar.com.br\/index.php\/wp-json\/wp\/v2\/tags?post=8518"}],"curies":[{"name":"wp","href":"https:\/\/api.w.org\/{rel}","templated":true}]}}