{"id":8501,"date":"2020-04-12T11:46:47","date_gmt":"2020-04-12T14:46:47","guid":{"rendered":"https:\/\/justicapotiguar.com.br\/?p=8501"},"modified":"2020-04-11T21:48:23","modified_gmt":"2020-04-12T00:48:23","slug":"juiza-reconhece-legitima-defesa-e-absolve-acusado-de-agredir-mulher","status":"publish","type":"post","link":"https:\/\/justicapotiguar.com.br\/index.php\/2020\/04\/12\/juiza-reconhece-legitima-defesa-e-absolve-acusado-de-agredir-mulher\/","title":{"rendered":"Ju\u00edza reconhece leg\u00edtima defesa e absolve acusado de agredir mulher"},"content":{"rendered":"\n<p>Por entender que houve leg\u00edtima defesa, a ju\u00edza\u00a0Raphaella Benetti da Cunha Rios, da 1\u00aa Vara Criminal de Arapongas (PR), absolveu um homem denunciado por les\u00e3o corporal contra mulher ap\u00f3s agredir sua companheira, com quem tem uma filha.<\/p>\n\n\n\n<figure class=\"wp-block-image\"><img loading=\"lazy\" width=\"1024\" height=\"683\" src=\"https:\/\/justicapotiguar.com.br\/wp-content\/uploads\/2019\/09\/violencis-domestica-20131019-003-1024x683.jpg\" alt=\"\" class=\"wp-image-2336\" srcset=\"https:\/\/justicapotiguar.com.br\/wp-content\/uploads\/2019\/09\/violencis-domestica-20131019-003-1024x683.jpg 1024w, https:\/\/justicapotiguar.com.br\/wp-content\/uploads\/2019\/09\/violencis-domestica-20131019-003-300x200.jpg 300w, https:\/\/justicapotiguar.com.br\/wp-content\/uploads\/2019\/09\/violencis-domestica-20131019-003-768x512.jpg 768w, https:\/\/justicapotiguar.com.br\/wp-content\/uploads\/2019\/09\/violencis-domestica-20131019-003.jpg 1500w\" sizes=\"(max-width: 1024px) 100vw, 1024px\" \/><figcaption>Reprodu\u00e7\u00e3o<\/figcaption><\/figure>\n\n\n\n<p>Segundo a den\u00fancia, o homem teria desferido diversos socos contra ela ap\u00f3s uma discuss\u00e3o entre eles. Ap\u00f3s representa\u00e7\u00e3o da v\u00edtima, ele chegou a ser preso em flagrante. Depois foi denunciado pelo crime previsto no artigo 129, par\u00e1grafo 9\u00aa, do C\u00f3digo Penal.<\/p>\n\n\n\n<p>Em sua defesa, o homem afirmou agiu em leg\u00edtima defesa. De acordo com sua vers\u00e3o, ap\u00f3s come\u00e7arem a discutir, a mulher come\u00e7ou a agredi-lo e o atacou com uma faca. Ao se defender de forma mais brusca, ele acabou agredindo ela.<\/p>\n\n\n\n<p>Mesmo com a relev\u00e2ncia especial do depoimento da v\u00edtima,&nbsp;a ju\u00edza Raphaella Benetti Rios concluiu que o r\u00e9u deveria ser absolvido. Segundo a ju\u00edza, a ficha m\u00e9dica mostra que o homem possu\u00eda uma s\u00e9rie de escoria\u00e7\u00f5es ocasionadas por uma faca de cozinha.<\/p><div class=\"zqgeu69ee89327972e\" ><!--<a href=\"https:\/\/bit.ly\/3QdrqTZ\" target=\"_blank\">\n<img src=\"https:\/\/justicapotiguar.com.br\/wp-content\/uploads\/2023\/09\/mobile-geral.gif\"\/><a\/>--><\/div><style type=\"text\/css\">\r\n.zqgeu69ee89327972e {\r\ntext-align: center;\r\n}\r\n@media screen and (min-width: 1201px) {\r\n.zqgeu69ee89327972e {\r\ndisplay: none;\r\n}\r\n}\r\n@media screen and (min-width: 993px) and (max-width: 1200px) {\r\n.zqgeu69ee89327972e {\r\ndisplay: none;\r\n}\r\n}\r\n@media screen and (min-width: 769px) and (max-width: 992px) {\r\n.zqgeu69ee89327972e {\r\ndisplay: none;\r\n}\r\n}\r\n@media screen and (min-width: 768px) and (max-width: 768px) {\r\n.zqgeu69ee89327972e {\r\ndisplay: block;\r\n}\r\n}\r\n@media screen and (max-width: 767px) {\r\n.zqgeu69ee89327972e {\r\ndisplay: block;\r\n}\r\n}\r\n<\/style>\r\n<div class=\"dyzfs69ee89327971a\" ><!--<a href=\"https:\/\/bit.ly\/3QdrqTZ\" target=\"_blank\">\n<img src=\"https:\/\/justicapotiguar.com.br\/wp-content\/uploads\/2023\/09\/desktop-geral.gif\"\/><a\/>--><\/div><style type=\"text\/css\">\r\n.dyzfs69ee89327971a {\r\ntext-align: center;\nmargin-bottom: 1em;\r\n}\r\n@media screen and (min-width: 1201px) {\r\n.dyzfs69ee89327971a {\r\ndisplay: block;\r\n}\r\n}\r\n@media screen and (min-width: 993px) and (max-width: 1200px) {\r\n.dyzfs69ee89327971a {\r\ndisplay: block;\r\n}\r\n}\r\n@media screen and (min-width: 769px) and (max-width: 992px) {\r\n.dyzfs69ee89327971a {\r\ndisplay: block;\r\n}\r\n}\r\n@media screen and (min-width: 768px) and (max-width: 768px) {\r\n.dyzfs69ee89327971a {\r\ndisplay: none;\r\n}\r\n}\r\n@media screen and (max-width: 767px) {\r\n.dyzfs69ee89327971a {\r\ndisplay: none;\r\n}\r\n}\r\n<\/style>\r\n\n\n\n\n<p>&#8220;Logo, \u00e9 cr\u00edvel acreditar se que este agiu usando moderadamente dos meios necess\u00e1rios para repelir a agress\u00e3o exercida sobre sua pessoa, preenchendo os requisitos necess\u00e1rios para a incid\u00eancia do instituto da leg\u00edtima defesa, legalmente previsto no artigo 25 do C\u00f3digo Penal&#8221;, afirmou.<\/p>\n\n\n\n<p>Al\u00e9m disso, a ju\u00edza destacou que as agress\u00f5es foram m\u00fatuas, conforme o afirmado pela v\u00edtima\u00a0que disse que arremessou uma s\u00e9rie de objetos no r\u00e9u.\u00a0&#8220;A jurisprud\u00eancia atual determina para que seja imposta a absolvi\u00e7\u00e3o em casos como o presente, em que a situa\u00e7\u00e3o se mostra d\u00fabia&#8221;, concluiu.\u00a0Atuou no caso, como defensor dativo, o advogado\u00a0<strong>Jess\u00e9 Conrado da Silva G\u00f3es<\/strong>.<\/p>\n\n\n\n<p>Conjur<\/p>\n","protected":false},"excerpt":{"rendered":"<p>Segundo a den\u00fancia, o homem teria desferido diversos socos contra ela ap\u00f3s uma discuss\u00e3o entre eles<br \/><a class=\"more-link\" href=\"https:\/\/justicapotiguar.com.br\/index.php\/2020\/04\/12\/juiza-reconhece-legitima-defesa-e-absolve-acusado-de-agredir-mulher\/\">Mais&#8230;<\/a><\/p>\n","protected":false},"author":5,"featured_media":2336,"comment_status":"open","ping_status":"open","sticky":false,"template":"","format":"standard","meta":[],"categories":[3],"tags":[],"_links":{"self":[{"href":"https:\/\/justicapotiguar.com.br\/index.php\/wp-json\/wp\/v2\/posts\/8501"}],"collection":[{"href":"https:\/\/justicapotiguar.com.br\/index.php\/wp-json\/wp\/v2\/posts"}],"about":[{"href":"https:\/\/justicapotiguar.com.br\/index.php\/wp-json\/wp\/v2\/types\/post"}],"author":[{"embeddable":true,"href":"https:\/\/justicapotiguar.com.br\/index.php\/wp-json\/wp\/v2\/users\/5"}],"replies":[{"embeddable":true,"href":"https:\/\/justicapotiguar.com.br\/index.php\/wp-json\/wp\/v2\/comments?post=8501"}],"version-history":[{"count":1,"href":"https:\/\/justicapotiguar.com.br\/index.php\/wp-json\/wp\/v2\/posts\/8501\/revisions"}],"predecessor-version":[{"id":8502,"href":"https:\/\/justicapotiguar.com.br\/index.php\/wp-json\/wp\/v2\/posts\/8501\/revisions\/8502"}],"wp:featuredmedia":[{"embeddable":true,"href":"https:\/\/justicapotiguar.com.br\/index.php\/wp-json\/wp\/v2\/media\/2336"}],"wp:attachment":[{"href":"https:\/\/justicapotiguar.com.br\/index.php\/wp-json\/wp\/v2\/media?parent=8501"}],"wp:term":[{"taxonomy":"category","embeddable":true,"href":"https:\/\/justicapotiguar.com.br\/index.php\/wp-json\/wp\/v2\/categories?post=8501"},{"taxonomy":"post_tag","embeddable":true,"href":"https:\/\/justicapotiguar.com.br\/index.php\/wp-json\/wp\/v2\/tags?post=8501"}],"curies":[{"name":"wp","href":"https:\/\/api.w.org\/{rel}","templated":true}]}}