{"id":8446,"date":"2020-04-09T13:39:17","date_gmt":"2020-04-09T16:39:17","guid":{"rendered":"https:\/\/justicapotiguar.com.br\/?p=8446"},"modified":"2020-04-09T12:50:58","modified_gmt":"2020-04-09T15:50:58","slug":"ministro-salomao-afasta-desembargador-siro-darlan-do-tjrj-por-suspeita-de-venda-de-liminares","status":"publish","type":"post","link":"https:\/\/justicapotiguar.com.br\/index.php\/2020\/04\/09\/ministro-salomao-afasta-desembargador-siro-darlan-do-tjrj-por-suspeita-de-venda-de-liminares\/","title":{"rendered":"Ministro Salom\u00e3o afasta desembargador Siro Darlan, do TJRJ, por suspeita de venda de liminares"},"content":{"rendered":"\n<p>O ministro Luis Felipe Salom\u00e3o, do STJ, decidiu afastar do cargo o desembargador<strong>&nbsp;Siro Darlan<\/strong>, integrante do TJ\/RJ, por 180 dias. S. Exa. tamb\u00e9m determinou quebra do sigilo banc\u00e1rio e fiscal do magistrado, al\u00e9m do bloqueio de bens, carros e im\u00f3veis.<\/p>\n\n\n\n<figure class=\"wp-block-image\"><img src=\"https:\/\/m.migalhas.com.br\/imagem\/53B9736814F4AD18273A9E1029C46B6E1260_sirodarlan.jpg\" alt=\"t\"\/><\/figure>\n\n\n\n<p>A decis\u00e3o foi proferida no bojo da segunda fase da opera\u00e7\u00e3o Plant\u00e3o, deflagrada nesta quinta-feira, 9. Siro Darlan foi alvo da opera\u00e7\u00e3o por suspeita de negociar medidas liminares durante plant\u00f5es.<\/p>\n\n\n\n<p>\u201c<em>H\u00e1 fortes e robustos elementos sobre a pr\u00e1tica de crimes de corrup\u00e7\u00e3o e associa\u00e7\u00e3o criminosa\/organiza\u00e7\u00e3o criminosa pelo Desembargador Siro Darlan de Oliveira, por meio de venda decis\u00f5es judiciais durante os plant\u00f5es presididos pelo magistrado no Tribunal de Justi\u00e7a do Estado do Rio de Janeiro<\/em>.<\/p><div class=\"mllxd69f4fa2ef2ddf\" ><!--<a href=\"https:\/\/bit.ly\/3QdrqTZ\" target=\"_blank\">\n<img src=\"https:\/\/justicapotiguar.com.br\/wp-content\/uploads\/2023\/09\/mobile-geral.gif\"\/><a\/>--><\/div><style type=\"text\/css\">\r\n.mllxd69f4fa2ef2ddf {\r\ntext-align: center;\r\n}\r\n@media screen and (min-width: 1201px) {\r\n.mllxd69f4fa2ef2ddf {\r\ndisplay: none;\r\n}\r\n}\r\n@media screen and (min-width: 993px) and (max-width: 1200px) {\r\n.mllxd69f4fa2ef2ddf {\r\ndisplay: none;\r\n}\r\n}\r\n@media screen and (min-width: 769px) and (max-width: 992px) {\r\n.mllxd69f4fa2ef2ddf {\r\ndisplay: none;\r\n}\r\n}\r\n@media screen and (min-width: 768px) and (max-width: 768px) {\r\n.mllxd69f4fa2ef2ddf {\r\ndisplay: block;\r\n}\r\n}\r\n@media screen and (max-width: 767px) {\r\n.mllxd69f4fa2ef2ddf {\r\ndisplay: block;\r\n}\r\n}\r\n<\/style>\r\n<div class=\"tfgwa69f4fa2ef2dc4\" ><!--<a href=\"https:\/\/bit.ly\/3QdrqTZ\" target=\"_blank\">\n<img src=\"https:\/\/justicapotiguar.com.br\/wp-content\/uploads\/2023\/09\/desktop-geral.gif\"\/><a\/>--><\/div><style type=\"text\/css\">\r\n.tfgwa69f4fa2ef2dc4 {\r\ntext-align: center;\nmargin-bottom: 1em;\r\n}\r\n@media screen and (min-width: 1201px) {\r\n.tfgwa69f4fa2ef2dc4 {\r\ndisplay: block;\r\n}\r\n}\r\n@media screen and (min-width: 993px) and (max-width: 1200px) {\r\n.tfgwa69f4fa2ef2dc4 {\r\ndisplay: block;\r\n}\r\n}\r\n@media screen and (min-width: 769px) and (max-width: 992px) {\r\n.tfgwa69f4fa2ef2dc4 {\r\ndisplay: block;\r\n}\r\n}\r\n@media screen and (min-width: 768px) and (max-width: 768px) {\r\n.tfgwa69f4fa2ef2dc4 {\r\ndisplay: none;\r\n}\r\n}\r\n@media screen and (max-width: 767px) {\r\n.tfgwa69f4fa2ef2dc4 {\r\ndisplay: none;\r\n}\r\n}\r\n<\/style>\r\n\n\n\n\n<p>(&#8230;)\u00a0<em>H\u00e1 elementos concretos da exist\u00eancia de uma estrutura criminosa organizada destinada \u00e0 comercializa\u00e7\u00e3o de decis\u00f5es judiciais no \u00e2mbito do Tribunal de Justi\u00e7a do Estado do Rio de Janeiro, que aparenta ter em seu n\u00facleo decis\u00f3rio o Desembargador Siro Darlan de Oliveira.&#8221;<\/em><\/p>\n\n\n\n<p>Migalhas<\/p>\n","protected":false},"excerpt":{"rendered":"<p>A decis\u00e3o foi proferida no bojo da segunda fase da opera\u00e7\u00e3o Plant\u00e3o, deflagrada nesta quinta-feira, 9<br \/><a class=\"more-link\" href=\"https:\/\/justicapotiguar.com.br\/index.php\/2020\/04\/09\/ministro-salomao-afasta-desembargador-siro-darlan-do-tjrj-por-suspeita-de-venda-de-liminares\/\">Mais&#8230;<\/a><\/p>\n","protected":false},"author":5,"featured_media":711,"comment_status":"open","ping_status":"open","sticky":false,"template":"","format":"standard","meta":[],"categories":[3],"tags":[],"_links":{"self":[{"href":"https:\/\/justicapotiguar.com.br\/index.php\/wp-json\/wp\/v2\/posts\/8446"}],"collection":[{"href":"https:\/\/justicapotiguar.com.br\/index.php\/wp-json\/wp\/v2\/posts"}],"about":[{"href":"https:\/\/justicapotiguar.com.br\/index.php\/wp-json\/wp\/v2\/types\/post"}],"author":[{"embeddable":true,"href":"https:\/\/justicapotiguar.com.br\/index.php\/wp-json\/wp\/v2\/users\/5"}],"replies":[{"embeddable":true,"href":"https:\/\/justicapotiguar.com.br\/index.php\/wp-json\/wp\/v2\/comments?post=8446"}],"version-history":[{"count":1,"href":"https:\/\/justicapotiguar.com.br\/index.php\/wp-json\/wp\/v2\/posts\/8446\/revisions"}],"predecessor-version":[{"id":8447,"href":"https:\/\/justicapotiguar.com.br\/index.php\/wp-json\/wp\/v2\/posts\/8446\/revisions\/8447"}],"wp:featuredmedia":[{"embeddable":true,"href":"https:\/\/justicapotiguar.com.br\/index.php\/wp-json\/wp\/v2\/media\/711"}],"wp:attachment":[{"href":"https:\/\/justicapotiguar.com.br\/index.php\/wp-json\/wp\/v2\/media?parent=8446"}],"wp:term":[{"taxonomy":"category","embeddable":true,"href":"https:\/\/justicapotiguar.com.br\/index.php\/wp-json\/wp\/v2\/categories?post=8446"},{"taxonomy":"post_tag","embeddable":true,"href":"https:\/\/justicapotiguar.com.br\/index.php\/wp-json\/wp\/v2\/tags?post=8446"}],"curies":[{"name":"wp","href":"https:\/\/api.w.org\/{rel}","templated":true}]}}