{"id":8444,"date":"2020-04-09T12:02:39","date_gmt":"2020-04-09T15:02:39","guid":{"rendered":"https:\/\/justicapotiguar.com.br\/?p=8444"},"modified":"2020-04-09T12:02:39","modified_gmt":"2020-04-09T15:02:39","slug":"advogado-envia-ao-stf-noticia-crime-contra-bolsonaro-por-superfaturamento-de-combustivel","status":"publish","type":"post","link":"https:\/\/justicapotiguar.com.br\/index.php\/2020\/04\/09\/advogado-envia-ao-stf-noticia-crime-contra-bolsonaro-por-superfaturamento-de-combustivel\/","title":{"rendered":"Advogado envia ao STF not\u00edcia-crime contra Bolsonaro por superfaturamento de combust\u00edvel"},"content":{"rendered":"\n<p>O Supremo Tribunal Federal recebeu nesta quarta-feira (8\/4) pedido de admiss\u00e3o de not\u00edcia-crime contra o presidente Jair Bolsonaro por superfaturamento em reembolsos da verba de combust\u00edvel a que tinha direito enquanto deputado federal. O documento foi enviado pelo advogado criminalista&nbsp;<strong>Sidney Duran Gon\u00e7alez<\/strong>.<\/p>\n\n\n\n<figure class=\"wp-block-image\"><img src=\"https:\/\/www.conjur.com.br\/img\/b\/jair-bolsonaro10.jpeg\" alt=\"\"\/><figcaption><br><sup>Marcelo Camargo\/Ag\u00eancia Brasil<\/sup><\/figcaption><\/figure>\n\n\n\n<p>A not\u00edcia-crime \u00e9 baseada em den\u00fancia feita pelo jornalista L\u00facio de Castro e&nbsp;<a href=\"http:\/\/agenciasportlight.com.br\/index.php\/2020\/04\/07\/exclusivo-notas-fiscais-revelam-superfaturamento-do-deputado-jair-bolsonaro-em-reembolsos-da-verba-de-combustivel\/?__cf_chl_jschl_tk__=aaad70fdf5133dbe75acf9e25a813ea2f6da3989-1586385757-0-AR9J9i6-qU2iP6lQBtxIWke12i4m0fwRs_JlvKjVXURrHYqmEScJXCWcKmHgUUkbh9mq1uZM4M7NjWNGsuW7n3ko5t5DOhTXozIeT-3eHTwd76-OZN0m1mTI_1Fmd2C0sn5fCExSDqs2_ZZb44e7wQNR_bjn9itMK0-qCwUutgjofCWS2kQjqOJvnZB8LnxamhIepoqLET5ZSGgS-aqR30taltYMmIHCyq2Nq85okq9qNxWE42PtVayU63LW_Vg-HmPt-9AzSl7x9ZPdC4ZTLVFxM19xlzOVY1DoOxGvDhilbzIjSnQdH1mKL0lPANqwOcwWYk-hZD-MXZM1swRYz-gDPVzdgM50izTrCFc5ebc9fute9ZXp88EPNVCYNHa-bQhk6GAgIAVEp-hrkTgeihBmYTFPISefvaK0CgstOZKowQYd63MdY1q67OAvGSEdzyksaByd2MeT2cuT11MSRz8\" target=\"_blank\" rel=\"noreferrer noopener\">publicada<\/a>&nbsp;no site Ag\u00eancia Sportilight. Segundo a reportagem, o ent\u00e3o deputado federal gastou em m\u00e9dia R$ 4,1 mil em 11 idas a dois postos de gasolina do Rio de Janeiro entre janeiro de 2009 e fevereiro de 2011.<\/p>\n\n\n\n<p>O cruzamento de dados p\u00fablicos do Congresso e as notas fiscais de abastecimento enviadas por Bolsonaro \u00e0 C\u00e2mara dos Deputados, segundo a reportagem, mostra que Bolsonaro abasteceu em dois postos diferentes no mesmo dia, apesar dos muitos litros comprados, e que abasteceu no Rio de Janeiro mesmo quando registrou presen\u00e7a em Bras\u00edlia.<\/p><div class=\"guxxg69f50d1ec3d71\" ><!--<a href=\"https:\/\/bit.ly\/3QdrqTZ\" target=\"_blank\">\n<img src=\"https:\/\/justicapotiguar.com.br\/wp-content\/uploads\/2023\/09\/mobile-geral.gif\"\/><a\/>--><\/div><style type=\"text\/css\">\r\n.guxxg69f50d1ec3d71 {\r\ntext-align: center;\r\n}\r\n@media screen and (min-width: 1201px) {\r\n.guxxg69f50d1ec3d71 {\r\ndisplay: none;\r\n}\r\n}\r\n@media screen and (min-width: 993px) and (max-width: 1200px) {\r\n.guxxg69f50d1ec3d71 {\r\ndisplay: none;\r\n}\r\n}\r\n@media screen and (min-width: 769px) and (max-width: 992px) {\r\n.guxxg69f50d1ec3d71 {\r\ndisplay: none;\r\n}\r\n}\r\n@media screen and (min-width: 768px) and (max-width: 768px) {\r\n.guxxg69f50d1ec3d71 {\r\ndisplay: block;\r\n}\r\n}\r\n@media screen and (max-width: 767px) {\r\n.guxxg69f50d1ec3d71 {\r\ndisplay: block;\r\n}\r\n}\r\n<\/style>\r\n<div class=\"zqtfm69f50d1ec3d5c\" ><!--<a href=\"https:\/\/bit.ly\/3QdrqTZ\" target=\"_blank\">\n<img src=\"https:\/\/justicapotiguar.com.br\/wp-content\/uploads\/2023\/09\/desktop-geral.gif\"\/><a\/>--><\/div><style type=\"text\/css\">\r\n.zqtfm69f50d1ec3d5c {\r\ntext-align: center;\nmargin-bottom: 1em;\r\n}\r\n@media screen and (min-width: 1201px) {\r\n.zqtfm69f50d1ec3d5c {\r\ndisplay: block;\r\n}\r\n}\r\n@media screen and (min-width: 993px) and (max-width: 1200px) {\r\n.zqtfm69f50d1ec3d5c {\r\ndisplay: block;\r\n}\r\n}\r\n@media screen and (min-width: 769px) and (max-width: 992px) {\r\n.zqtfm69f50d1ec3d5c {\r\ndisplay: block;\r\n}\r\n}\r\n@media screen and (min-width: 768px) and (max-width: 768px) {\r\n.zqtfm69f50d1ec3d5c {\r\ndisplay: none;\r\n}\r\n}\r\n@media screen and (max-width: 767px) {\r\n.zqtfm69f50d1ec3d5c {\r\ndisplay: none;\r\n}\r\n}\r\n<\/style>\r\n\n\n\n\n<p>A verba indenizat\u00f3ria para combust\u00edvel foi institu\u00edda em 2001, mas desde 2009 n\u00e3o est\u00e1 previsto o reembolso para assessores parlamentares. Por conta disso, o pedido para que o Supremo aceite a not\u00edcia-crime e consequentemente intime a procuradoria-geral da Rep\u00fablica a promover o oferecimento da den\u00fancia.<\/p>\n\n\n\n<p>Conjur<\/p>\n","protected":false},"excerpt":{"rendered":"<p>A verba indenizat\u00f3ria para combust\u00edvel foi institu\u00edda em 2001, mas desde 2009 n\u00e3o est\u00e1 previsto o reembolso para assessores parlamentares<br \/><a class=\"more-link\" href=\"https:\/\/justicapotiguar.com.br\/index.php\/2020\/04\/09\/advogado-envia-ao-stf-noticia-crime-contra-bolsonaro-por-superfaturamento-de-combustivel\/\">Mais&#8230;<\/a><\/p>\n","protected":false},"author":5,"featured_media":7226,"comment_status":"open","ping_status":"open","sticky":false,"template":"","format":"standard","meta":[],"categories":[3],"tags":[],"_links":{"self":[{"href":"https:\/\/justicapotiguar.com.br\/index.php\/wp-json\/wp\/v2\/posts\/8444"}],"collection":[{"href":"https:\/\/justicapotiguar.com.br\/index.php\/wp-json\/wp\/v2\/posts"}],"about":[{"href":"https:\/\/justicapotiguar.com.br\/index.php\/wp-json\/wp\/v2\/types\/post"}],"author":[{"embeddable":true,"href":"https:\/\/justicapotiguar.com.br\/index.php\/wp-json\/wp\/v2\/users\/5"}],"replies":[{"embeddable":true,"href":"https:\/\/justicapotiguar.com.br\/index.php\/wp-json\/wp\/v2\/comments?post=8444"}],"version-history":[{"count":1,"href":"https:\/\/justicapotiguar.com.br\/index.php\/wp-json\/wp\/v2\/posts\/8444\/revisions"}],"predecessor-version":[{"id":8445,"href":"https:\/\/justicapotiguar.com.br\/index.php\/wp-json\/wp\/v2\/posts\/8444\/revisions\/8445"}],"wp:featuredmedia":[{"embeddable":true,"href":"https:\/\/justicapotiguar.com.br\/index.php\/wp-json\/wp\/v2\/media\/7226"}],"wp:attachment":[{"href":"https:\/\/justicapotiguar.com.br\/index.php\/wp-json\/wp\/v2\/media?parent=8444"}],"wp:term":[{"taxonomy":"category","embeddable":true,"href":"https:\/\/justicapotiguar.com.br\/index.php\/wp-json\/wp\/v2\/categories?post=8444"},{"taxonomy":"post_tag","embeddable":true,"href":"https:\/\/justicapotiguar.com.br\/index.php\/wp-json\/wp\/v2\/tags?post=8444"}],"curies":[{"name":"wp","href":"https:\/\/api.w.org\/{rel}","templated":true}]}}