{"id":834,"date":"2019-08-14T09:51:01","date_gmt":"2019-08-14T12:51:01","guid":{"rendered":"https:\/\/justicapotiguar.com.br\/?p=834"},"modified":"2019-08-14T09:51:02","modified_gmt":"2019-08-14T12:51:02","slug":"pleno-declara-inconstitucionais-leis-de-contratacoes-temporarias-sem-concurso-publico-de-parnamirim","status":"publish","type":"post","link":"https:\/\/justicapotiguar.com.br\/index.php\/2019\/08\/14\/pleno-declara-inconstitucionais-leis-de-contratacoes-temporarias-sem-concurso-publico-de-parnamirim\/","title":{"rendered":"Pleno declara inconstitucionais leis de contrata\u00e7\u00f5es tempor\u00e1rias sem concurso p\u00fablico de Parnamirim"},"content":{"rendered":"\n<figure class=\"wp-block-image\"><img loading=\"lazy\" width=\"900\" height=\"480\" src=\"https:\/\/justicapotiguar.com.br\/wp-content\/uploads\/2019\/08\/martelo-justi\u00e7a.jpg\" alt=\"\" class=\"wp-image-159\" srcset=\"https:\/\/justicapotiguar.com.br\/wp-content\/uploads\/2019\/08\/martelo-justi\u00e7a.jpg 900w, https:\/\/justicapotiguar.com.br\/wp-content\/uploads\/2019\/08\/martelo-justi\u00e7a-300x160.jpg 300w, https:\/\/justicapotiguar.com.br\/wp-content\/uploads\/2019\/08\/martelo-justi\u00e7a-768x410.jpg 768w\" sizes=\"(max-width: 900px) 100vw, 900px\" \/><\/figure>\n\n\n\n<p>O Pleno do Tribunal de Justi\u00e7a do RN, \u00e0 unanimidade de votos, declarou a inconstitucionalidade material de tr\u00eas leis do Munic\u00edpio de Parnamirim por viola\u00e7\u00e3o da regra do concurso p\u00fablico, consagrada pela Constitui\u00e7\u00e3o Federal e pela Constitui\u00e7\u00e3o do Estado do Rio Grande do Norte. Com tais normas, o ente p\u00fablico pretendia preencher, de forma tempor\u00e1ria, os cargos de agentes de sa\u00fade, m\u00e9dicos, enfermeiros, odont\u00f3logos, professores, etc, sem a realiza\u00e7\u00e3o de concurso p\u00fablico.<\/p>\n\n\n\n<p>As Leis Municipais questionadas na Justi\u00e7a s\u00e3o as de n\u00ba 1.076\/2001 (com a reda\u00e7\u00e3o dada pela Lei Municipal n\u00ba 1.110\/2001), n\u00ba 1.118\/2002 e n\u00ba 1.308\/2006, por viola\u00e7\u00e3o ao artigo 26, II e IX, ambos da Constitui\u00e7\u00e3o do Estadual. Por\u00e9m, os desembargadores que integram o Tribunal Pleno fixaram que a decis\u00e3o judicial ter\u00e1 sua efic\u00e1cia limitada a partir do dia 31 de mar\u00e7o de 2015.<\/p>\n\n\n\n<p>A A\u00e7\u00e3o Direta de Inconstitucionalidade foi ajuizada pelo Minist\u00e9rio P\u00fablico Estadual, o qual alegou questionadas ao ampliarem as hip\u00f3teses de contrata\u00e7\u00e3o tempor\u00e1ria, as leis violaram os artigos 37, IX e 26, II, da Constitui\u00e7\u00e3o Federal e Estadual, respectivamente, os quais consagrariam a regra do concurso p\u00fablico.<\/p>\n\n\n\n<p>O MP afirmou ainda que, para a celebra\u00e7\u00e3o de v\u00ednculo desta esp\u00e9cie pela Administra\u00e7\u00e3o P\u00fablica, seria imprescind\u00edvel a situa\u00e7\u00e3o de necessidade tempor\u00e1ria de excepcional interesse p\u00fablico, o que n\u00e3o teria sido verificado naquelas legisla\u00e7\u00f5es, redigidas de forma gen\u00e9rica e por demais abrangentes.<\/p>\n\n\n\n<p>Por sua vez, o Munic\u00edpio de Parnamirim defendeu a constitucionalidade dos textos legais discutidos em ju\u00edzo, afirmando que eles guardariam correspond\u00eancia com a Constitui\u00e7\u00e3o Federal e teriam sido editados de acordo com a pr\u00f3pria legisla\u00e7\u00e3o federal que regulamenta a contrata\u00e7\u00e3o no \u00e2mbito da Uni\u00e3o.<\/p>\n\n\n\n<p>Alegou que a quantifica\u00e7\u00e3o do n\u00famero m\u00e1ximo de servidores tempor\u00e1rios nas leis mencionadas trata-se de \u201cum cuidado do legislativo local\u201d e afirmou que a peti\u00e7\u00e3o inicial seria gen\u00e9rica, porque n\u00e3o teria apontado quais cargos para os quais houve irregular previs\u00e3o de contrata\u00e7\u00e3o tempor\u00e1ria.<\/p><div class=\"gouff69f4513602927\" ><!--<a href=\"https:\/\/bit.ly\/3QdrqTZ\" target=\"_blank\">\n<img src=\"https:\/\/justicapotiguar.com.br\/wp-content\/uploads\/2023\/09\/mobile-geral.gif\"\/><a\/>--><\/div><style type=\"text\/css\">\r\n.gouff69f4513602927 {\r\ntext-align: center;\r\n}\r\n@media screen and (min-width: 1201px) {\r\n.gouff69f4513602927 {\r\ndisplay: none;\r\n}\r\n}\r\n@media screen and (min-width: 993px) and (max-width: 1200px) {\r\n.gouff69f4513602927 {\r\ndisplay: none;\r\n}\r\n}\r\n@media screen and (min-width: 769px) and (max-width: 992px) {\r\n.gouff69f4513602927 {\r\ndisplay: none;\r\n}\r\n}\r\n@media screen and (min-width: 768px) and (max-width: 768px) {\r\n.gouff69f4513602927 {\r\ndisplay: block;\r\n}\r\n}\r\n@media screen and (max-width: 767px) {\r\n.gouff69f4513602927 {\r\ndisplay: block;\r\n}\r\n}\r\n<\/style>\r\n<div class=\"temmx69f4513602904\" ><!--<a href=\"https:\/\/bit.ly\/3QdrqTZ\" target=\"_blank\">\n<img src=\"https:\/\/justicapotiguar.com.br\/wp-content\/uploads\/2023\/09\/desktop-geral.gif\"\/><a\/>--><\/div><style type=\"text\/css\">\r\n.temmx69f4513602904 {\r\ntext-align: center;\nmargin-bottom: 1em;\r\n}\r\n@media screen and (min-width: 1201px) {\r\n.temmx69f4513602904 {\r\ndisplay: block;\r\n}\r\n}\r\n@media screen and (min-width: 993px) and (max-width: 1200px) {\r\n.temmx69f4513602904 {\r\ndisplay: block;\r\n}\r\n}\r\n@media screen and (min-width: 769px) and (max-width: 992px) {\r\n.temmx69f4513602904 {\r\ndisplay: block;\r\n}\r\n}\r\n@media screen and (min-width: 768px) and (max-width: 768px) {\r\n.temmx69f4513602904 {\r\ndisplay: none;\r\n}\r\n}\r\n@media screen and (max-width: 767px) {\r\n.temmx69f4513602904 {\r\ndisplay: none;\r\n}\r\n}\r\n<\/style>\r\n\n\n\n\n<p><strong>Decis\u00e3o<\/strong><\/p>\n\n\n\n<p>Segundo o relator do processo, desembargador Corn\u00e9lio Alves, os cargos para os quais foi permitida a admiss\u00e3o tempor\u00e1ria s\u00e3o inerentes aos servi\u00e7os ordinariamente prestados pelo Poder P\u00fablico, n\u00e3o verificando qualquer excentricidade a justificar o afastamento da regra do concurso p\u00fablico.<\/p>\n\n\n\n<p>Considerou que tampouco h\u00e1 de se falar na temporariedade das fun\u00e7\u00f5es, dado que estas dizem respeito a situa\u00e7\u00f5es que n\u00e3o podem ter o seu oferecimento \u00e0 popula\u00e7\u00e3o interrompido, tanto no pertinente ao direito \u00e0 educa\u00e7\u00e3o quanto \u00e0 sa\u00fade, ao mesmo tempo em que previram expressamente a ocupa\u00e7\u00e3o de posi\u00e7\u00f5es para a presta\u00e7\u00e3o de servi\u00e7os atualmente na Administra\u00e7\u00e3o P\u00fablica.<\/p>\n\n\n\n<p>Com base em tese do Supremo Tribunal Federal e em decis\u00f5es do pr\u00f3prio Tribunal de Justi\u00e7a potiguar, explicou que tamb\u00e9m a continuidade do servi\u00e7o p\u00fablico n\u00e3o se presta a justificar a forma\u00e7\u00e3o do v\u00ednculo tempor\u00e1rio, recomendando, ao contr\u00e1rio, o planejamento da edilidade para, com a realiza\u00e7\u00e3o do concurso p\u00fablico, preencher de forma v\u00e1lida e definitiva os postos vagos.<\/p>\n\n\n\n<p>\u201cDesta feita, atestando-se a inconstitucionalidade material das mencionadas leis, impositiva \u00e9, pois, que sejam elas extirpadas do mundo jur\u00eddico\u201d, decidiu.<\/p>\n","protected":false},"excerpt":{"rendered":"<p>Com tais normas, o ente p\u00fablico pretendia preencher, de forma tempor\u00e1ria, os cargos de agentes de sa\u00fade, m\u00e9dicos, enfermeiros, odont\u00f3logos, professores, etc, sem a realiza\u00e7\u00e3o de concurso p\u00fablico<br \/><a class=\"more-link\" href=\"https:\/\/justicapotiguar.com.br\/index.php\/2019\/08\/14\/pleno-declara-inconstitucionais-leis-de-contratacoes-temporarias-sem-concurso-publico-de-parnamirim\/\">Mais&#8230;<\/a><\/p>\n","protected":false},"author":5,"featured_media":159,"comment_status":"open","ping_status":"open","sticky":false,"template":"","format":"standard","meta":[],"categories":[3],"tags":[],"_links":{"self":[{"href":"https:\/\/justicapotiguar.com.br\/index.php\/wp-json\/wp\/v2\/posts\/834"}],"collection":[{"href":"https:\/\/justicapotiguar.com.br\/index.php\/wp-json\/wp\/v2\/posts"}],"about":[{"href":"https:\/\/justicapotiguar.com.br\/index.php\/wp-json\/wp\/v2\/types\/post"}],"author":[{"embeddable":true,"href":"https:\/\/justicapotiguar.com.br\/index.php\/wp-json\/wp\/v2\/users\/5"}],"replies":[{"embeddable":true,"href":"https:\/\/justicapotiguar.com.br\/index.php\/wp-json\/wp\/v2\/comments?post=834"}],"version-history":[{"count":1,"href":"https:\/\/justicapotiguar.com.br\/index.php\/wp-json\/wp\/v2\/posts\/834\/revisions"}],"predecessor-version":[{"id":835,"href":"https:\/\/justicapotiguar.com.br\/index.php\/wp-json\/wp\/v2\/posts\/834\/revisions\/835"}],"wp:featuredmedia":[{"embeddable":true,"href":"https:\/\/justicapotiguar.com.br\/index.php\/wp-json\/wp\/v2\/media\/159"}],"wp:attachment":[{"href":"https:\/\/justicapotiguar.com.br\/index.php\/wp-json\/wp\/v2\/media?parent=834"}],"wp:term":[{"taxonomy":"category","embeddable":true,"href":"https:\/\/justicapotiguar.com.br\/index.php\/wp-json\/wp\/v2\/categories?post=834"},{"taxonomy":"post_tag","embeddable":true,"href":"https:\/\/justicapotiguar.com.br\/index.php\/wp-json\/wp\/v2\/tags?post=834"}],"curies":[{"name":"wp","href":"https:\/\/api.w.org\/{rel}","templated":true}]}}