{"id":8080,"date":"2020-03-30T16:45:33","date_gmt":"2020-03-30T19:45:33","guid":{"rendered":"https:\/\/justicapotiguar.com.br\/?p=8080"},"modified":"2020-03-30T15:11:49","modified_gmt":"2020-03-30T18:11:49","slug":"petrobras-reintegrara-funcionarios-demitidos-por-participacao-em-greve","status":"publish","type":"post","link":"https:\/\/justicapotiguar.com.br\/index.php\/2020\/03\/30\/petrobras-reintegrara-funcionarios-demitidos-por-participacao-em-greve\/","title":{"rendered":"Petrobras reintegrar\u00e1 funcion\u00e1rios demitidos por participa\u00e7\u00e3o em greve"},"content":{"rendered":"\n<figure class=\"wp-block-image\"><img loading=\"lazy\" width=\"680\" height=\"424\" src=\"https:\/\/justicapotiguar.com.br\/wp-content\/uploads\/2020\/03\/8EBEC2FDF6F72B5747148C7581D1DAF4F365_petrobras.jpg\" alt=\"\" class=\"wp-image-8081\" srcset=\"https:\/\/justicapotiguar.com.br\/wp-content\/uploads\/2020\/03\/8EBEC2FDF6F72B5747148C7581D1DAF4F365_petrobras.jpg 680w, https:\/\/justicapotiguar.com.br\/wp-content\/uploads\/2020\/03\/8EBEC2FDF6F72B5747148C7581D1DAF4F365_petrobras-300x187.jpg 300w\" sizes=\"(max-width: 680px) 100vw, 680px\" \/><figcaption>Logo da Petrobr\u00e1s em sede no Rio de Janeiro\n16\/10\/2019\nREUTERS\/Sergio Moraes<\/figcaption><\/figure>\n\n\n\n<p>Dois funcion\u00e1rios demitidos por justa causa ap\u00f3s participarem de greve dever\u00e3o ser reintegrados pela Petrobras. A decis\u00e3o \u00e9 do juiz do Trabalho substituto Fabio Eduardo Bonisson Paix\u00e3o, da 14\u00aa vara de Vit\u00f3ria\/ES. <\/p>\n\n\n\n<p>Os autores da a\u00e7\u00e3o alegaram que foram informados por telefone da rescis\u00e3o de contrato de trabalho por justa causa, motivada pela participa\u00e7\u00e3o no movimento grevista dos petroleiros deflagrado em fevereiro de 2020. Argumentaram tamb\u00e9m que a justa causa aplicada representa um ato antissindical.<\/p>\n\n\n\n<p>Os funcion\u00e1rios pleitearam tamb\u00e9m, em tutela de urg\u00eancia, que a Petrobras suspenda o procedimento interno que levou ao encerramento do contrato de trabalho dos autores e, caso as rescis\u00f5es tenham sido concretizadas, que sejam tornadas sem efeito, com a imediata reintegra\u00e7\u00e3o dos reclamantes aos quadros funcionais da reclamada.<\/p>\n\n\n\n<p>Na decis\u00e3o, o magistrado afirma que h\u00e1 um s\u00e9rio ind\u00edcio de pr\u00e1tica de conduta antissindical por parte da Petrobras.<\/p>\n\n\n\n<p>O magistrado tamb\u00e9m levou em conta a grave situa\u00e7\u00e3o do Brasil em decorr\u00eancia do coronav\u00edrus. Segundo o juiz, a pandemia trar\u00e1 efeitos graves para os trabalhadores e suas respectivas fam\u00edlias no \u00e2mbito financeiro:&nbsp;<em>\u201cpartes autoras sofrer\u00e3o dano grav\u00edssimo em suas esferas individuais e familiares ao perder o liame contratual empregat\u00edcio com a Petrobras em um momento t\u00e3o dif\u00edcil na vida internacional.\u201d<\/em><\/p><div class=\"jpcnv69f3ac6d542ca\" ><!--<a href=\"https:\/\/bit.ly\/3QdrqTZ\" target=\"_blank\">\n<img src=\"https:\/\/justicapotiguar.com.br\/wp-content\/uploads\/2023\/09\/mobile-geral.gif\"\/><a\/>--><\/div><style type=\"text\/css\">\r\n.jpcnv69f3ac6d542ca {\r\ntext-align: center;\r\n}\r\n@media screen and (min-width: 1201px) {\r\n.jpcnv69f3ac6d542ca {\r\ndisplay: none;\r\n}\r\n}\r\n@media screen and (min-width: 993px) and (max-width: 1200px) {\r\n.jpcnv69f3ac6d542ca {\r\ndisplay: none;\r\n}\r\n}\r\n@media screen and (min-width: 769px) and (max-width: 992px) {\r\n.jpcnv69f3ac6d542ca {\r\ndisplay: none;\r\n}\r\n}\r\n@media screen and (min-width: 768px) and (max-width: 768px) {\r\n.jpcnv69f3ac6d542ca {\r\ndisplay: block;\r\n}\r\n}\r\n@media screen and (max-width: 767px) {\r\n.jpcnv69f3ac6d542ca {\r\ndisplay: block;\r\n}\r\n}\r\n<\/style>\r\n<div class=\"bxqqg69f3ac6d542b4\" ><!--<a href=\"https:\/\/bit.ly\/3QdrqTZ\" target=\"_blank\">\n<img src=\"https:\/\/justicapotiguar.com.br\/wp-content\/uploads\/2023\/09\/desktop-geral.gif\"\/><a\/>--><\/div><style type=\"text\/css\">\r\n.bxqqg69f3ac6d542b4 {\r\ntext-align: center;\nmargin-bottom: 1em;\r\n}\r\n@media screen and (min-width: 1201px) {\r\n.bxqqg69f3ac6d542b4 {\r\ndisplay: block;\r\n}\r\n}\r\n@media screen and (min-width: 993px) and (max-width: 1200px) {\r\n.bxqqg69f3ac6d542b4 {\r\ndisplay: block;\r\n}\r\n}\r\n@media screen and (min-width: 769px) and (max-width: 992px) {\r\n.bxqqg69f3ac6d542b4 {\r\ndisplay: block;\r\n}\r\n}\r\n@media screen and (min-width: 768px) and (max-width: 768px) {\r\n.bxqqg69f3ac6d542b4 {\r\ndisplay: none;\r\n}\r\n}\r\n@media screen and (max-width: 767px) {\r\n.bxqqg69f3ac6d542b4 {\r\ndisplay: none;\r\n}\r\n}\r\n<\/style>\r\n\n\n\n\n<p>Por presentes os requisitos da probabilidade do direito e do perigo e dano, o juiz deferiu a tutela de urg\u00eancia, nos termos do Art. 300 do&nbsp;<a href=\"http:\/\/www.planalto.gov.br\/ccivil_03\/_ato2015-2018\/2015\/lei\/l13105.htm\" target=\"_blank\" rel=\"noreferrer noopener\">CPC<\/a>, determinando: a imediata reintegra\u00e7\u00e3o das partes autoras, com imediata suspens\u00e3o de eventual processo de dispensa por justa causa acaso ainda em andamento. Em caso de descumprimento, ser\u00e1 aplicada a multa di\u00e1ria de R$500 em favor de cada umas das partes autoras, sem preju\u00edzo das san\u00e7\u00f5es penais por descumprimento.<\/p>\n\n\n\n<p>O advogado Edwar Barbosa Felix atuou pelos funcion\u00e1rios.<\/p>\n\n\n\n<ul><li>Processo:&nbsp;<a href=\"https:\/\/pje.trt17.jus.br\/consultaprocessual\/detalhe-processo\/0000239-65.2020.5.17.0014\" target=\"_blank\" rel=\"noreferrer noopener\">0000239-65.2020.5.17.0014<\/a><\/li><\/ul>\n\n\n\n<p>Veja a\u00a0<a rel=\"noreferrer noopener\" href=\"https:\/\/www.migalhas.com.br\/arquivos\/2020\/3\/83E0ACF93DCE66_decisao-petrobras.pdf\" target=\"_blank\">decis\u00e3o<\/a>.<\/p>\n\n\n\n<p><strong>Migalhas<\/strong><br><\/p>\n","protected":false},"excerpt":{"rendered":"<p>Magistrado do ES disse que houve s\u00e9rio ind\u00edcio de pr\u00e1tica de conduta antissindical por parte da Petrobras.<br \/><a class=\"more-link\" href=\"https:\/\/justicapotiguar.com.br\/index.php\/2020\/03\/30\/petrobras-reintegrara-funcionarios-demitidos-por-participacao-em-greve\/\">Mais&#8230;<\/a><\/p>\n","protected":false},"author":6,"featured_media":8081,"comment_status":"open","ping_status":"open","sticky":false,"template":"","format":"standard","meta":[],"categories":[3],"tags":[],"_links":{"self":[{"href":"https:\/\/justicapotiguar.com.br\/index.php\/wp-json\/wp\/v2\/posts\/8080"}],"collection":[{"href":"https:\/\/justicapotiguar.com.br\/index.php\/wp-json\/wp\/v2\/posts"}],"about":[{"href":"https:\/\/justicapotiguar.com.br\/index.php\/wp-json\/wp\/v2\/types\/post"}],"author":[{"embeddable":true,"href":"https:\/\/justicapotiguar.com.br\/index.php\/wp-json\/wp\/v2\/users\/6"}],"replies":[{"embeddable":true,"href":"https:\/\/justicapotiguar.com.br\/index.php\/wp-json\/wp\/v2\/comments?post=8080"}],"version-history":[{"count":1,"href":"https:\/\/justicapotiguar.com.br\/index.php\/wp-json\/wp\/v2\/posts\/8080\/revisions"}],"predecessor-version":[{"id":8082,"href":"https:\/\/justicapotiguar.com.br\/index.php\/wp-json\/wp\/v2\/posts\/8080\/revisions\/8082"}],"wp:featuredmedia":[{"embeddable":true,"href":"https:\/\/justicapotiguar.com.br\/index.php\/wp-json\/wp\/v2\/media\/8081"}],"wp:attachment":[{"href":"https:\/\/justicapotiguar.com.br\/index.php\/wp-json\/wp\/v2\/media?parent=8080"}],"wp:term":[{"taxonomy":"category","embeddable":true,"href":"https:\/\/justicapotiguar.com.br\/index.php\/wp-json\/wp\/v2\/categories?post=8080"},{"taxonomy":"post_tag","embeddable":true,"href":"https:\/\/justicapotiguar.com.br\/index.php\/wp-json\/wp\/v2\/tags?post=8080"}],"curies":[{"name":"wp","href":"https:\/\/api.w.org\/{rel}","templated":true}]}}