{"id":8037,"date":"2020-03-30T10:30:10","date_gmt":"2020-03-30T13:30:10","guid":{"rendered":"https:\/\/justicapotiguar.com.br\/?p=8037"},"modified":"2020-03-30T09:20:11","modified_gmt":"2020-03-30T12:20:11","slug":"mantida-condenacao-de-acusado-de-integrar-faccao-criminosa-e-de-trafico-em-pium","status":"publish","type":"post","link":"https:\/\/justicapotiguar.com.br\/index.php\/2020\/03\/30\/mantida-condenacao-de-acusado-de-integrar-faccao-criminosa-e-de-trafico-em-pium\/","title":{"rendered":"Mantida condena\u00e7\u00e3o de acusado de integrar fac\u00e7\u00e3o criminosa e de tr\u00e1fico em Pium"},"content":{"rendered":"\n<figure class=\"wp-block-image\"><img loading=\"lazy\" width=\"728\" height=\"400\" src=\"https:\/\/justicapotiguar.com.br\/wp-content\/uploads\/2020\/03\/trafico.jpg\" alt=\"\" class=\"wp-image-7246\" srcset=\"https:\/\/justicapotiguar.com.br\/wp-content\/uploads\/2020\/03\/trafico.jpg 728w, https:\/\/justicapotiguar.com.br\/wp-content\/uploads\/2020\/03\/trafico-300x165.jpg 300w\" sizes=\"(max-width: 728px) 100vw, 728px\" \/><figcaption><strong>Foto: Ilustrativa<\/strong><\/figcaption><\/figure>\n\n\n\n<p>A C\u00e2mara Criminal do Tribunal de Justi\u00e7a do RN negou o recurso interposto pela defesa de Diego da Costa Bas\u00edlio, conhecido tamb\u00e9m como \u201cBuda\u201d e apontado como integrante de uma fac\u00e7\u00e3o criminosa, preso sob a acusa\u00e7\u00e3o da pr\u00e1tica do crime de tr\u00e1fico de drogas, em Pium, litoral sul do Estado. A comercializa\u00e7\u00e3o ilegal acontecia na pr\u00f3pria resid\u00eancia do r\u00e9u, conforme o flagrante dos policiais.<\/p>\n\n\n\n<p>Os desembargadores mantiveram a senten\u00e7a da 1\u00aa Vara Criminal da Comarca de Parnamirim que condenou o r\u00e9u a uma pena de seis anos, dois meses e sete dias de reclus\u00e3o, em regime fechado.<\/p>\n\n\n\n<p>\u201cEm resultado da a\u00e7\u00e3o dos agentes de seguran\u00e7a, sobrevieram mais elementos afirmativos do delito, notadamente o Termo de Exibi\u00e7\u00e3o e Apreens\u00e3o e Laudo de Constata\u00e7\u00e3o, no flagrante de maconha e crack\u201d, destaca a decis\u00e3o.<\/p>\n\n\n\n<p>A decis\u00e3o na C\u00e2mara tamb\u00e9m ressaltou as informa\u00e7\u00f5es de que o acusado estava incluso em dois grupos pertencentes a uma fac\u00e7\u00e3o criminosa. Informa\u00e7\u00f5es negadas pelo acusado, o qual, em um primeiro momento, afirmou n\u00e3o ser membro, mas que \u201cfechava\u201d com a referida fac\u00e7\u00e3o.<\/p><div class=\"qvsmm69f397ef22e3e\" ><!--<a href=\"https:\/\/bit.ly\/3QdrqTZ\" target=\"_blank\">\n<img src=\"https:\/\/justicapotiguar.com.br\/wp-content\/uploads\/2023\/09\/mobile-geral.gif\"\/><a\/>--><\/div><style type=\"text\/css\">\r\n.qvsmm69f397ef22e3e {\r\ntext-align: center;\r\n}\r\n@media screen and (min-width: 1201px) {\r\n.qvsmm69f397ef22e3e {\r\ndisplay: none;\r\n}\r\n}\r\n@media screen and (min-width: 993px) and (max-width: 1200px) {\r\n.qvsmm69f397ef22e3e {\r\ndisplay: none;\r\n}\r\n}\r\n@media screen and (min-width: 769px) and (max-width: 992px) {\r\n.qvsmm69f397ef22e3e {\r\ndisplay: none;\r\n}\r\n}\r\n@media screen and (min-width: 768px) and (max-width: 768px) {\r\n.qvsmm69f397ef22e3e {\r\ndisplay: block;\r\n}\r\n}\r\n@media screen and (max-width: 767px) {\r\n.qvsmm69f397ef22e3e {\r\ndisplay: block;\r\n}\r\n}\r\n<\/style>\r\n<div class=\"wivop69f397ef22e29\" ><!--<a href=\"https:\/\/bit.ly\/3QdrqTZ\" target=\"_blank\">\n<img src=\"https:\/\/justicapotiguar.com.br\/wp-content\/uploads\/2023\/09\/desktop-geral.gif\"\/><a\/>--><\/div><style type=\"text\/css\">\r\n.wivop69f397ef22e29 {\r\ntext-align: center;\nmargin-bottom: 1em;\r\n}\r\n@media screen and (min-width: 1201px) {\r\n.wivop69f397ef22e29 {\r\ndisplay: block;\r\n}\r\n}\r\n@media screen and (min-width: 993px) and (max-width: 1200px) {\r\n.wivop69f397ef22e29 {\r\ndisplay: block;\r\n}\r\n}\r\n@media screen and (min-width: 769px) and (max-width: 992px) {\r\n.wivop69f397ef22e29 {\r\ndisplay: block;\r\n}\r\n}\r\n@media screen and (min-width: 768px) and (max-width: 768px) {\r\n.wivop69f397ef22e29 {\r\ndisplay: none;\r\n}\r\n}\r\n@media screen and (max-width: 767px) {\r\n.wivop69f397ef22e29 {\r\ndisplay: none;\r\n}\r\n}\r\n<\/style>\r\n\n\n\n\n<p>O julgamento ainda ressaltou que, segundo os autos, \u201cBuda\u201d tamb\u00e9m teria participado de uma festa promovida pela fac\u00e7\u00e3o em Cotovelo. Participa\u00e7\u00e3o confirmada pelo acusado, o qual, em depoimento na delegacia, negou, mais uma vez, que pertencia ao grupo.<\/p>\n\n\n\n<p>Contudo, reafirmou, conforme o caderno processual, que \u201cera fechado com a massa\u201d. Informa\u00e7\u00f5es coletadas do celular do acusado demonstraram o contato com outros supostos traficantes, com os quais \u2013 segundo as mensagens de aplicativo \u2013 estariam \u201cfortalecendo a fac\u00e7\u00e3o na regi\u00e3o\u201d.<\/p>\n\n\n\n<p><strong>(Apela\u00e7\u00e3o Criminal n\u00ba 2020.000286-2)<\/strong><\/p>\n\n\n\n<p><strong>TJ RN<\/strong><\/p>\n","protected":false},"excerpt":{"rendered":"<p>A comercializa\u00e7\u00e3o ilegal acontecia na pr\u00f3pria resid\u00eancia do r\u00e9u, conforme o flagrante dos policiais.<br \/><a class=\"more-link\" href=\"https:\/\/justicapotiguar.com.br\/index.php\/2020\/03\/30\/mantida-condenacao-de-acusado-de-integrar-faccao-criminosa-e-de-trafico-em-pium\/\">Mais&#8230;<\/a><\/p>\n","protected":false},"author":6,"featured_media":7246,"comment_status":"open","ping_status":"open","sticky":false,"template":"","format":"standard","meta":[],"categories":[3],"tags":[],"_links":{"self":[{"href":"https:\/\/justicapotiguar.com.br\/index.php\/wp-json\/wp\/v2\/posts\/8037"}],"collection":[{"href":"https:\/\/justicapotiguar.com.br\/index.php\/wp-json\/wp\/v2\/posts"}],"about":[{"href":"https:\/\/justicapotiguar.com.br\/index.php\/wp-json\/wp\/v2\/types\/post"}],"author":[{"embeddable":true,"href":"https:\/\/justicapotiguar.com.br\/index.php\/wp-json\/wp\/v2\/users\/6"}],"replies":[{"embeddable":true,"href":"https:\/\/justicapotiguar.com.br\/index.php\/wp-json\/wp\/v2\/comments?post=8037"}],"version-history":[{"count":1,"href":"https:\/\/justicapotiguar.com.br\/index.php\/wp-json\/wp\/v2\/posts\/8037\/revisions"}],"predecessor-version":[{"id":8038,"href":"https:\/\/justicapotiguar.com.br\/index.php\/wp-json\/wp\/v2\/posts\/8037\/revisions\/8038"}],"wp:featuredmedia":[{"embeddable":true,"href":"https:\/\/justicapotiguar.com.br\/index.php\/wp-json\/wp\/v2\/media\/7246"}],"wp:attachment":[{"href":"https:\/\/justicapotiguar.com.br\/index.php\/wp-json\/wp\/v2\/media?parent=8037"}],"wp:term":[{"taxonomy":"category","embeddable":true,"href":"https:\/\/justicapotiguar.com.br\/index.php\/wp-json\/wp\/v2\/categories?post=8037"},{"taxonomy":"post_tag","embeddable":true,"href":"https:\/\/justicapotiguar.com.br\/index.php\/wp-json\/wp\/v2\/tags?post=8037"}],"curies":[{"name":"wp","href":"https:\/\/api.w.org\/{rel}","templated":true}]}}