{"id":7991,"date":"2020-03-28T12:00:15","date_gmt":"2020-03-28T15:00:15","guid":{"rendered":"https:\/\/justicapotiguar.com.br\/?p=7991"},"modified":"2020-03-28T11:01:49","modified_gmt":"2020-03-28T14:01:49","slug":"loja-de-departamento-e-condenada-em-mais-de-r-269-mil-por-violar-direitos-autorais","status":"publish","type":"post","link":"https:\/\/justicapotiguar.com.br\/index.php\/2020\/03\/28\/loja-de-departamento-e-condenada-em-mais-de-r-269-mil-por-violar-direitos-autorais\/","title":{"rendered":"Loja de departamento \u00e9 condenada em mais de R$ 269 mil por violar direitos autorais"},"content":{"rendered":"\n<figure class=\"wp-block-image\"><img loading=\"lazy\" width=\"680\" height=\"452\" src=\"https:\/\/justicapotiguar.com.br\/wp-content\/uploads\/2020\/03\/9BE1154F989E3FF468E2D5DAF097D5EEDC32_loja.jpg\" alt=\"\" class=\"wp-image-7992\" srcset=\"https:\/\/justicapotiguar.com.br\/wp-content\/uploads\/2020\/03\/9BE1154F989E3FF468E2D5DAF097D5EEDC32_loja.jpg 680w, https:\/\/justicapotiguar.com.br\/wp-content\/uploads\/2020\/03\/9BE1154F989E3FF468E2D5DAF097D5EEDC32_loja-300x199.jpg 300w\" sizes=\"(max-width: 680px) 100vw, 680px\" \/><\/figure>\n\n\n\n<p> A ju\u00edza de Direito substituta da 14\u00aa vara C\u00edvel de Bras\u00edlia\/DF, Tha\u00eds Ara\u00fajo Correia, condenou as Lojas Riachuelo S\/A ao pagamento de multa de R$ 269.400 por viola\u00e7\u00e3o de direitos autorais da marca\u00a0<em>&#8220;Lhamast\u00ea&#8221;<\/em>, bem como indeniza\u00e7\u00e3o por danos morais no montante de R$ 30 mil. A loja tamb\u00e9m est\u00e1 proibida de produzir ou comercializar os produtos dessa marca, sob pena de multa de R$ 100 mil por descumprimento. <\/p>\n\n\n\n<p>A autora ajuizou a\u00e7\u00e3o na qual narrou ser criadora da imagem de uma lhama rosa associada ao nome&nbsp;<em>\u201cLhamast\u00ea\u201d<\/em>&nbsp;e alegou que a r\u00e9 passou a utilizar sua marca para produzir e vender pe\u00e7as de roupas, sem sua autoriza\u00e7\u00e3o e sem lhe repassar qualquer valor.<\/p>\n\n\n\n<p>A loja apresentou contesta\u00e7\u00e3o na qual defendeu que a autora n\u00e3o provou ser dona da marca, pois n\u00e3o apresentou registrou p\u00fablico, que as imagens usadas em seu produtos s\u00e3o diferentes das da autora e que n\u00e3o possui condi\u00e7\u00f5es de investigar a exist\u00eancia de direitos autorais de todos os produtos que compra para expor em seus estabelecimentos, sejam f\u00edsicos ou virtuais.<\/p>\n\n\n\n<p>A magistrada explicou que apesar de n\u00e3o haver registro p\u00fablico da propriedade, a autora comprovou ter criado a obra atrav\u00e9s de arquivo do programa de computador utilizado para o desenho.<\/p><div class=\"ujwnr69f5991d2e4c2\" ><!--<a href=\"https:\/\/bit.ly\/3QdrqTZ\" target=\"_blank\">\n<img src=\"https:\/\/justicapotiguar.com.br\/wp-content\/uploads\/2023\/09\/mobile-geral.gif\"\/><a\/>--><\/div><style type=\"text\/css\">\r\n.ujwnr69f5991d2e4c2 {\r\ntext-align: center;\r\n}\r\n@media screen and (min-width: 1201px) {\r\n.ujwnr69f5991d2e4c2 {\r\ndisplay: none;\r\n}\r\n}\r\n@media screen and (min-width: 993px) and (max-width: 1200px) {\r\n.ujwnr69f5991d2e4c2 {\r\ndisplay: none;\r\n}\r\n}\r\n@media screen and (min-width: 769px) and (max-width: 992px) {\r\n.ujwnr69f5991d2e4c2 {\r\ndisplay: none;\r\n}\r\n}\r\n@media screen and (min-width: 768px) and (max-width: 768px) {\r\n.ujwnr69f5991d2e4c2 {\r\ndisplay: block;\r\n}\r\n}\r\n@media screen and (max-width: 767px) {\r\n.ujwnr69f5991d2e4c2 {\r\ndisplay: block;\r\n}\r\n}\r\n<\/style>\r\n<div class=\"syvfd69f5991d2e4a1\" ><!--<a href=\"https:\/\/bit.ly\/3QdrqTZ\" target=\"_blank\">\n<img src=\"https:\/\/justicapotiguar.com.br\/wp-content\/uploads\/2023\/09\/desktop-geral.gif\"\/><a\/>--><\/div><style type=\"text\/css\">\r\n.syvfd69f5991d2e4a1 {\r\ntext-align: center;\nmargin-bottom: 1em;\r\n}\r\n@media screen and (min-width: 1201px) {\r\n.syvfd69f5991d2e4a1 {\r\ndisplay: block;\r\n}\r\n}\r\n@media screen and (min-width: 993px) and (max-width: 1200px) {\r\n.syvfd69f5991d2e4a1 {\r\ndisplay: block;\r\n}\r\n}\r\n@media screen and (min-width: 769px) and (max-width: 992px) {\r\n.syvfd69f5991d2e4a1 {\r\ndisplay: block;\r\n}\r\n}\r\n@media screen and (min-width: 768px) and (max-width: 768px) {\r\n.syvfd69f5991d2e4a1 {\r\ndisplay: none;\r\n}\r\n}\r\n@media screen and (max-width: 767px) {\r\n.syvfd69f5991d2e4a1 {\r\ndisplay: none;\r\n}\r\n}\r\n<\/style>\r\n\n\n\n\n<p><em>\u201cPor fim, a requerida n\u00e3o traz qualquer argumento plaus\u00edvel para afastar a autoria da obra, nem para comprovar que pediu autoriza\u00e7\u00e3o \u00e0 autora para sua utiliza\u00e7\u00e3o no produto. Desse modo, mostra-se imperativo o acolhimento da alega\u00e7\u00e3o de que a autora \u00e9 a criadora da imagem reivindicada na inicial e vendida pela r\u00e9. Portanto, \u00e9 de se concluir que houve a contrafa\u00e7\u00e3o prevista no art. 5\u00ba da&nbsp;<a href=\"http:\/\/www.planalto.gov.br\/ccivil_03\/leis\/l9610.htm\" target=\"_blank\" rel=\"noreferrer noopener\">lei 9.610\/98<\/a>, consistente na reprodu\u00e7\u00e3o n\u00e3o autorizada da imagem descrita na inicial\u201d.<\/em><\/p>\n\n\n\n<p>A r\u00e9 foi condenada, ainda, a veicular, em jornais de grande circula\u00e7\u00e3o na cidade de S\u00e3o Paulo, que violou os direitos autorais que praticou.<\/p>\n\n\n\n<ul><li>Processo:&nbsp;0722274-78.2019.8.07.0001<\/li><\/ul>\n\n\n\n<p>Veja a\u00a0<a rel=\"noreferrer noopener\" href=\"https:\/\/www.migalhas.com.br\/arquivos\/2020\/3\/D4E30916FE0E22_decisao-riachuelo-direitos-aut.pdf\" target=\"_blank\">decis\u00e3o<\/a>.<\/p>\n\n\n\n<p>Migalhas<\/p>\n","protected":false},"excerpt":{"rendered":"<p>A autora da a\u00e7\u00e3o tamb\u00e9m ser\u00e1 indenizada em R$ 30 mil por danos morais.<br \/><a class=\"more-link\" href=\"https:\/\/justicapotiguar.com.br\/index.php\/2020\/03\/28\/loja-de-departamento-e-condenada-em-mais-de-r-269-mil-por-violar-direitos-autorais\/\">Mais&#8230;<\/a><\/p>\n","protected":false},"author":6,"featured_media":7992,"comment_status":"open","ping_status":"open","sticky":false,"template":"","format":"standard","meta":[],"categories":[3],"tags":[],"_links":{"self":[{"href":"https:\/\/justicapotiguar.com.br\/index.php\/wp-json\/wp\/v2\/posts\/7991"}],"collection":[{"href":"https:\/\/justicapotiguar.com.br\/index.php\/wp-json\/wp\/v2\/posts"}],"about":[{"href":"https:\/\/justicapotiguar.com.br\/index.php\/wp-json\/wp\/v2\/types\/post"}],"author":[{"embeddable":true,"href":"https:\/\/justicapotiguar.com.br\/index.php\/wp-json\/wp\/v2\/users\/6"}],"replies":[{"embeddable":true,"href":"https:\/\/justicapotiguar.com.br\/index.php\/wp-json\/wp\/v2\/comments?post=7991"}],"version-history":[{"count":1,"href":"https:\/\/justicapotiguar.com.br\/index.php\/wp-json\/wp\/v2\/posts\/7991\/revisions"}],"predecessor-version":[{"id":7993,"href":"https:\/\/justicapotiguar.com.br\/index.php\/wp-json\/wp\/v2\/posts\/7991\/revisions\/7993"}],"wp:featuredmedia":[{"embeddable":true,"href":"https:\/\/justicapotiguar.com.br\/index.php\/wp-json\/wp\/v2\/media\/7992"}],"wp:attachment":[{"href":"https:\/\/justicapotiguar.com.br\/index.php\/wp-json\/wp\/v2\/media?parent=7991"}],"wp:term":[{"taxonomy":"category","embeddable":true,"href":"https:\/\/justicapotiguar.com.br\/index.php\/wp-json\/wp\/v2\/categories?post=7991"},{"taxonomy":"post_tag","embeddable":true,"href":"https:\/\/justicapotiguar.com.br\/index.php\/wp-json\/wp\/v2\/tags?post=7991"}],"curies":[{"name":"wp","href":"https:\/\/api.w.org\/{rel}","templated":true}]}}