{"id":7965,"date":"2020-03-27T18:20:36","date_gmt":"2020-03-27T21:20:36","guid":{"rendered":"https:\/\/justicapotiguar.com.br\/?p=7965"},"modified":"2020-03-27T17:25:15","modified_gmt":"2020-03-27T20:25:15","slug":"coronavirus-mpt-em-mossoro-recomenda-medidas-de-protecao-a-trabalhadores-do-comercio-e-de-servicos-de-teleatendimento","status":"publish","type":"post","link":"https:\/\/justicapotiguar.com.br\/index.php\/2020\/03\/27\/coronavirus-mpt-em-mossoro-recomenda-medidas-de-protecao-a-trabalhadores-do-comercio-e-de-servicos-de-teleatendimento\/","title":{"rendered":"Coronav\u00edrus: MPT em Mossor\u00f3 recomenda medidas de prote\u00e7\u00e3o a trabalhadores do com\u00e9rcio e de servi\u00e7os de teleatendimento"},"content":{"rendered":"\n<div class=\"wp-block-image\"><figure class=\"aligncenter\"><img loading=\"lazy\" width=\"394\" height=\"400\" src=\"https:\/\/justicapotiguar.com.br\/wp-content\/uploads\/2020\/03\/bf9173de10afd11f3ba1688ef286e216_w624_h400_cp_sc.jpeg\" alt=\"\" class=\"wp-image-7966\" srcset=\"https:\/\/justicapotiguar.com.br\/wp-content\/uploads\/2020\/03\/bf9173de10afd11f3ba1688ef286e216_w624_h400_cp_sc.jpeg 394w, https:\/\/justicapotiguar.com.br\/wp-content\/uploads\/2020\/03\/bf9173de10afd11f3ba1688ef286e216_w624_h400_cp_sc-296x300.jpeg 296w\" sizes=\"(max-width: 394px) 100vw, 394px\" \/><\/figure><\/div>\n\n\n\n<p>A Procuradoria do Trabalho no Munic\u00edpio (PTM) de Mossor\u00f3 emitiu recomenda\u00e7\u00e3o a todos os supermercados localizados em sua \u00e1rea de abrang\u00eancia, que inclui munic\u00edpios como Areia Branca, Apodi e Pau dos Ferros, com medidas a serem implementadas pelos estabelecimentos para a prote\u00e7\u00e3o da sa\u00fade dos seus trabalhadores, com o objetivo de conter a dissemina\u00e7\u00e3o da COVID-19. Tamb\u00e9m foi expedida recomenda\u00e7\u00e3o no mesmo sentido a uma empresa de teleatendimento. As recomenda\u00e7\u00f5es foram enviadas na quarta-feira (25) e podem ser acessadas pelos links:&nbsp;<a href=\"http:\/\/www.prt21.mpt.mp.br\/images\/REC_990_2020_Telemarketing_.pdf\">Recomenda\u00e7\u00e3o 990\/2020<\/a>&nbsp;e&nbsp;<a href=\"http:\/\/www.prt21.mpt.mp.br\/images\/REC_991_2020_Supermercados_.pdf\">Recomenda\u00e7\u00e3o 991\/2020<\/a>.<\/p>\n\n\n\n<p>Destinada \u00e0 prote\u00e7\u00e3o dos trabalhadores de supermercados, mercados e estabelecimentos cong\u00eaneres, a Recomenda\u00e7\u00e3o n.\u00ba 991\/2020 sugere que as empresas reorganizem suas escalas de trabalho, reduzindo o n\u00famero de trabalhadores por turno, e que garatam a flexibiliza\u00e7\u00e3o dos hor\u00e1rios de in\u00edcio e fim de jornada, para evitar a coincid\u00eancia com hor\u00e1rios de maior utiliza\u00e7\u00e3o de transporte p\u00fablico.<br><br><\/p>\n\n\n\n<p>O Minist\u00e9rio P\u00fablico do Trabalho tamb\u00e9m recomenda que a limpeza dos estabelecimentos seja intensificada, com a higieniza\u00e7\u00e3o das superf\u00edcies de toque, como ma\u00e7anetas e portas, a cada tr\u00eas horas. Tamb\u00e9m devem ser instalados anteparos f\u00edsicos que reduzam o contato dos trabalhadores que operem os caixas ou que realizem atendimento em balc\u00e3o com o p\u00fablico em geral. A recomenda\u00e7\u00e3o foi direcionada ao presidente da Associa\u00e7\u00e3o dos Supermercados do Rio Grande do Norte (Assurn) e ao presidente da Federa\u00e7\u00e3o do Com\u00e9rcio do Rio Grande do Norte (Fecom\u00e9rcio), que devem dar ci\u00eancia das medidas a serem tomadas a todos os seus associados.<\/p>\n\n\n\n<p>J\u00e1 a Recomenda\u00e7\u00e3o n.\u00ba 990\/2020 \u00e9 direcionada aos dirigentes da empresa AEC Centro de Contatos S\/A, que presta servi\u00e7os de teleatendimento. De acordo com a recomenda\u00e7\u00e3o, a empresa deve organizar os processos de trabalho para a realiza\u00e7\u00e3o de teletrabalho (<em>home office<\/em>) pelos empregados que se enquadrem nos grupos de risco e, sucessivamente, aos demais empregados. Tamb\u00e9m deve flexibilizar os hor\u00e1rios de trabalho para evitar proximidade entre os trabalhadores.<\/p>\n\n\n\n<p>O Minist\u00e9rio P\u00fablico do Trabalho tamb\u00e9m recomenda que a empresa n\u00e3o permita, em qualquer hip\u00f3stese, a utiliza\u00e7\u00e3o compartilhada de objetos e equipamentos de trabalho de uso pessoal, como fones de ouvido e microfones. E deve viabilizar o uso de m\u00e1scaras e \u00e1lcool gel 70% para a higieniza\u00e7\u00e3o frequente da \u00e1rea de trabalho de cada empregado.<\/p><div class=\"dpums69f363457856b\" ><!--<a href=\"https:\/\/bit.ly\/3QdrqTZ\" target=\"_blank\">\n<img src=\"https:\/\/justicapotiguar.com.br\/wp-content\/uploads\/2023\/09\/mobile-geral.gif\"\/><a\/>--><\/div><style type=\"text\/css\">\r\n.dpums69f363457856b {\r\ntext-align: center;\r\n}\r\n@media screen and (min-width: 1201px) {\r\n.dpums69f363457856b {\r\ndisplay: none;\r\n}\r\n}\r\n@media screen and (min-width: 993px) and (max-width: 1200px) {\r\n.dpums69f363457856b {\r\ndisplay: none;\r\n}\r\n}\r\n@media screen and (min-width: 769px) and (max-width: 992px) {\r\n.dpums69f363457856b {\r\ndisplay: none;\r\n}\r\n}\r\n@media screen and (min-width: 768px) and (max-width: 768px) {\r\n.dpums69f363457856b {\r\ndisplay: block;\r\n}\r\n}\r\n@media screen and (max-width: 767px) {\r\n.dpums69f363457856b {\r\ndisplay: block;\r\n}\r\n}\r\n<\/style>\r\n<div class=\"fkvfy69f3634578549\" ><!--<a href=\"https:\/\/bit.ly\/3QdrqTZ\" target=\"_blank\">\n<img src=\"https:\/\/justicapotiguar.com.br\/wp-content\/uploads\/2023\/09\/desktop-geral.gif\"\/><a\/>--><\/div><style type=\"text\/css\">\r\n.fkvfy69f3634578549 {\r\ntext-align: center;\nmargin-bottom: 1em;\r\n}\r\n@media screen and (min-width: 1201px) {\r\n.fkvfy69f3634578549 {\r\ndisplay: block;\r\n}\r\n}\r\n@media screen and (min-width: 993px) and (max-width: 1200px) {\r\n.fkvfy69f3634578549 {\r\ndisplay: block;\r\n}\r\n}\r\n@media screen and (min-width: 769px) and (max-width: 992px) {\r\n.fkvfy69f3634578549 {\r\ndisplay: block;\r\n}\r\n}\r\n@media screen and (min-width: 768px) and (max-width: 768px) {\r\n.fkvfy69f3634578549 {\r\ndisplay: none;\r\n}\r\n}\r\n@media screen and (max-width: 767px) {\r\n.fkvfy69f3634578549 {\r\ndisplay: none;\r\n}\r\n}\r\n<\/style>\r\n\n\n\n\n<p><strong>Recomenda\u00e7\u00e3o conjunta \u2013<\/strong>&nbsp;O procurador do Trabalho da PTM de Mossor\u00f3 Gleydson Gadelha tamb\u00e9m se reuniu, nesta quarta-feira (25), com a titular da 2\u00aa Promotoria de Justi\u00e7a da cidade, Ana Ximenes, para defini\u00e7\u00e3o de uma recomenda\u00e7\u00e3o a todos os supermercados, drogarias e farm\u00e1cias do Munic\u00edpio, listados em uma recomenda\u00e7\u00e3o conjunta.<\/p>\n\n\n\n<p>De acordo com o documento, os estabelecimentos devem, no prazo de 48 horas, cumprir as medidas estabelecidas no Decreto Estadual n.\u00ba 29.541, de 20 de mar\u00e7o de 2020, que definiu medidas restritivas tempor\u00e1rias para o enfrentamento do novo coronav\u00edrus (COVID-19). A rela\u00e7\u00e3o descritiva das provid\u00eancias adotadas devem ser enviadas ao Minsit\u00e9rio P\u00fablico.<\/p>\n\n\n\n<p><strong>Aprimorar a fiscaliza\u00e7\u00e3o \u2013\u00a0<\/strong>O MPT em Mossor\u00f3 tamb\u00e9m recomendou, \u00e0 Prefeitura, que formalize a situa\u00e7\u00e3o dos servidores do Centro de Refer\u00eancia em Sa\u00fade do Trabalhador do Munic\u00edpio de Mossor\u00f3 (Cerest), para que lhes seja atribu\u00eddo o poder de pol\u00edcia para fiscaliza\u00e7\u00e3o. O pedido decorre da aus\u00eancia de portarias formais de fiscaliza\u00e7\u00e3o, e da necessidade de agregar o trabalho que os servidores do Cerest j\u00e1 t\u00eam feito em fiscaliza\u00e7\u00f5es em prol da coletividade e dos trabalhadores.<\/p>\n\n\n\n<p><strong>MPT RN<\/strong><\/p>\n","protected":false},"excerpt":{"rendered":"<p>\u00d3rg\u00e3o tamb\u00e9m solicitou incremento da fiscaliza\u00e7\u00e3o, com regulariza\u00e7\u00e3o do trabalho dos servidores do Centro de Refer\u00eancia em Sa\u00fade do Trabalhador do Munic\u00edpio (Cerest)<br \/><a class=\"more-link\" href=\"https:\/\/justicapotiguar.com.br\/index.php\/2020\/03\/27\/coronavirus-mpt-em-mossoro-recomenda-medidas-de-protecao-a-trabalhadores-do-comercio-e-de-servicos-de-teleatendimento\/\">Mais&#8230;<\/a><\/p>\n","protected":false},"author":6,"featured_media":7966,"comment_status":"open","ping_status":"open","sticky":false,"template":"","format":"standard","meta":[],"categories":[3],"tags":[],"_links":{"self":[{"href":"https:\/\/justicapotiguar.com.br\/index.php\/wp-json\/wp\/v2\/posts\/7965"}],"collection":[{"href":"https:\/\/justicapotiguar.com.br\/index.php\/wp-json\/wp\/v2\/posts"}],"about":[{"href":"https:\/\/justicapotiguar.com.br\/index.php\/wp-json\/wp\/v2\/types\/post"}],"author":[{"embeddable":true,"href":"https:\/\/justicapotiguar.com.br\/index.php\/wp-json\/wp\/v2\/users\/6"}],"replies":[{"embeddable":true,"href":"https:\/\/justicapotiguar.com.br\/index.php\/wp-json\/wp\/v2\/comments?post=7965"}],"version-history":[{"count":1,"href":"https:\/\/justicapotiguar.com.br\/index.php\/wp-json\/wp\/v2\/posts\/7965\/revisions"}],"predecessor-version":[{"id":7967,"href":"https:\/\/justicapotiguar.com.br\/index.php\/wp-json\/wp\/v2\/posts\/7965\/revisions\/7967"}],"wp:featuredmedia":[{"embeddable":true,"href":"https:\/\/justicapotiguar.com.br\/index.php\/wp-json\/wp\/v2\/media\/7966"}],"wp:attachment":[{"href":"https:\/\/justicapotiguar.com.br\/index.php\/wp-json\/wp\/v2\/media?parent=7965"}],"wp:term":[{"taxonomy":"category","embeddable":true,"href":"https:\/\/justicapotiguar.com.br\/index.php\/wp-json\/wp\/v2\/categories?post=7965"},{"taxonomy":"post_tag","embeddable":true,"href":"https:\/\/justicapotiguar.com.br\/index.php\/wp-json\/wp\/v2\/tags?post=7965"}],"curies":[{"name":"wp","href":"https:\/\/api.w.org\/{rel}","templated":true}]}}