{"id":7793,"date":"2020-03-25T18:15:34","date_gmt":"2020-03-25T21:15:34","guid":{"rendered":"https:\/\/justicapotiguar.com.br\/?p=7793"},"modified":"2020-03-25T18:15:07","modified_gmt":"2020-03-25T21:15:07","slug":"ministro-do-stf-mantem-mps-editadas-para-combater-efeitos-da-pandemia","status":"publish","type":"post","link":"https:\/\/justicapotiguar.com.br\/index.php\/2020\/03\/25\/ministro-do-stf-mantem-mps-editadas-para-combater-efeitos-da-pandemia\/","title":{"rendered":"Ministro do STF mant\u00e9m MPs editadas para combater efeitos da pandemia"},"content":{"rendered":"\n<figure class=\"wp-block-image\"><img loading=\"lazy\" width=\"1024\" height=\"613\" src=\"https:\/\/justicapotiguar.com.br\/wp-content\/uploads\/2020\/03\/fcpzzb_abr_2111198485-1024x613.jpg\" alt=\"\" class=\"wp-image-7794\" srcset=\"https:\/\/justicapotiguar.com.br\/wp-content\/uploads\/2020\/03\/fcpzzb_abr_2111198485-1024x613.jpg 1024w, https:\/\/justicapotiguar.com.br\/wp-content\/uploads\/2020\/03\/fcpzzb_abr_2111198485-300x179.jpg 300w, https:\/\/justicapotiguar.com.br\/wp-content\/uploads\/2020\/03\/fcpzzb_abr_2111198485-768x459.jpg 768w, https:\/\/justicapotiguar.com.br\/wp-content\/uploads\/2020\/03\/fcpzzb_abr_2111198485.jpg 1170w\" sizes=\"(max-width: 1024px) 100vw, 1024px\" \/><figcaption><strong>Foto:   Fabio Rodrigues Pozzebom<\/strong><\/figcaption><\/figure>\n\n\n\n<p>O ministro do Supremo Tribunal Federal (STF) Marco Aur\u00e9lio negou&nbsp;hoje&nbsp;(25) pedido da Rede Sustentabilidade para suspender dispositivos das medidas provis\u00f3rias (MPs) 926\/2020 e 927\/2020, editadas pelo presidente Jair Bolsonaro em meio \u00e0 situa\u00e7\u00e3o de calamidade p\u00fablica provocada pela pandemia do novo coronav\u00edrus (covid-19).&nbsp;<\/p>\n\n\n\n<p>A MP 926 estabeleceu que decis\u00f5es estaduais que determinem a restri\u00e7\u00e3o de locomo\u00e7\u00e3o intermunicipal&nbsp;<a href=\"https:\/\/agenciabrasil.ebc.com.br\/geral\/noticia\/2020-03\/bolsonaro-edita-mp-e-decreto-para-definir-atividades-essenciais\" target=\"_blank\" rel=\"noreferrer noopener\">devem ser condicionadas \u00e0 fundamenta\u00e7\u00e3o t\u00e9cnica<\/a>&nbsp;da Ag\u00eancia Nacional de Vigil\u00e2ncia Sanit\u00e1ria (Anvisa). A MP 927&nbsp;<a href=\"https:\/\/agenciabrasil.ebc.com.br\/politica\/noticia\/2020-03\/mp-permite-suspensao-do-contrato-de-trabalho-por-ate-quatro-messes\" target=\"_blank\" rel=\"noreferrer noopener\">normatizou medidas trabalhistas durante o per\u00edodo de enfrentamento da doen\u00e7a<\/a>.&nbsp;<\/p><div class=\"uxwun69efb41e6c06b\" ><!--<a href=\"https:\/\/bit.ly\/3QdrqTZ\" target=\"_blank\">\n<img src=\"https:\/\/justicapotiguar.com.br\/wp-content\/uploads\/2023\/09\/mobile-geral.gif\"\/><a\/>--><\/div><style type=\"text\/css\">\r\n.uxwun69efb41e6c06b {\r\ntext-align: center;\r\n}\r\n@media screen and (min-width: 1201px) {\r\n.uxwun69efb41e6c06b {\r\ndisplay: none;\r\n}\r\n}\r\n@media screen and (min-width: 993px) and (max-width: 1200px) {\r\n.uxwun69efb41e6c06b {\r\ndisplay: none;\r\n}\r\n}\r\n@media screen and (min-width: 769px) and (max-width: 992px) {\r\n.uxwun69efb41e6c06b {\r\ndisplay: none;\r\n}\r\n}\r\n@media screen and (min-width: 768px) and (max-width: 768px) {\r\n.uxwun69efb41e6c06b {\r\ndisplay: block;\r\n}\r\n}\r\n@media screen and (max-width: 767px) {\r\n.uxwun69efb41e6c06b {\r\ndisplay: block;\r\n}\r\n}\r\n<\/style>\r\n<div class=\"bdqpk69efb41e6c052\" ><!--<a href=\"https:\/\/bit.ly\/3QdrqTZ\" target=\"_blank\">\n<img src=\"https:\/\/justicapotiguar.com.br\/wp-content\/uploads\/2023\/09\/desktop-geral.gif\"\/><a\/>--><\/div><style type=\"text\/css\">\r\n.bdqpk69efb41e6c052 {\r\ntext-align: center;\nmargin-bottom: 1em;\r\n}\r\n@media screen and (min-width: 1201px) {\r\n.bdqpk69efb41e6c052 {\r\ndisplay: block;\r\n}\r\n}\r\n@media screen and (min-width: 993px) and (max-width: 1200px) {\r\n.bdqpk69efb41e6c052 {\r\ndisplay: block;\r\n}\r\n}\r\n@media screen and (min-width: 769px) and (max-width: 992px) {\r\n.bdqpk69efb41e6c052 {\r\ndisplay: block;\r\n}\r\n}\r\n@media screen and (min-width: 768px) and (max-width: 768px) {\r\n.bdqpk69efb41e6c052 {\r\ndisplay: none;\r\n}\r\n}\r\n@media screen and (max-width: 767px) {\r\n.bdqpk69efb41e6c052 {\r\ndisplay: none;\r\n}\r\n}\r\n<\/style>\r\n\n\n\n\n<p>Na decis\u00e3o, o ministro Marco Aur\u00e9lio entendeu que as medidas provis\u00f3rias ainda ser\u00e3o\u00a0analisadas pelo Congresso e n\u00e3o h\u00e1 motivos para interven\u00e7\u00e3o da Justi\u00e7a neste momento.<\/p>\n\n\n\n<p><strong>Ag\u00eancia Brasil<\/strong><\/p>\n","protected":false},"excerpt":{"rendered":"<p>Marco Aur\u00e9lio negou pedido da Rede Sustentabilidade<br \/><a class=\"more-link\" href=\"https:\/\/justicapotiguar.com.br\/index.php\/2020\/03\/25\/ministro-do-stf-mantem-mps-editadas-para-combater-efeitos-da-pandemia\/\">Mais&#8230;<\/a><\/p>\n","protected":false},"author":6,"featured_media":7794,"comment_status":"open","ping_status":"open","sticky":false,"template":"","format":"standard","meta":[],"categories":[3],"tags":[],"_links":{"self":[{"href":"https:\/\/justicapotiguar.com.br\/index.php\/wp-json\/wp\/v2\/posts\/7793"}],"collection":[{"href":"https:\/\/justicapotiguar.com.br\/index.php\/wp-json\/wp\/v2\/posts"}],"about":[{"href":"https:\/\/justicapotiguar.com.br\/index.php\/wp-json\/wp\/v2\/types\/post"}],"author":[{"embeddable":true,"href":"https:\/\/justicapotiguar.com.br\/index.php\/wp-json\/wp\/v2\/users\/6"}],"replies":[{"embeddable":true,"href":"https:\/\/justicapotiguar.com.br\/index.php\/wp-json\/wp\/v2\/comments?post=7793"}],"version-history":[{"count":1,"href":"https:\/\/justicapotiguar.com.br\/index.php\/wp-json\/wp\/v2\/posts\/7793\/revisions"}],"predecessor-version":[{"id":7795,"href":"https:\/\/justicapotiguar.com.br\/index.php\/wp-json\/wp\/v2\/posts\/7793\/revisions\/7795"}],"wp:featuredmedia":[{"embeddable":true,"href":"https:\/\/justicapotiguar.com.br\/index.php\/wp-json\/wp\/v2\/media\/7794"}],"wp:attachment":[{"href":"https:\/\/justicapotiguar.com.br\/index.php\/wp-json\/wp\/v2\/media?parent=7793"}],"wp:term":[{"taxonomy":"category","embeddable":true,"href":"https:\/\/justicapotiguar.com.br\/index.php\/wp-json\/wp\/v2\/categories?post=7793"},{"taxonomy":"post_tag","embeddable":true,"href":"https:\/\/justicapotiguar.com.br\/index.php\/wp-json\/wp\/v2\/tags?post=7793"}],"curies":[{"name":"wp","href":"https:\/\/api.w.org\/{rel}","templated":true}]}}