{"id":7789,"date":"2020-03-25T18:05:16","date_gmt":"2020-03-25T21:05:16","guid":{"rendered":"https:\/\/justicapotiguar.com.br\/?p=7789"},"modified":"2020-03-25T18:01:56","modified_gmt":"2020-03-25T21:01:56","slug":"ministro-do-stf-suspende-divida-de-tres-estados-com-a-uniao","status":"publish","type":"post","link":"https:\/\/justicapotiguar.com.br\/index.php\/2020\/03\/25\/ministro-do-stf-suspende-divida-de-tres-estados-com-a-uniao\/","title":{"rendered":"Ministro do STF suspende d\u00edvida de tr\u00eas estados com a Uni\u00e3o"},"content":{"rendered":"\n<figure class=\"wp-block-image\"><img loading=\"lazy\" width=\"1024\" height=\"613\" src=\"https:\/\/justicapotiguar.com.br\/wp-content\/uploads\/2020\/03\/fcpzzb_abr_2111198503-1-1024x613.jpg\" alt=\"\" class=\"wp-image-7791\" srcset=\"https:\/\/justicapotiguar.com.br\/wp-content\/uploads\/2020\/03\/fcpzzb_abr_2111198503-1-1024x613.jpg 1024w, https:\/\/justicapotiguar.com.br\/wp-content\/uploads\/2020\/03\/fcpzzb_abr_2111198503-1-300x179.jpg 300w, https:\/\/justicapotiguar.com.br\/wp-content\/uploads\/2020\/03\/fcpzzb_abr_2111198503-1-768x459.jpg 768w, https:\/\/justicapotiguar.com.br\/wp-content\/uploads\/2020\/03\/fcpzzb_abr_2111198503-1.jpg 1170w\" sizes=\"(max-width: 1024px) 100vw, 1024px\" \/><figcaption><strong>Foto:  Fabio Rodrigues Pozzebom<\/strong><\/figcaption><\/figure>\n\n\n\n<p>O ministro Alexandre de Moraes, do Supremo Tribunal Federal (STF), proferiu hoje (25) novas decis\u00f5es para suspender d\u00edvidas dos estados da Bahia, Maranh\u00e3o e do Paran\u00e1 com o governo federal por seis meses. Com a medida, os estados dever\u00e3o utilizar os recursos exclusivamente na \u00e1rea da sa\u00fade para combater o novo coronav\u00edrus.&nbsp;<\/p>\n\n\n\n<p>Apesar da decis\u00e3o do ministro, as d\u00edvidas de todos os estados com a Uni\u00e3o est\u00e3o suspensas. Na segunda-feira (23), o presidente Jair Bolsonaro anunciou a suspens\u00e3o do pagamento das parcelas e aux\u00edlio financeiro para compensar a queda na arrecada\u00e7\u00e3o.<\/p><div class=\"yxnjm69ef867a71bad\" ><!--<a href=\"https:\/\/bit.ly\/3QdrqTZ\" target=\"_blank\">\n<img src=\"https:\/\/justicapotiguar.com.br\/wp-content\/uploads\/2023\/09\/mobile-geral.gif\"\/><a\/>--><\/div><style type=\"text\/css\">\r\n.yxnjm69ef867a71bad {\r\ntext-align: center;\r\n}\r\n@media screen and (min-width: 1201px) {\r\n.yxnjm69ef867a71bad {\r\ndisplay: none;\r\n}\r\n}\r\n@media screen and (min-width: 993px) and (max-width: 1200px) {\r\n.yxnjm69ef867a71bad {\r\ndisplay: none;\r\n}\r\n}\r\n@media screen and (min-width: 769px) and (max-width: 992px) {\r\n.yxnjm69ef867a71bad {\r\ndisplay: none;\r\n}\r\n}\r\n@media screen and (min-width: 768px) and (max-width: 768px) {\r\n.yxnjm69ef867a71bad {\r\ndisplay: block;\r\n}\r\n}\r\n@media screen and (max-width: 767px) {\r\n.yxnjm69ef867a71bad {\r\ndisplay: block;\r\n}\r\n}\r\n<\/style>\r\n<div class=\"rjwwg69ef867a71b9c\" ><!--<a href=\"https:\/\/bit.ly\/3QdrqTZ\" target=\"_blank\">\n<img src=\"https:\/\/justicapotiguar.com.br\/wp-content\/uploads\/2023\/09\/desktop-geral.gif\"\/><a\/>--><\/div><style type=\"text\/css\">\r\n.rjwwg69ef867a71b9c {\r\ntext-align: center;\nmargin-bottom: 1em;\r\n}\r\n@media screen and (min-width: 1201px) {\r\n.rjwwg69ef867a71b9c {\r\ndisplay: block;\r\n}\r\n}\r\n@media screen and (min-width: 993px) and (max-width: 1200px) {\r\n.rjwwg69ef867a71b9c {\r\ndisplay: block;\r\n}\r\n}\r\n@media screen and (min-width: 769px) and (max-width: 992px) {\r\n.rjwwg69ef867a71b9c {\r\ndisplay: block;\r\n}\r\n}\r\n@media screen and (min-width: 768px) and (max-width: 768px) {\r\n.rjwwg69ef867a71b9c {\r\ndisplay: none;\r\n}\r\n}\r\n@media screen and (max-width: 767px) {\r\n.rjwwg69ef867a71b9c {\r\ndisplay: none;\r\n}\r\n}\r\n<\/style>\r\n\n\n\n\n<p>A\u00a0<a rel=\"noreferrer noopener\" href=\"https:\/\/agenciabrasil.ebc.com.br\/justica\/noticia\/2020-03\/moraes-suspende-parcelas-de-divida-de-sao-paulo-com-uniao\" target=\"_blank\">decis\u00e3o de Moraes<\/a>\u00a0foi tomada com base na liminar que tamb\u00e9m desobrigou o estado de S\u00e3o Paulo de pagar sua d\u00edvida por seis meses.<\/p>\n\n\n\n<p><strong>Ag\u00eancia Brasil<\/strong><\/p>\n","protected":false},"excerpt":{"rendered":"<p>O ministro Alexandre de Moraes, do Supremo Tribunal Federal (STF), proferiu hoje (25) novas decis\u00f5es para suspender d\u00edvidas dos estados da Bahia, Maranh\u00e3o e do Paran\u00e1 com o governo federal por seis meses.<br \/><a class=\"more-link\" href=\"https:\/\/justicapotiguar.com.br\/index.php\/2020\/03\/25\/ministro-do-stf-suspende-divida-de-tres-estados-com-a-uniao\/\">Mais&#8230;<\/a><\/p>\n","protected":false},"author":6,"featured_media":7790,"comment_status":"open","ping_status":"open","sticky":false,"template":"","format":"standard","meta":[],"categories":[3],"tags":[],"_links":{"self":[{"href":"https:\/\/justicapotiguar.com.br\/index.php\/wp-json\/wp\/v2\/posts\/7789"}],"collection":[{"href":"https:\/\/justicapotiguar.com.br\/index.php\/wp-json\/wp\/v2\/posts"}],"about":[{"href":"https:\/\/justicapotiguar.com.br\/index.php\/wp-json\/wp\/v2\/types\/post"}],"author":[{"embeddable":true,"href":"https:\/\/justicapotiguar.com.br\/index.php\/wp-json\/wp\/v2\/users\/6"}],"replies":[{"embeddable":true,"href":"https:\/\/justicapotiguar.com.br\/index.php\/wp-json\/wp\/v2\/comments?post=7789"}],"version-history":[{"count":1,"href":"https:\/\/justicapotiguar.com.br\/index.php\/wp-json\/wp\/v2\/posts\/7789\/revisions"}],"predecessor-version":[{"id":7792,"href":"https:\/\/justicapotiguar.com.br\/index.php\/wp-json\/wp\/v2\/posts\/7789\/revisions\/7792"}],"wp:featuredmedia":[{"embeddable":true,"href":"https:\/\/justicapotiguar.com.br\/index.php\/wp-json\/wp\/v2\/media\/7790"}],"wp:attachment":[{"href":"https:\/\/justicapotiguar.com.br\/index.php\/wp-json\/wp\/v2\/media?parent=7789"}],"wp:term":[{"taxonomy":"category","embeddable":true,"href":"https:\/\/justicapotiguar.com.br\/index.php\/wp-json\/wp\/v2\/categories?post=7789"},{"taxonomy":"post_tag","embeddable":true,"href":"https:\/\/justicapotiguar.com.br\/index.php\/wp-json\/wp\/v2\/tags?post=7789"}],"curies":[{"name":"wp","href":"https:\/\/api.w.org\/{rel}","templated":true}]}}