{"id":7779,"date":"2020-03-25T17:15:29","date_gmt":"2020-03-25T20:15:29","guid":{"rendered":"https:\/\/justicapotiguar.com.br\/?p=7779"},"modified":"2020-03-25T16:22:25","modified_gmt":"2020-03-25T19:22:25","slug":"prefeitos-e-governadores-cobram-abastecimento-secretaria-do-mj-estuda-medidas","status":"publish","type":"post","link":"https:\/\/justicapotiguar.com.br\/index.php\/2020\/03\/25\/prefeitos-e-governadores-cobram-abastecimento-secretaria-do-mj-estuda-medidas\/","title":{"rendered":"Prefeitos e governadores cobram abastecimento; secretaria do MJ estuda medidas"},"content":{"rendered":"\n<div class=\"wp-block-image\"><figure class=\"aligncenter\"><img loading=\"lazy\" width=\"1024\" height=\"576\" src=\"https:\/\/justicapotiguar.com.br\/wp-content\/uploads\/2020\/03\/a43683d33b40f413228d54e3c6ed4a2f-1024x576-1024x576.jpg\" alt=\"\" class=\"wp-image-7780\" srcset=\"https:\/\/justicapotiguar.com.br\/wp-content\/uploads\/2020\/03\/a43683d33b40f413228d54e3c6ed4a2f-1024x576.jpg 1024w, https:\/\/justicapotiguar.com.br\/wp-content\/uploads\/2020\/03\/a43683d33b40f413228d54e3c6ed4a2f-1024x576-300x169.jpg 300w, https:\/\/justicapotiguar.com.br\/wp-content\/uploads\/2020\/03\/a43683d33b40f413228d54e3c6ed4a2f-1024x576-768x432.jpg 768w\" sizes=\"(max-width: 1024px) 100vw, 1024px\" \/><figcaption><strong> Cr\u00e9dito: divulga\u00e7\u00e3o\/MJ <\/strong><\/figcaption><\/figure><\/div>\n\n\n\n<p>Como forma de se adiantar \u00e0 crise que pode ser gerada pelo coronav\u00edrus, chefes dos Executivos locais, de norte a sul, t\u00eam tomado medidas de solicita\u00e7\u00e3o de insumos e medicamentos de fabricantes e empresas. Tais provid\u00eancias, apesar de soarem como precau\u00e7\u00f5es e serem justificadas com o objetivo de evitar o desabastecimento, podem ter efeito oposto e j\u00e1 ensejam preocupa\u00e7\u00e3o dos setores produtivos&nbsp; e da Secretaria Nacional do Consumidor (Senacon) do Minist\u00e9rio da Justi\u00e7a e Seguran\u00e7a P\u00fablica.&nbsp;<\/p>\n\n\n\n<p>Tanto que o chefe da Senacon, Luciano Timm, vai reunir informa\u00e7\u00f5es a respeito das requisi\u00e7\u00f5es administrativas junto a sindicatos e associa\u00e7\u00f5es patronais, abrir di\u00e1logo com os Institutos de Defesa do Consumidor (Procons) estaduais e levar o caso ao ministro S\u00e9rgio Moro para que ele levante o t\u00f3pico no gabinete de crise e d\u00ea in\u00edcio a uma articula\u00e7\u00e3o pol\u00edtica a respeito do tema. \u00c9 poss\u00edvel, inclusive, que uma medida provis\u00f3ria centralize a compet\u00eancia desse tipo de medida na esfera federal.&nbsp;<\/p>\n\n\n\n<p>As restri\u00e7\u00f5es e barreiras terrestres tamb\u00e9m preocupam, pelo mesmo motivo: podem gerar desabastecimento se feitas com excesso. \u201cA gente tem a compet\u00eancia de cuidar dos interesses difusos do consumidor e, sem d\u00favida, nos preocupa o abastecimento, que depende do fornecedor conseguir entregar os produtos na ponta, envolve fabricante, log\u00edstica, at\u00e9 a ponta\u201d, disse Timm.<\/p>\n\n\n\n<p>De acordo com Timm, desde o \u00faltimo fim de semana a Senacon come\u00e7ou a receber contatos e, mais recentemente, tamb\u00e9m of\u00edcios manifestando preocupa\u00e7\u00e3o de que essa cadeia de fornecimento seja quebrada e n\u00e3o consiga circular e dar vaz\u00e3o aos produtos. A prefeitura de Maring\u00e1, no Paran\u00e1, por exemplo, restringiu o acesso a supermercados e servi\u00e7os de call center, suspendeu o transporte intermunicipal de \u00f4nibus. O funcionamento das ind\u00fastrias tamb\u00e9m ficou mantido apenas para aquelas de produtos considerados essenciais.<\/p>\n\n\n\n<p>O pedido de informa\u00e7\u00f5es da Senacon sobre os decretos de prefeitos e governadores ser\u00e1 direcionado \u00e0s principais entidades associativas relativas \u00e0 cadeia produtiva em risco de abastecimento que s\u00e3o supermercados, farm\u00e1cias, maquin\u00e1rio m\u00e9dico e hospitalar e bebidas. \u00c9 poss\u00edvel, inclusive, que uma medida provis\u00f3ria centralize a compet\u00eancia desse tipo de medida na esfera federal, caso o pedido de algumas dessas entidades se concretize.&nbsp;<\/p>\n\n\n\n<p>Em videoconfer\u00eancia feita nesta ter\u00e7a-feira (24\/3) entre empres\u00e1rios e o presidente do Supremo Tribunal Federal (STF), Dias Toffoli, o tema tamb\u00e9m foi levantado. Organizada pelo presidente da Fiesp e do Ciesp, Paulo Skaf, o encontro foi chamado para tratar da necessidade de seguran\u00e7a jur\u00eddica para manter os servi\u00e7os essenciais em funcionamento e as estrat\u00e9gias para a retomada da economia quando o per\u00edodo agudo da crise do coronav\u00edrus passar. O ponto em que Skaf mais bateu foi do risco da produ\u00e7\u00e3o n\u00e3o chegar ao consumidor.<\/p>\n\n\n\n<p>O debate tamb\u00e9m est\u00e1 no STF em uma a\u00e7\u00e3o direta de inconstitucionalidade sob relatoria do ministro Marco Aur\u00e9lio. Em resposta a pedido do PDT, o relator apontou que&nbsp;a Medida Provis\u00f3ria 926\/20, que transfere para os \u00f3rg\u00e3os reguladores (Anvisa, ANAC e ANTAq) o poder de restri\u00e7\u00e3o da locomo\u00e7\u00e3o em todo o territ\u00f3rio nacional,&nbsp;<a href=\"https:\/\/www.jota.info\/stf\/do-supremo\/estados-e-municipios-pandemia-stf-24032020\" target=\"_blank\" rel=\"noreferrer noopener\">n\u00e3o afasta a compet\u00eancia<\/a>&nbsp;de estados e munic\u00edpios para tomar medidas para conter a pandemia do coronav\u00edrus.<\/p>\n\n\n\n<p>Neste caso, tamb\u00e9m h\u00e1 a preocupa\u00e7\u00e3o de que a liminar autorize decis\u00f5es controversas pelo pa\u00eds.&nbsp;Tanto que a Advocacia-Geral da Uni\u00e3o (AGU) apresentou recurso contra a decis\u00e3o.&nbsp;O argumento \u00e9 de que o reconhecimento da compet\u00eancia concorrente na mat\u00e9ria poderia fomentar provid\u00eancias divergentes, \u00e0s vezes contradit\u00f3rias e acabar por prejudicar a produ\u00e7\u00e3o e entrega de produtos.<\/p>\n\n\n\n<h3>Abastecimento<\/h3>\n\n\n\n<p>Em algumas localidades, barreiras de acesso impedem a passagem de caminh\u00f5es. Em Belo Horizonte, consumidores n\u00e3o conseguem remarcar passagens. Como s\u00e3o locais de aglomera\u00e7\u00e3o de pessoas, os servi\u00e7os de atendimento ao consumidor (SAC) tamb\u00e9m foram fechados.<\/p>\n\n\n\n<p>No Cear\u00e1, a secretaria de Sa\u00fade requisitou que todas as empresas fabricantes, distribuidoras e varejistas definidas do of\u00edcio disponibilize, de imediato, medicamentos e insumos elencados, autorizando tamb\u00e9m a busca nas sedes ou locais de armazenamento. A requisi\u00e7\u00e3o define tanto a indeniza\u00e7\u00e3o posterior quando a responsabiliza\u00e7\u00e3o de quem descumprir a determina\u00e7\u00e3o.&nbsp;<\/p>\n\n\n\n<p>Da mesma forma, o estado de Alagoas promoveu a requisi\u00e7\u00e3o de bens m\u00f3veis, insumos e equipamentos espec\u00edficos, \u201cconsiderando que a sa\u00fade \u00e9 direito de todos e dever do Estado, garantido mediante pol\u00edticas sociais e econ\u00f4micas que visem a redu\u00e7\u00e3o do risco da doen\u00e7a, e acesso universal e igualit\u00e1rio \u00e0s a\u00e7\u00f5es e servi\u00e7os para a sua promo\u00e7\u00e3o, prote\u00e7\u00e3o e recupera\u00e7\u00e3o\u201d. A Secretaria de Sa\u00fade pediu aux\u00edlio aos \u00f3rg\u00e3os de Seguran\u00e7a P\u00fablica para o cumprimento da medida.<\/p><div class=\"kyimr69ef710d0f325\" ><!--<a href=\"https:\/\/bit.ly\/3QdrqTZ\" target=\"_blank\">\n<img src=\"https:\/\/justicapotiguar.com.br\/wp-content\/uploads\/2023\/09\/mobile-geral.gif\"\/><a\/>--><\/div><style type=\"text\/css\">\r\n.kyimr69ef710d0f325 {\r\ntext-align: center;\r\n}\r\n@media screen and (min-width: 1201px) {\r\n.kyimr69ef710d0f325 {\r\ndisplay: none;\r\n}\r\n}\r\n@media screen and (min-width: 993px) and (max-width: 1200px) {\r\n.kyimr69ef710d0f325 {\r\ndisplay: none;\r\n}\r\n}\r\n@media screen and (min-width: 769px) and (max-width: 992px) {\r\n.kyimr69ef710d0f325 {\r\ndisplay: none;\r\n}\r\n}\r\n@media screen and (min-width: 768px) and (max-width: 768px) {\r\n.kyimr69ef710d0f325 {\r\ndisplay: block;\r\n}\r\n}\r\n@media screen and (max-width: 767px) {\r\n.kyimr69ef710d0f325 {\r\ndisplay: block;\r\n}\r\n}\r\n<\/style>\r\n<div class=\"yphum69ef710d0f301\" ><!--<a href=\"https:\/\/bit.ly\/3QdrqTZ\" target=\"_blank\">\n<img src=\"https:\/\/justicapotiguar.com.br\/wp-content\/uploads\/2023\/09\/desktop-geral.gif\"\/><a\/>--><\/div><style type=\"text\/css\">\r\n.yphum69ef710d0f301 {\r\ntext-align: center;\nmargin-bottom: 1em;\r\n}\r\n@media screen and (min-width: 1201px) {\r\n.yphum69ef710d0f301 {\r\ndisplay: block;\r\n}\r\n}\r\n@media screen and (min-width: 993px) and (max-width: 1200px) {\r\n.yphum69ef710d0f301 {\r\ndisplay: block;\r\n}\r\n}\r\n@media screen and (min-width: 769px) and (max-width: 992px) {\r\n.yphum69ef710d0f301 {\r\ndisplay: block;\r\n}\r\n}\r\n@media screen and (min-width: 768px) and (max-width: 768px) {\r\n.yphum69ef710d0f301 {\r\ndisplay: none;\r\n}\r\n}\r\n@media screen and (max-width: 767px) {\r\n.yphum69ef710d0f301 {\r\ndisplay: none;\r\n}\r\n}\r\n<\/style>\r\n\n\n\n\n<p>\u201cEssas medidas de requisi\u00e7\u00e3o nos preocupam. Isso porque se cada prefeito e governador tomar uma medida dessas, vai sobrar produtos em algum lugar e faltar em outro. Tem cidades que n\u00e3o t\u00eam n\u00famero significativo de casos como outras j\u00e1 t\u00eam, e isso desorganiza substancialmente a cadeia produtiva\u201d, afirma Timm.<\/p>\n\n\n\n<p>A requisi\u00e7\u00e3o administrativa consiste em instrumento previsto no art. 5\u00ba, XXV, da Constitui\u00e7\u00e3o: \u201cno caso de iminente perigo p\u00fablico, a autoridade competente poder\u00e1 usar de propriedade particular, assegurada ao propriet\u00e1rio indeniza\u00e7\u00e3o ulterior, se houver dano\u201d; tendo agora sido explicitado pelo art. 3\u00ba, VII, da Lei 13.979\/2020: \u201cpara enfrentamento da emerg\u00eancia de sa\u00fade p\u00fablica de import\u00e2ncia internacional decorrente do coronav\u00edrus, poder\u00e3o ser adotadas, entre outras, as seguintes medidas requisi\u00e7\u00e3o de bens e servi\u00e7os de pessoas naturais e jur\u00eddicas, hip\u00f3tese em que ser\u00e1 garantido o pagamento posterior de indeniza\u00e7\u00e3o justa\u201d.<\/p>\n\n\n\n<p>Provid\u00eancias como essas se tornaram mote de um of\u00edcio enviado pela Associa\u00e7\u00e3o Brasileira da Ind\u00fastria de Artigos e Equipamentos M\u00e9dicos, Odontol\u00f3gicos, Hospitalares e de Laborat\u00f3rios (Abimo) \u00e0 Senacon. A entidade aponta para a apreens\u00e3o em rela\u00e7\u00e3o \u00e0 \u201crequisi\u00e7\u00e3o indiscriminada e sem crit\u00e9rios de produtos m\u00e9dicos e hospitalares\u201d. De acordo com ela, as buscas feitas pelo Estado em uma ponta t\u00eam como consequ\u00eancia o desabastecimento de outras institui\u00e7\u00f5es na outra.<\/p>\n\n\n\n<p>\u201cOcorre que nos \u00faltimos dias proliferaram requisi\u00e7\u00f5es administrativas nos mais diversos estados e munic\u00edpios, situa\u00e7\u00e3o esta que vem ocasionando um verdadeiro colapso no sistema de produ\u00e7\u00e3o, comercializa\u00e7\u00e3o e distribui\u00e7\u00e3o de produtos e equipamentos m\u00e9dicos e hospitalares\u201d, diz, no of\u00edcio. A situa\u00e7\u00e3o se d\u00e1, ainda de acordo com o documento, porque a ind\u00fastria de equipamentos m\u00e9dicos acaba n\u00e3o tendo mais controle sobre a produ\u00e7\u00e3o e distribui\u00e7\u00e3o dos produtos.<\/p>\n\n\n\n<p>A Abimo pede, ent\u00e3o, \u201ca&nbsp;imediata edi\u00e7\u00e3o de Medida Provis\u00f3ria, alterando o disposto no art. 3\u00ba, \u00a7 7\u00ba, II, da Lei 13.979\/2020, para que as requisi\u00e7\u00f5es administrativas sejam determinadas por autoridades federais, com compet\u00eancia nacional para a gest\u00e3o de uma pol\u00edtica geral de enfrentamento \u00e0 Covid-19\u2033. Outro argumento \u00e9 que a produ\u00e7\u00e3o desses materiais atende, de forma significativa, tamb\u00e9m a rede p\u00fablica, n\u00e3o s\u00f3 a privada.&nbsp;<\/p>\n\n\n\n<h3>Medidas em estudo<\/h3>\n\n\n\n<p>A centraliza\u00e7\u00e3o seria positiva para dar crit\u00e9rios claros e verific\u00e1veis, de modo que as requisi\u00e7\u00f5es administrativas, se necess\u00e1rias, sejam voltadas \u00e0s regi\u00f5es mais afetadas pela pandemia de coronav\u00edrus.<\/p>\n\n\n\n<blockquote class=\"wp-block-quote\"><p>\u201c\u00c9 cedo para definir as a\u00e7\u00f5es pol\u00edticas futuras. Mas vamos fazer contato com os Procons estaduais sobre eventuais excessos e n\u00f3s, como Senacon, vamos levar o fato ao ministro S\u00e9rgio Moro. Dessa forma, ele tem condi\u00e7\u00f5es de acionar o gabinete de crise para uma articula\u00e7\u00e3o pol\u00edtica sobre o tema. E, formalmente, para obtermos os n\u00famero de requisi\u00e7\u00f5es, o que est\u00e1 chegando de forma epis\u00f3dica, precisamos notificar para ter o balan\u00e7o\u201d, explicou o secret\u00e1rio Nacional do Consumidor.&nbsp;<\/p><\/blockquote>\n\n\n\n<p>A Secretaria tamb\u00e9m estuda flexibilizar as regras do SAC das empresas para que estas n\u00e3o sejam multadas, j\u00e1 que muitos desses centros est\u00e3o impedidos de funcionar, al\u00e9m da an\u00e1lise da interfer\u00eancia da livre iniciativa, ainda que em tempos de crise, tendo em vista justamente o desabastecimento.&nbsp;<\/p>\n\n\n\n<p>Na \u00faltima sexta-feira (20\/3), as pastas da Justi\u00e7a e da Economia divulgaram tamb\u00e9m&nbsp;<a href=\"https:\/\/www.jota.info\/justica\/nota-tecnica-do-ministerio-da-justica-orienta-sobre-aumento-de-precos-por-coronavirus-20032020\" target=\"_blank\" rel=\"noreferrer noopener\">nota t\u00e9cnica<\/a>&nbsp;com orienta\u00e7\u00f5es para o Sistema Nacional de Defesa do Consumidor. O documento \u00e9 um guia para exame de abusos na eleva\u00e7\u00e3o dos pre\u00e7os dos diversos produtos e servi\u00e7os que podem ser afetados em virtude da pandemia do coronav\u00edrus.<\/p>\n\n\n\n<p>Os minist\u00e9rios ressaltam que, desde a confirma\u00e7\u00e3o do primeiro caso no pa\u00eds, houve aumento na procura por produtos que possam prevenir a infec\u00e7\u00e3o, aumentando a demanda sem que as pessoas estivessem preparadas para ofertar o suficiente, o que causou aumento de pre\u00e7os de produtos.<\/p>\n\n\n\n<p><strong>Jota<\/strong><\/p>\n","protected":false},"excerpt":{"rendered":"<p>Preocupa\u00e7\u00e3o da Secretaria Nacional do Consumidor \u00e9 evitar a\u00e7\u00f5es excessivas que afetem chegada de produtos \u00e0 ponta<br \/><a class=\"more-link\" href=\"https:\/\/justicapotiguar.com.br\/index.php\/2020\/03\/25\/prefeitos-e-governadores-cobram-abastecimento-secretaria-do-mj-estuda-medidas\/\">Mais&#8230;<\/a><\/p>\n","protected":false},"author":6,"featured_media":7780,"comment_status":"open","ping_status":"open","sticky":false,"template":"","format":"standard","meta":[],"categories":[3],"tags":[],"_links":{"self":[{"href":"https:\/\/justicapotiguar.com.br\/index.php\/wp-json\/wp\/v2\/posts\/7779"}],"collection":[{"href":"https:\/\/justicapotiguar.com.br\/index.php\/wp-json\/wp\/v2\/posts"}],"about":[{"href":"https:\/\/justicapotiguar.com.br\/index.php\/wp-json\/wp\/v2\/types\/post"}],"author":[{"embeddable":true,"href":"https:\/\/justicapotiguar.com.br\/index.php\/wp-json\/wp\/v2\/users\/6"}],"replies":[{"embeddable":true,"href":"https:\/\/justicapotiguar.com.br\/index.php\/wp-json\/wp\/v2\/comments?post=7779"}],"version-history":[{"count":1,"href":"https:\/\/justicapotiguar.com.br\/index.php\/wp-json\/wp\/v2\/posts\/7779\/revisions"}],"predecessor-version":[{"id":7781,"href":"https:\/\/justicapotiguar.com.br\/index.php\/wp-json\/wp\/v2\/posts\/7779\/revisions\/7781"}],"wp:featuredmedia":[{"embeddable":true,"href":"https:\/\/justicapotiguar.com.br\/index.php\/wp-json\/wp\/v2\/media\/7780"}],"wp:attachment":[{"href":"https:\/\/justicapotiguar.com.br\/index.php\/wp-json\/wp\/v2\/media?parent=7779"}],"wp:term":[{"taxonomy":"category","embeddable":true,"href":"https:\/\/justicapotiguar.com.br\/index.php\/wp-json\/wp\/v2\/categories?post=7779"},{"taxonomy":"post_tag","embeddable":true,"href":"https:\/\/justicapotiguar.com.br\/index.php\/wp-json\/wp\/v2\/tags?post=7779"}],"curies":[{"name":"wp","href":"https:\/\/api.w.org\/{rel}","templated":true}]}}