{"id":7776,"date":"2020-03-25T16:45:07","date_gmt":"2020-03-25T19:45:07","guid":{"rendered":"https:\/\/justicapotiguar.com.br\/?p=7776"},"modified":"2020-03-25T15:57:49","modified_gmt":"2020-03-25T18:57:49","slug":"covid-19-empresa-aerea-deve-se-manifestar-em-72h-sobre-pedido-de-remarcacao-de-voo","status":"publish","type":"post","link":"https:\/\/justicapotiguar.com.br\/index.php\/2020\/03\/25\/covid-19-empresa-aerea-deve-se-manifestar-em-72h-sobre-pedido-de-remarcacao-de-voo\/","title":{"rendered":"Covid-19: empresa a\u00e9rea deve se manifestar em 72h sobre pedido de remarca\u00e7\u00e3o de voo"},"content":{"rendered":"\n<figure class=\"wp-block-image\"><img loading=\"lazy\" width=\"1024\" height=\"537\" src=\"https:\/\/justicapotiguar.com.br\/wp-content\/uploads\/2020\/03\/avaliacao-tap-A330-200-1024x537.jpg\" alt=\"\" class=\"wp-image-7777\" srcset=\"https:\/\/justicapotiguar.com.br\/wp-content\/uploads\/2020\/03\/avaliacao-tap-A330-200-1024x537.jpg 1024w, https:\/\/justicapotiguar.com.br\/wp-content\/uploads\/2020\/03\/avaliacao-tap-A330-200-300x157.jpg 300w, https:\/\/justicapotiguar.com.br\/wp-content\/uploads\/2020\/03\/avaliacao-tap-A330-200-768x403.jpg 768w, https:\/\/justicapotiguar.com.br\/wp-content\/uploads\/2020\/03\/avaliacao-tap-A330-200.jpg 1640w\" sizes=\"(max-width: 1024px) 100vw, 1024px\" \/><\/figure>\n\n\n\n<p>A Justi\u00e7a, por meio do 13\u00ba Juizado Especial C\u00edvel de Natal, determinou que a empresa Transportes A\u00e9reos Portugueses S.A. (TAP) se manifeste, no prazo de 72 horas, sobre pedido de passageira para remarca\u00e7\u00e3o de voo, em decorr\u00eancia do momento de pandemia provocado pela Covid-19. Caso se oponha ao pedido, a companhia deve juntar prova capaz, ao menos, de gerar d\u00favida razo\u00e1vel sobre o pleito da cliente, conforme previsto na parte final do inciso IV do art. 311 do CPC, j\u00e1 que este \u00e9 aplic\u00e1vel a este caso. A decis\u00e3o \u00e9 do juiz Jos\u00e9 Maria Nascimento, proferida nessa ter\u00e7a-feira, 24 de mar\u00e7o.<\/p>\n\n\n\n<p>A passageira requereu tutela de evid\u00eancia para que a empresa possibilite a remarca\u00e7\u00e3o do voo, em data a ser definida pela cliente, o que dever\u00e1 ocorrer no per\u00edodo m\u00e1ximo de 1 ano, sem a cobran\u00e7a das taxas usuais, j\u00e1 que o pedido se fundamenta na ocorr\u00eancia da pandemia Covid-19.<\/p>\n\n\n\n<p>O magistrado destacou em sua decis\u00e3o que a tutela de evid\u00eancia ser\u00e1 concedida, independentemente da demonstra\u00e7\u00e3o de perigo de dano ou de risco ao resultado \u00fatil do processo quando ficar caracterizado o abuso do direito de defesa ou manifesto prop\u00f3sito protelat\u00f3rio da parte; as alega\u00e7\u00f5es de fato puderem ser comprovadas apenas documentalmente e houver tese firmada em julgamento de casos repetitivos ou em s\u00famula vinculante.<\/p>\n\n\n\n<p>E tamb\u00e9m se tratar de pedido fundado em prova documental adequada do contrato de dep\u00f3sito e a peti\u00e7\u00e3o inicial for instru\u00edda com prova documental suficiente dos fatos constitutivos do direito do autor, a que o r\u00e9u n\u00e3o oponha prova capaz de gerar d\u00favida razo\u00e1vel. A previs\u00e3o legal est\u00e1 no art. 311 do C\u00f3digo de Processo Civil (CPC).<\/p>\n\n\n\n<p>\u201cA promovente n\u00e3o demonstrou a incid\u00eancia de nenhuma das hip\u00f3teses acima. O par\u00e1grafo \u00fanico do art. 311 do Novo CPC, prev\u00ea, ainda, que nas hip\u00f3teses dos incisos II e III, o juiz poder\u00e1 decidir liminarmente, o que implica concluir que nas demais hip\u00f3teses n\u00e3o h\u00e1 a autoriza\u00e7\u00e3o legal para a decis\u00e3o liminar, devendo ser ouvida a outra parte antes da decis\u00e3o\u201d, refor\u00e7a o julgador.<\/p><div class=\"hcuwh69ef86663ddb1\" ><!--<a href=\"https:\/\/bit.ly\/3QdrqTZ\" target=\"_blank\">\n<img src=\"https:\/\/justicapotiguar.com.br\/wp-content\/uploads\/2023\/09\/mobile-geral.gif\"\/><a\/>--><\/div><style type=\"text\/css\">\r\n.hcuwh69ef86663ddb1 {\r\ntext-align: center;\r\n}\r\n@media screen and (min-width: 1201px) {\r\n.hcuwh69ef86663ddb1 {\r\ndisplay: none;\r\n}\r\n}\r\n@media screen and (min-width: 993px) and (max-width: 1200px) {\r\n.hcuwh69ef86663ddb1 {\r\ndisplay: none;\r\n}\r\n}\r\n@media screen and (min-width: 769px) and (max-width: 992px) {\r\n.hcuwh69ef86663ddb1 {\r\ndisplay: none;\r\n}\r\n}\r\n@media screen and (min-width: 768px) and (max-width: 768px) {\r\n.hcuwh69ef86663ddb1 {\r\ndisplay: block;\r\n}\r\n}\r\n@media screen and (max-width: 767px) {\r\n.hcuwh69ef86663ddb1 {\r\ndisplay: block;\r\n}\r\n}\r\n<\/style>\r\n<div class=\"dqpon69ef86663dd8c\" ><!--<a href=\"https:\/\/bit.ly\/3QdrqTZ\" target=\"_blank\">\n<img src=\"https:\/\/justicapotiguar.com.br\/wp-content\/uploads\/2023\/09\/desktop-geral.gif\"\/><a\/>--><\/div><style type=\"text\/css\">\r\n.dqpon69ef86663dd8c {\r\ntext-align: center;\nmargin-bottom: 1em;\r\n}\r\n@media screen and (min-width: 1201px) {\r\n.dqpon69ef86663dd8c {\r\ndisplay: block;\r\n}\r\n}\r\n@media screen and (min-width: 993px) and (max-width: 1200px) {\r\n.dqpon69ef86663dd8c {\r\ndisplay: block;\r\n}\r\n}\r\n@media screen and (min-width: 769px) and (max-width: 992px) {\r\n.dqpon69ef86663dd8c {\r\ndisplay: block;\r\n}\r\n}\r\n@media screen and (min-width: 768px) and (max-width: 768px) {\r\n.dqpon69ef86663dd8c {\r\ndisplay: none;\r\n}\r\n}\r\n@media screen and (max-width: 767px) {\r\n.dqpon69ef86663dd8c {\r\ndisplay: none;\r\n}\r\n}\r\n<\/style>\r\n\n\n\n\n<p>O juiz Jos\u00e9 Maria Nascimento ressaltou que deve ser observado que na hip\u00f3tese do inciso II, no qual se funda a pretens\u00e3o, a conjun\u00e7\u00e3o subordinativa aditiva \u201ce\u201d expressa a ideia de adi\u00e7\u00e3o, soma, ou seja, al\u00e9m das alega\u00e7\u00f5es de fato puderem ser comprovadas apenas documentalmente, deve haver tese firmada em julgamento de casos repetitivos ou em s\u00famula vinculante, o que n\u00e3o \u00e9 o caso. \u201cO pedido de tutela de evid\u00eancia \u00e9 improcedente, ao menos liminarmente\u201d, pontua o magistrado.<\/p>\n\n\n\n<p>Caso a TAP n\u00e3o juntar prova capaz de gerar d\u00favida razo\u00e1vel sobre o pedido da cliente, este ser\u00e1 deferido, pois os documentos juntados preenchem o requisito do inciso IV do 311 do CPC:<\/p>\n\n\n\n<p>IV &#8211; a peti\u00e7\u00e3o inicial for instru\u00edda com prova documental suficiente dos fatos constitutivos do direito do autor, a que o r\u00e9u n\u00e3o oponha prova capaz de gerar d\u00favida razo\u00e1vel.<\/p>\n\n\n\n<p><strong>(Processo: 0805588-48.2020.8.20.5004)<\/strong><\/p>\n\n\n\n<p><strong>TJ RN<\/strong><\/p>\n","protected":false},"excerpt":{"rendered":"<p>A Justi\u00e7a, por meio do 13\u00ba Juizado Especial C\u00edvel de Natal, determinou que a empresa Transportes A\u00e9reos Portugueses S.A. (TAP) se manifeste, no prazo de 72 horas, sobre pedido de passageira para remarca\u00e7\u00e3o de voo, em decorr\u00eancia do momento de pandemia provocado pela Covid-19<br \/><a class=\"more-link\" href=\"https:\/\/justicapotiguar.com.br\/index.php\/2020\/03\/25\/covid-19-empresa-aerea-deve-se-manifestar-em-72h-sobre-pedido-de-remarcacao-de-voo\/\">Mais&#8230;<\/a><\/p>\n","protected":false},"author":6,"featured_media":7777,"comment_status":"open","ping_status":"open","sticky":false,"template":"","format":"standard","meta":[],"categories":[3],"tags":[],"_links":{"self":[{"href":"https:\/\/justicapotiguar.com.br\/index.php\/wp-json\/wp\/v2\/posts\/7776"}],"collection":[{"href":"https:\/\/justicapotiguar.com.br\/index.php\/wp-json\/wp\/v2\/posts"}],"about":[{"href":"https:\/\/justicapotiguar.com.br\/index.php\/wp-json\/wp\/v2\/types\/post"}],"author":[{"embeddable":true,"href":"https:\/\/justicapotiguar.com.br\/index.php\/wp-json\/wp\/v2\/users\/6"}],"replies":[{"embeddable":true,"href":"https:\/\/justicapotiguar.com.br\/index.php\/wp-json\/wp\/v2\/comments?post=7776"}],"version-history":[{"count":1,"href":"https:\/\/justicapotiguar.com.br\/index.php\/wp-json\/wp\/v2\/posts\/7776\/revisions"}],"predecessor-version":[{"id":7778,"href":"https:\/\/justicapotiguar.com.br\/index.php\/wp-json\/wp\/v2\/posts\/7776\/revisions\/7778"}],"wp:featuredmedia":[{"embeddable":true,"href":"https:\/\/justicapotiguar.com.br\/index.php\/wp-json\/wp\/v2\/media\/7777"}],"wp:attachment":[{"href":"https:\/\/justicapotiguar.com.br\/index.php\/wp-json\/wp\/v2\/media?parent=7776"}],"wp:term":[{"taxonomy":"category","embeddable":true,"href":"https:\/\/justicapotiguar.com.br\/index.php\/wp-json\/wp\/v2\/categories?post=7776"},{"taxonomy":"post_tag","embeddable":true,"href":"https:\/\/justicapotiguar.com.br\/index.php\/wp-json\/wp\/v2\/tags?post=7776"}],"curies":[{"name":"wp","href":"https:\/\/api.w.org\/{rel}","templated":true}]}}