{"id":7772,"date":"2020-03-25T16:00:17","date_gmt":"2020-03-25T19:00:17","guid":{"rendered":"https:\/\/justicapotiguar.com.br\/?p=7772"},"modified":"2020-03-25T15:22:55","modified_gmt":"2020-03-25T18:22:55","slug":"ministro-do-stj-reve-decisao-dele-e-concede-prisao-domiciliar","status":"publish","type":"post","link":"https:\/\/justicapotiguar.com.br\/index.php\/2020\/03\/25\/ministro-do-stj-reve-decisao-dele-e-concede-prisao-domiciliar\/","title":{"rendered":"Ministro do STJ rev\u00ea decis\u00e3o dele e concede pris\u00e3o domiciliar"},"content":{"rendered":"\n<div class=\"wp-block-image\"><figure class=\"aligncenter\"><img loading=\"lazy\" width=\"300\" height=\"225\" src=\"https:\/\/justicapotiguar.com.br\/wp-content\/uploads\/2020\/03\/ministro-sebastiao-alves-reis-junior3.jpeg\" alt=\"\" class=\"wp-image-7773\"\/><figcaption><strong>Foto: STJ<\/strong><\/figcaption><\/figure><\/div>\n\n\n\n<p>O ministro Sebasti\u00e3o Reis Junior, do Superior Tribunal de Justi\u00e7a, decidiu acatar pedido de reconsidera\u00e7\u00e3o de decis\u00e3o proferida por ele mesmo e concedeu pris\u00e3o domiciliar a preso por conta da pandemia do coronav\u00edrus.<\/p>\n\n\n\n<p>No pedido, o r\u00e9u condenado por estelionato contra idoso alega que est\u00e1 no grupo de risco abarcado na&nbsp;Recomenda\u00e7\u00e3o n\u00ba&nbsp;62 do CNJ, de 17 de mar\u00e7o de 2020, a qual estabelece medidas preventivas \u00e0 propaga\u00e7\u00e3o da infec\u00e7\u00e3o pelo novo coronav\u00edrus.<\/p>\n\n\n\n<p>Com base nisso, a advogado do r\u00e9u,&nbsp;<strong>F\u00e1bio Donadon<\/strong>, da Donadon Advocacia, solicitou a mudan\u00e7a da pris\u00e3o preventiva pela domiciliar.<\/p><div class=\"zzmbh69ef71234af10\" ><!--<a href=\"https:\/\/bit.ly\/3QdrqTZ\" target=\"_blank\">\n<img src=\"https:\/\/justicapotiguar.com.br\/wp-content\/uploads\/2023\/09\/mobile-geral.gif\"\/><a\/>--><\/div><style type=\"text\/css\">\r\n.zzmbh69ef71234af10 {\r\ntext-align: center;\r\n}\r\n@media screen and (min-width: 1201px) {\r\n.zzmbh69ef71234af10 {\r\ndisplay: none;\r\n}\r\n}\r\n@media screen and (min-width: 993px) and (max-width: 1200px) {\r\n.zzmbh69ef71234af10 {\r\ndisplay: none;\r\n}\r\n}\r\n@media screen and (min-width: 769px) and (max-width: 992px) {\r\n.zzmbh69ef71234af10 {\r\ndisplay: none;\r\n}\r\n}\r\n@media screen and (min-width: 768px) and (max-width: 768px) {\r\n.zzmbh69ef71234af10 {\r\ndisplay: block;\r\n}\r\n}\r\n@media screen and (max-width: 767px) {\r\n.zzmbh69ef71234af10 {\r\ndisplay: block;\r\n}\r\n}\r\n<\/style>\r\n<div class=\"gzlgi69ef71234aef7\" ><!--<a href=\"https:\/\/bit.ly\/3QdrqTZ\" target=\"_blank\">\n<img src=\"https:\/\/justicapotiguar.com.br\/wp-content\/uploads\/2023\/09\/desktop-geral.gif\"\/><a\/>--><\/div><style type=\"text\/css\">\r\n.gzlgi69ef71234aef7 {\r\ntext-align: center;\nmargin-bottom: 1em;\r\n}\r\n@media screen and (min-width: 1201px) {\r\n.gzlgi69ef71234aef7 {\r\ndisplay: block;\r\n}\r\n}\r\n@media screen and (min-width: 993px) and (max-width: 1200px) {\r\n.gzlgi69ef71234aef7 {\r\ndisplay: block;\r\n}\r\n}\r\n@media screen and (min-width: 769px) and (max-width: 992px) {\r\n.gzlgi69ef71234aef7 {\r\ndisplay: block;\r\n}\r\n}\r\n@media screen and (min-width: 768px) and (max-width: 768px) {\r\n.gzlgi69ef71234aef7 {\r\ndisplay: none;\r\n}\r\n}\r\n@media screen and (max-width: 767px) {\r\n.gzlgi69ef71234aef7 {\r\ndisplay: none;\r\n}\r\n}\r\n<\/style>\r\n\n\n\n\n<p>Ao analisar o pedido, o ministro aponta que &#8220;diante desse cen\u00e1rio, \u00e9 preciso dar imediato cumprimento \u00e0 recomenda\u00e7\u00e3o do Conselho Nacional de Justi\u00e7a, como medida de conten\u00e7\u00e3o da pandemia mundialmente causada pelo coronav\u00edrus (Covid-19), devendo a cust\u00f3dia cautelar ser substitu\u00edda pela pris\u00e3o cautelar em regime domiciliar&#8221;.<\/p>\n\n\n\n<p>&#8220;Em raz\u00e3o disso, reconsidero a decis\u00e3o de fls. 262\/266, para deferir o pedido liminar substituindo, excepcionalmente e em cumprimento \u00e0 Recomenda\u00e7\u00e3o CNJ n\u00ba&nbsp;62\/2020, a pris\u00e3o cautelar imposta ao paciente, ora requerente, por pris\u00e3o domiciliar, a ser implementada pelo magistrado singular, que dever\u00e1 fixar as condi\u00e7\u00f5es e alertar o acusado de que, em caso de eventual descumprimento, a segrega\u00e7\u00e3o provis\u00f3ria ser\u00e1 imediatamente restabelecida&#8221;, escreveu o ministro.<\/p>\n\n\n\n<p><strong>Clique&nbsp;<a href=\"https:\/\/www.conjur.com.br\/dl\/decisao-stj.pdf\" target=\"_blank\" rel=\"noreferrer noopener\">aqui<\/a>&nbsp;para ler a decis\u00e3o<br>RCD \u2013 HC 531.077<\/strong><\/p>\n","protected":false},"excerpt":{"rendered":"<p>Ministro Sebasti\u00e3o Reis Junior reconsiderou decis\u00e3o por conta da pandemia<br \/><a class=\"more-link\" href=\"https:\/\/justicapotiguar.com.br\/index.php\/2020\/03\/25\/ministro-do-stj-reve-decisao-dele-e-concede-prisao-domiciliar\/\">Mais&#8230;<\/a><\/p>\n","protected":false},"author":6,"featured_media":7773,"comment_status":"open","ping_status":"open","sticky":false,"template":"","format":"standard","meta":[],"categories":[3],"tags":[],"_links":{"self":[{"href":"https:\/\/justicapotiguar.com.br\/index.php\/wp-json\/wp\/v2\/posts\/7772"}],"collection":[{"href":"https:\/\/justicapotiguar.com.br\/index.php\/wp-json\/wp\/v2\/posts"}],"about":[{"href":"https:\/\/justicapotiguar.com.br\/index.php\/wp-json\/wp\/v2\/types\/post"}],"author":[{"embeddable":true,"href":"https:\/\/justicapotiguar.com.br\/index.php\/wp-json\/wp\/v2\/users\/6"}],"replies":[{"embeddable":true,"href":"https:\/\/justicapotiguar.com.br\/index.php\/wp-json\/wp\/v2\/comments?post=7772"}],"version-history":[{"count":1,"href":"https:\/\/justicapotiguar.com.br\/index.php\/wp-json\/wp\/v2\/posts\/7772\/revisions"}],"predecessor-version":[{"id":7774,"href":"https:\/\/justicapotiguar.com.br\/index.php\/wp-json\/wp\/v2\/posts\/7772\/revisions\/7774"}],"wp:featuredmedia":[{"embeddable":true,"href":"https:\/\/justicapotiguar.com.br\/index.php\/wp-json\/wp\/v2\/media\/7773"}],"wp:attachment":[{"href":"https:\/\/justicapotiguar.com.br\/index.php\/wp-json\/wp\/v2\/media?parent=7772"}],"wp:term":[{"taxonomy":"category","embeddable":true,"href":"https:\/\/justicapotiguar.com.br\/index.php\/wp-json\/wp\/v2\/categories?post=7772"},{"taxonomy":"post_tag","embeddable":true,"href":"https:\/\/justicapotiguar.com.br\/index.php\/wp-json\/wp\/v2\/tags?post=7772"}],"curies":[{"name":"wp","href":"https:\/\/api.w.org\/{rel}","templated":true}]}}