{"id":7764,"date":"2020-03-25T15:00:37","date_gmt":"2020-03-25T18:00:37","guid":{"rendered":"https:\/\/justicapotiguar.com.br\/?p=7764"},"modified":"2020-03-25T14:12:33","modified_gmt":"2020-03-25T17:12:33","slug":"na-execucao-de-alimentos-e-possivel-o-protesto-e-a-inscricao-do-nome-do-devedor-nos-cadastros-de-protecao-ao-credito","status":"publish","type":"post","link":"https:\/\/justicapotiguar.com.br\/index.php\/2020\/03\/25\/na-execucao-de-alimentos-e-possivel-o-protesto-e-a-inscricao-do-nome-do-devedor-nos-cadastros-de-protecao-ao-credito\/","title":{"rendered":"Na execu\u00e7\u00e3o de alimentos, \u00e9 poss\u00edvel o protesto e a inscri\u00e7\u00e3o do nome do devedor nos cadastros de prote\u00e7\u00e3o ao cr\u00e9dito?"},"content":{"rendered":"\n<figure class=\"wp-block-image\"><img loading=\"lazy\" width=\"620\" height=\"400\" src=\"https:\/\/justicapotiguar.com.br\/wp-content\/uploads\/2020\/03\/WhatsApp-Image-2020-03-25-at-10.47.14.jpeg\" alt=\"\" class=\"wp-image-7765\" srcset=\"https:\/\/justicapotiguar.com.br\/wp-content\/uploads\/2020\/03\/WhatsApp-Image-2020-03-25-at-10.47.14.jpeg 620w, https:\/\/justicapotiguar.com.br\/wp-content\/uploads\/2020\/03\/WhatsApp-Image-2020-03-25-at-10.47.14-300x194.jpeg 300w\" sizes=\"(max-width: 620px) 100vw, 620px\" \/><\/figure>\n\n\n\n<p>O CPC 2015&nbsp;&nbsp;prev\u00ea expressamente a possibilidade do&nbsp;protesto&nbsp;e da negativa\u00e7\u00e3o nos cadastros dos devedores de&nbsp;alimentos&nbsp;nos artigos 528, \u00a7\u00a7 1\u00ba e 3\u00ba e 782, \u00a7 3\u00ba. <\/p>\n\n\n\n<p>Trata-se de salutares medidas para viabilizar mais efetividade ao processo de execu\u00e7\u00e3o de alimentos, tipo especial, peculiar e sens\u00edvel de execu\u00e7\u00e3o.<\/p>\n\n\n\n<p>Eis a reda\u00e7\u00e3o do art. 528: <\/p>\n\n\n\n<p>\u201cArt. 528. No cumprimento de senten\u00e7a que condene ao pagamento de presta\u00e7\u00e3o aliment\u00edcia ou de decis\u00e3o interlocut\u00f3ria que fixe alimentos, o juiz, a requerimento do exequente, mandar\u00e1 intimar o executado pessoalmente para, em 3 (tr\u00eas) dias, pagar o d\u00e9bito, provar que o fez ou justificar a impossibilidade de efetu\u00e1-lo.<br>\n\u00a7 1\u00ba Caso o executado, no prazo referido no&nbsp;caput&nbsp;, n\u00e3o efetue o pagamento, n\u00e3o prove que o efetuou ou n\u00e3o apresente justificativa da impossibilidade de efetu\u00e1-lo, o juiz mandar\u00e1 protestar o pronunciamento judicial, aplicando-se, no que couber, o disposto no art. 517.<br>\n(\u2026)<br>\n\u00a7 3\u00ba Se o executado n\u00e3o pagar ou se a justificativa apresentada n\u00e3o for aceita, o juiz, al\u00e9m de mandar protestar o pronunciamento judicial na forma do \u00a7 1\u00ba, decretar-lhe-\u00e1 a pris\u00e3o pelo prazo de 1 (um) a 3 (tr\u00eas) meses.\u201d<\/p>\n\n\n\n<p>Caso o executado, em 3 dias contados de sua intima\u00e7\u00e3o n\u00e3o realize o pagamento, n\u00e3o prove que efetuou e n\u00e3o justifique a impossibilidade, o juiz mandar\u00e1 protestar a decis\u00e3o judicial.<br>\n&nbsp;<br>\nSegundo&nbsp;&nbsp;Rita da C\u00e1ssia Corr\u00eaa de Vasconcelos, a previs\u00e3o do protesto do pronunciamento judicial, certamente conferir\u00e1 maior efetividade \u00e0s decis\u00f5es que reconhecem exigibilidade das obriga\u00e7\u00f5es de prestar alimentos.&nbsp;<br>\n&nbsp;<br>\nO artigo 782, \u00a7 3\u00ba, por sua vez, prev\u00ea:<\/p>\n\n\n\n<p>\u201cArt. 782. N\u00e3o dispondo a lei de modo diverso, o juiz determinar\u00e1 os atos executivos, e o oficial de justi\u00e7a os cumprir\u00e1.<br>\n(\u2026)<br>\n\u00a7 3\u00ba A requerimento da parte, o juiz pode determinar a inclus\u00e3o do nome do executado em cadastros de inadimplentes.\u201d<\/p>\n\n\n\n<p>Essa provid\u00eancia depende de requerimento da parte e, caso a inscri\u00e7\u00e3o seja indevida, a doutrina admite a condena\u00e7\u00e3o por danos morais \u2013 vide ARA\u00daJO, Jos\u00e9 Henrique Mouta (2016:2003).<\/p>\n\n\n\n<p>O assunto \u00e9 amplamente explorado por S\u00e9rgio Shimura (Coment\u00e1rios ao C\u00f3digo de Processo Civil. S\u00e3o Paulo: Saraiva, 2017, p. 483-484).<\/p><div class=\"nmlcw69ef70f9d3278\" ><!--<a href=\"https:\/\/bit.ly\/3QdrqTZ\" target=\"_blank\">\n<img src=\"https:\/\/justicapotiguar.com.br\/wp-content\/uploads\/2023\/09\/mobile-geral.gif\"\/><a\/>--><\/div><style type=\"text\/css\">\r\n.nmlcw69ef70f9d3278 {\r\ntext-align: center;\r\n}\r\n@media screen and (min-width: 1201px) {\r\n.nmlcw69ef70f9d3278 {\r\ndisplay: none;\r\n}\r\n}\r\n@media screen and (min-width: 993px) and (max-width: 1200px) {\r\n.nmlcw69ef70f9d3278 {\r\ndisplay: none;\r\n}\r\n}\r\n@media screen and (min-width: 769px) and (max-width: 992px) {\r\n.nmlcw69ef70f9d3278 {\r\ndisplay: none;\r\n}\r\n}\r\n@media screen and (min-width: 768px) and (max-width: 768px) {\r\n.nmlcw69ef70f9d3278 {\r\ndisplay: block;\r\n}\r\n}\r\n@media screen and (max-width: 767px) {\r\n.nmlcw69ef70f9d3278 {\r\ndisplay: block;\r\n}\r\n}\r\n<\/style>\r\n<div class=\"iollh69ef70f9d3264\" ><!--<a href=\"https:\/\/bit.ly\/3QdrqTZ\" target=\"_blank\">\n<img src=\"https:\/\/justicapotiguar.com.br\/wp-content\/uploads\/2023\/09\/desktop-geral.gif\"\/><a\/>--><\/div><style type=\"text\/css\">\r\n.iollh69ef70f9d3264 {\r\ntext-align: center;\nmargin-bottom: 1em;\r\n}\r\n@media screen and (min-width: 1201px) {\r\n.iollh69ef70f9d3264 {\r\ndisplay: block;\r\n}\r\n}\r\n@media screen and (min-width: 993px) and (max-width: 1200px) {\r\n.iollh69ef70f9d3264 {\r\ndisplay: block;\r\n}\r\n}\r\n@media screen and (min-width: 769px) and (max-width: 992px) {\r\n.iollh69ef70f9d3264 {\r\ndisplay: block;\r\n}\r\n}\r\n@media screen and (min-width: 768px) and (max-width: 768px) {\r\n.iollh69ef70f9d3264 {\r\ndisplay: none;\r\n}\r\n}\r\n@media screen and (max-width: 767px) {\r\n.iollh69ef70f9d3264 {\r\ndisplay: none;\r\n}\r\n}\r\n<\/style>\r\n\n\n\n\n<p>O tema j\u00e1 foi decidido pelo Superior Tribunal de Justi\u00e7a. Para o Tribunal da Cidadania os&nbsp;alimentos&nbsp;devidos exigem urgentes e imediatas solu\u00e7\u00f5es, mostrando-se juridicamente poss\u00edveis os pedidos de&nbsp;protesto&nbsp;e de&nbsp;inclus\u00e3o&nbsp;do nome do devedor de&nbsp;alimentos&nbsp;nos&nbsp;cadastros de prote\u00e7\u00e3o ao cr\u00e9dito (SPCe&nbsp;Serasa), como medida executiva a ser adotada pelo magistrado para garantir a efetiva\u00e7\u00e3o dos direitos fundamentais da crian\u00e7a e do adolescente \u2013 ver&nbsp;REsp 1.533.206\/MG.<\/p>\n\n\n\n<p>A medida busca alcan\u00e7ar a m\u00e1xima efetividade aos direitos fundamentais da crian\u00e7a e do adolescente.&nbsp;Ao julgar o&nbsp;REsp \u202a1469102\u202c\/SP, o&nbsp;STJ considerou que a medida consagra o princ\u00edpio do&nbsp;&nbsp;melhor interesse do alimentando. <\/p>\n\n\n\n<p>O STJ, ali\u00e1s, aplicava as medidas antes mesmo&nbsp;&nbsp;da previs\u00e3o legislativa entrar em vigor \u2013 ver nesse sentido o REsp 1.533.206\/MG, julgado em 17.11.2015, pela 4\u00aa Turma.<\/p>\n\n\n\n<p>As medidas acima, juntamente com a possibilidade de pedido de pris\u00e3o civil em caso de inadimplemento, tornam o processo de execu\u00e7\u00e3o de alimentos mais c\u00e9lere e eficaz. <\/p>\n\n\n\n<p>Em s\u00edntese: com o CPC\/2015 (e antes dele o STJ j\u00e1 admitia) \u00e9 poss\u00edvel o protesto e a inscri\u00e7\u00e3o do nome do devedor de alimentos no cadastro restritivo de cr\u00e9dito como medidas a tornar mais eficazes a execu\u00e7\u00e3o.<\/p>\n\n\n\n<p>Abra\u00e7o a todos.<\/p>\n\n\n\n<p>Rodrigo Leite<br>Coautor do livro &#8220;An\u00e1lise das Diverg\u00eancias Jurisprudenciais no STF e STJ&#8221;, Editora Juspodivm. Autor do livro &#8220;Tombamento \u2013 Vol. 36 \u2013 Cole\u00e7\u00e3o Leis Especiais para Concursos&#8221;, Editora Juspodivm. Autor do livro \u201cDesapropria\u00e7\u00e3o &#8211; Vol. 39 &#8211; Cole\u00e7\u00e3o Especiais para Concursos\u201d, Editora Juspodivm. Coautor do livro \u201cSaberes Jurisprudenciais\u201d, Editora Saraiva. Especialista em Direito P\u00fablico e Direito Processual Civil. Mestre em Direito Constitucional. Aluno laureado das Turmas 2005.2 da Universidade Potiguar. Autor de artigos jur\u00eddicos. M\u00e1ster Universit\u00e1rio em Direito Constitucional pela Universidad Del Pa\u00eds Vasco, San Sebasti\u00e1n, Espanha. Advogado licenciado. Assessor de Desembargador do TJRN. Convidado do site \u201cAtualidades do Direito\u201d. Convidado do site \u201cJurisprud\u00eancia e Concursos\u201d. Convidado do site novodireitocivil.com.br. Professor da P\u00f3s-gradua\u00e7\u00e3o em Direito Civil da Rede Anhaguera-Kroton.<\/p>\n","protected":false},"excerpt":{"rendered":"<p>O CPC 2015  prev\u00ea expressamente a possibilidade do protesto e da negativa\u00e7\u00e3o nos cadastros dos devedores de alimentos nos artigos 528, \u00a7\u00a7 1\u00ba e 3\u00ba e 782, \u00a7 3\u00ba. <br \/><a class=\"more-link\" href=\"https:\/\/justicapotiguar.com.br\/index.php\/2020\/03\/25\/na-execucao-de-alimentos-e-possivel-o-protesto-e-a-inscricao-do-nome-do-devedor-nos-cadastros-de-protecao-ao-credito\/\">Mais&#8230;<\/a><\/p>\n","protected":false},"author":6,"featured_media":7765,"comment_status":"open","ping_status":"open","sticky":false,"template":"","format":"standard","meta":[],"categories":[3],"tags":[],"_links":{"self":[{"href":"https:\/\/justicapotiguar.com.br\/index.php\/wp-json\/wp\/v2\/posts\/7764"}],"collection":[{"href":"https:\/\/justicapotiguar.com.br\/index.php\/wp-json\/wp\/v2\/posts"}],"about":[{"href":"https:\/\/justicapotiguar.com.br\/index.php\/wp-json\/wp\/v2\/types\/post"}],"author":[{"embeddable":true,"href":"https:\/\/justicapotiguar.com.br\/index.php\/wp-json\/wp\/v2\/users\/6"}],"replies":[{"embeddable":true,"href":"https:\/\/justicapotiguar.com.br\/index.php\/wp-json\/wp\/v2\/comments?post=7764"}],"version-history":[{"count":1,"href":"https:\/\/justicapotiguar.com.br\/index.php\/wp-json\/wp\/v2\/posts\/7764\/revisions"}],"predecessor-version":[{"id":7766,"href":"https:\/\/justicapotiguar.com.br\/index.php\/wp-json\/wp\/v2\/posts\/7764\/revisions\/7766"}],"wp:featuredmedia":[{"embeddable":true,"href":"https:\/\/justicapotiguar.com.br\/index.php\/wp-json\/wp\/v2\/media\/7765"}],"wp:attachment":[{"href":"https:\/\/justicapotiguar.com.br\/index.php\/wp-json\/wp\/v2\/media?parent=7764"}],"wp:term":[{"taxonomy":"category","embeddable":true,"href":"https:\/\/justicapotiguar.com.br\/index.php\/wp-json\/wp\/v2\/categories?post=7764"},{"taxonomy":"post_tag","embeddable":true,"href":"https:\/\/justicapotiguar.com.br\/index.php\/wp-json\/wp\/v2\/tags?post=7764"}],"curies":[{"name":"wp","href":"https:\/\/api.w.org\/{rel}","templated":true}]}}