{"id":7759,"date":"2020-03-25T13:39:46","date_gmt":"2020-03-25T16:39:46","guid":{"rendered":"https:\/\/justicapotiguar.com.br\/?p=7759"},"modified":"2020-03-25T13:39:46","modified_gmt":"2020-03-25T16:39:46","slug":"covid-19-agu-recorre-de-decisao-do-stf-que-da-poder-a-estados","status":"publish","type":"post","link":"https:\/\/justicapotiguar.com.br\/index.php\/2020\/03\/25\/covid-19-agu-recorre-de-decisao-do-stf-que-da-poder-a-estados\/","title":{"rendered":"Covid-19: AGU recorre de decis\u00e3o do STF que d\u00e1 poder a estados"},"content":{"rendered":"\n<figure class=\"wp-block-image\"><img loading=\"lazy\" width=\"1024\" height=\"613\" src=\"https:\/\/justicapotiguar.com.br\/wp-content\/uploads\/2020\/03\/fpzzb_abr_250920194021-1024x613.jpg\" alt=\"\" class=\"wp-image-7760\" srcset=\"https:\/\/justicapotiguar.com.br\/wp-content\/uploads\/2020\/03\/fpzzb_abr_250920194021-1024x613.jpg 1024w, https:\/\/justicapotiguar.com.br\/wp-content\/uploads\/2020\/03\/fpzzb_abr_250920194021-300x179.jpg 300w, https:\/\/justicapotiguar.com.br\/wp-content\/uploads\/2020\/03\/fpzzb_abr_250920194021-768x459.jpg 768w, https:\/\/justicapotiguar.com.br\/wp-content\/uploads\/2020\/03\/fpzzb_abr_250920194021.jpg 1170w\" sizes=\"(max-width: 1024px) 100vw, 1024px\" \/><figcaption><strong> Foto: Fabio Rodrigues Pozzebom\/ Ag\u00eancia Brasil<\/strong><\/figcaption><\/figure>\n\n\n\n<p>A Advocacia-Geral da Uni\u00e3o (AGU) recorreu da decis\u00e3o liminar (provis\u00f3ria) de&nbsp;ontem&nbsp;(24) do ministro Marco Aur\u00e9lio Mello, do Supremo Tribunal Federal (STF), em que ele afirmou o poder de estados e munic\u00edpios para impor isolamento, quarentena e restri\u00e7\u00e3o de circula\u00e7\u00e3o no combate ao novo coronav\u00edrus (covid-19).<\/p>\n\n\n\n<p>A liminar foi concedida a pedido do PDT. O partido questionou no Supremo uma medida provis\u00f3ria editada pelo governo que prev\u00ea, em um de seus artigos, a \u201carticula\u00e7\u00e3o pr\u00e9via com o \u00f3rg\u00e3o regulador ou o poder concedente ou autorizador\u201d para a ado\u00e7\u00e3o de qualquer medida de isolamento, quarentena e restri\u00e7\u00e3o de circula\u00e7\u00e3o, sempre que afetarem a execu\u00e7\u00e3o de servi\u00e7os p\u00fablicos e atividades essenciais.<\/p>\n\n\n\n<p>Para a legenda, ao prever a participa\u00e7\u00e3o dos \u00f3rg\u00e3os reguladores, a MP teve como objetivo tirar das autoridades locais o poder de adotar medidas restritivas \u00e0 circula\u00e7\u00e3o por rodovias, portos e aeroportos, por exemplo. Para o partido, toda a MP seria inconstitucional, pois seu conte\u00fado s\u00f3 poderia ser implementado via Lei Complementar.<\/p>\n\n\n\n<p>Marco Aur\u00e9lio negou o pedido do partido para suspender toda a MP, afirmando que ela n\u00e3o \u00e9 inconstitucional&nbsp;nem impede a a\u00e7\u00e3o das autoridades locais. Na decis\u00e3o, por\u00e9m, o ministro frisou a \u201ccompet\u00eancia concorrente\u201d de estados, munic\u00edpios e Uni\u00e3o para adotar medidas de isolamento, quarentena e restri\u00e7\u00e3o \u00e0 circula\u00e7\u00e3o.<\/p>\n\n\n\n<p>Em sua decis\u00e3o, Marco Aur\u00e9lio destacou, diversas vezes, que a MP \u201cn\u00e3o afasta a tomada de provid\u00eancias normativas e administrativas pelos estados, Distrito Federal e munic\u00edpios\u201d.<\/p><div class=\"xsfsl69ef86c13d04b\" ><!--<a href=\"https:\/\/bit.ly\/3QdrqTZ\" target=\"_blank\">\n<img src=\"https:\/\/justicapotiguar.com.br\/wp-content\/uploads\/2023\/09\/mobile-geral.gif\"\/><a\/>--><\/div><style type=\"text\/css\">\r\n.xsfsl69ef86c13d04b {\r\ntext-align: center;\r\n}\r\n@media screen and (min-width: 1201px) {\r\n.xsfsl69ef86c13d04b {\r\ndisplay: none;\r\n}\r\n}\r\n@media screen and (min-width: 993px) and (max-width: 1200px) {\r\n.xsfsl69ef86c13d04b {\r\ndisplay: none;\r\n}\r\n}\r\n@media screen and (min-width: 769px) and (max-width: 992px) {\r\n.xsfsl69ef86c13d04b {\r\ndisplay: none;\r\n}\r\n}\r\n@media screen and (min-width: 768px) and (max-width: 768px) {\r\n.xsfsl69ef86c13d04b {\r\ndisplay: block;\r\n}\r\n}\r\n@media screen and (max-width: 767px) {\r\n.xsfsl69ef86c13d04b {\r\ndisplay: block;\r\n}\r\n}\r\n<\/style>\r\n<div class=\"jxwfj69ef86c13d032\" ><!--<a href=\"https:\/\/bit.ly\/3QdrqTZ\" target=\"_blank\">\n<img src=\"https:\/\/justicapotiguar.com.br\/wp-content\/uploads\/2023\/09\/desktop-geral.gif\"\/><a\/>--><\/div><style type=\"text\/css\">\r\n.jxwfj69ef86c13d032 {\r\ntext-align: center;\nmargin-bottom: 1em;\r\n}\r\n@media screen and (min-width: 1201px) {\r\n.jxwfj69ef86c13d032 {\r\ndisplay: block;\r\n}\r\n}\r\n@media screen and (min-width: 993px) and (max-width: 1200px) {\r\n.jxwfj69ef86c13d032 {\r\ndisplay: block;\r\n}\r\n}\r\n@media screen and (min-width: 769px) and (max-width: 992px) {\r\n.jxwfj69ef86c13d032 {\r\ndisplay: block;\r\n}\r\n}\r\n@media screen and (min-width: 768px) and (max-width: 768px) {\r\n.jxwfj69ef86c13d032 {\r\ndisplay: none;\r\n}\r\n}\r\n@media screen and (max-width: 767px) {\r\n.jxwfj69ef86c13d032 {\r\ndisplay: none;\r\n}\r\n}\r\n<\/style>\r\n\n\n\n\n<p>Ao recorrer, a AGU pediu que Marco Aur\u00e9lio reveja o teor de sua decis\u00e3o. Para o advogado-geral da Uni\u00e3o, Andr\u00e9 Mendon\u00e7a, que assina o recurso, o despacho do ministro n\u00e3o foi claro o bastante e pode permitir que estados e munic\u00edpios estabele\u00e7am por conta pr\u00f3pria o que \u00e9 ou n\u00e3o atividade essencial e adotem medidas desconexas que prejudiquem o combate ao coronav\u00edrus.<\/p>\n\n\n\n<p>\u201c\u00c9 absolutamente invi\u00e1vel que cada estado defina o que s\u00e3o servi\u00e7os essenciais e, portanto, conforme sua conveni\u00eancia e oportunidade, interfira gravemente no abastecimento nacional, no fornecimento de medicamentos e na circula\u00e7\u00e3o necess\u00e1ria de pessoas e bens\u201d, escreveu o AGU.<\/p>\n\n\n\n<p>Marco Aur\u00e9lio, contudo, j\u00e1 enviou a a\u00e7\u00e3o para ser julgada pelo plen\u00e1rio do Supremo. O presidente da Corte, ministro Dias Toffoli, incluiu o tema como primeiro item da pr\u00f3xima sess\u00e3o, marcada para 1\u00ba de abril.<\/p>\n\n\n\n<p><strong>Ag\u00eancia Brasil<\/strong><\/p>\n","protected":false},"excerpt":{"rendered":"<p>A decis\u00e3o liminar foi concedida a pedido do PDT<br \/><a class=\"more-link\" href=\"https:\/\/justicapotiguar.com.br\/index.php\/2020\/03\/25\/covid-19-agu-recorre-de-decisao-do-stf-que-da-poder-a-estados\/\">Mais&#8230;<\/a><\/p>\n","protected":false},"author":6,"featured_media":7760,"comment_status":"open","ping_status":"open","sticky":false,"template":"","format":"standard","meta":[],"categories":[3],"tags":[],"_links":{"self":[{"href":"https:\/\/justicapotiguar.com.br\/index.php\/wp-json\/wp\/v2\/posts\/7759"}],"collection":[{"href":"https:\/\/justicapotiguar.com.br\/index.php\/wp-json\/wp\/v2\/posts"}],"about":[{"href":"https:\/\/justicapotiguar.com.br\/index.php\/wp-json\/wp\/v2\/types\/post"}],"author":[{"embeddable":true,"href":"https:\/\/justicapotiguar.com.br\/index.php\/wp-json\/wp\/v2\/users\/6"}],"replies":[{"embeddable":true,"href":"https:\/\/justicapotiguar.com.br\/index.php\/wp-json\/wp\/v2\/comments?post=7759"}],"version-history":[{"count":1,"href":"https:\/\/justicapotiguar.com.br\/index.php\/wp-json\/wp\/v2\/posts\/7759\/revisions"}],"predecessor-version":[{"id":7761,"href":"https:\/\/justicapotiguar.com.br\/index.php\/wp-json\/wp\/v2\/posts\/7759\/revisions\/7761"}],"wp:featuredmedia":[{"embeddable":true,"href":"https:\/\/justicapotiguar.com.br\/index.php\/wp-json\/wp\/v2\/media\/7760"}],"wp:attachment":[{"href":"https:\/\/justicapotiguar.com.br\/index.php\/wp-json\/wp\/v2\/media?parent=7759"}],"wp:term":[{"taxonomy":"category","embeddable":true,"href":"https:\/\/justicapotiguar.com.br\/index.php\/wp-json\/wp\/v2\/categories?post=7759"},{"taxonomy":"post_tag","embeddable":true,"href":"https:\/\/justicapotiguar.com.br\/index.php\/wp-json\/wp\/v2\/tags?post=7759"}],"curies":[{"name":"wp","href":"https:\/\/api.w.org\/{rel}","templated":true}]}}