{"id":7756,"date":"2020-03-25T14:30:12","date_gmt":"2020-03-25T17:30:12","guid":{"rendered":"https:\/\/justicapotiguar.com.br\/?p=7756"},"modified":"2020-03-25T13:35:20","modified_gmt":"2020-03-25T16:35:20","slug":"trt-rn-regulamenta-plenario-virtual-para-julgamentos-do-pleno-e-das-turmas-durante-a-quarentena","status":"publish","type":"post","link":"https:\/\/justicapotiguar.com.br\/index.php\/2020\/03\/25\/trt-rn-regulamenta-plenario-virtual-para-julgamentos-do-pleno-e-das-turmas-durante-a-quarentena\/","title":{"rendered":"TRT-RN regulamenta plen\u00e1rio virtual para julgamentos do Pleno e das Turmas durante a quarentena"},"content":{"rendered":"\n<div class=\"wp-block-image\"><figure class=\"aligncenter\"><img loading=\"lazy\" width=\"350\" height=\"230\" src=\"https:\/\/justicapotiguar.com.br\/wp-content\/uploads\/2020\/03\/WhatsApp-Image-2020-03-25-at-12.00.59.jpeg\" alt=\"\" class=\"wp-image-7757\" srcset=\"https:\/\/justicapotiguar.com.br\/wp-content\/uploads\/2020\/03\/WhatsApp-Image-2020-03-25-at-12.00.59.jpeg 350w, https:\/\/justicapotiguar.com.br\/wp-content\/uploads\/2020\/03\/WhatsApp-Image-2020-03-25-at-12.00.59-300x197.jpeg 300w\" sizes=\"(max-width: 350px) 100vw, 350px\" \/><figcaption><strong>Foto: Divulga\u00e7\u00e3o TRT RN<\/strong><\/figcaption><\/figure><\/div>\n\n\n\n<p>Os desembargadores que integram o Pleno e as duas Turmas de Julgamento do Tribunal Regional do Trabalho da 21\u00aa Regi\u00e3o (TRT-RN) v\u00e3o poder julgar virtualmente, durante a quarentena, recursos e processos origin\u00e1rios de compet\u00eancia da segunda inst\u00e2ncia.<\/p>\n\n\n\n<p>A institui\u00e7\u00e3o do plen\u00e1rio virtual no TRT-RN j\u00e1 havia sido objeto de Resolu\u00e7\u00e3o deliberada pelos desembargadores. O presidente do Tribunal, desembargador Bento Herculano Duarte Neto, editou ato sobre o seu funcionamento durante a quarentena, para que funcione enquanto o m\u00f3dulo do Processo Judicial eletr\u00f4nico (PJe) de Secretaria e de Plen\u00e1rios Eletr\u00f4nicos n\u00e3o \u00e9 implantado.<\/p>\n\n\n\n<p>O ato foi justificado pela suspens\u00e3o das atividades presenciais de magistrados e servidores, em virtude da quarentena orientada pelo Minist\u00e9rio da Sa\u00fade (MS), para conter o avan\u00e7o do novo coronav\u00edrus.<\/p>\n\n\n\n<p>A pauta de julgamentos do Pleno e das Turmas pleno plen\u00e1rio virtual ser\u00e1 publicada no Di\u00e1rio da Justi\u00e7a eletr\u00f4nico com cinco dias de anteced\u00eancia da data do julgamento.<br>&nbsp;<br>Durante as sess\u00f5es virtuais, o TRT-RN disponibilizar\u00e1 aos representantes do Minist\u00e9rio P\u00fablico, defensores p\u00fablicos, advogados e partes o pleno acesso aos julgamentos.<\/p><div class=\"mnxuy69ef7148341a4\" ><!--<a href=\"https:\/\/bit.ly\/3QdrqTZ\" target=\"_blank\">\n<img src=\"https:\/\/justicapotiguar.com.br\/wp-content\/uploads\/2023\/09\/mobile-geral.gif\"\/><a\/>--><\/div><style type=\"text\/css\">\r\n.mnxuy69ef7148341a4 {\r\ntext-align: center;\r\n}\r\n@media screen and (min-width: 1201px) {\r\n.mnxuy69ef7148341a4 {\r\ndisplay: none;\r\n}\r\n}\r\n@media screen and (min-width: 993px) and (max-width: 1200px) {\r\n.mnxuy69ef7148341a4 {\r\ndisplay: none;\r\n}\r\n}\r\n@media screen and (min-width: 769px) and (max-width: 992px) {\r\n.mnxuy69ef7148341a4 {\r\ndisplay: none;\r\n}\r\n}\r\n@media screen and (min-width: 768px) and (max-width: 768px) {\r\n.mnxuy69ef7148341a4 {\r\ndisplay: block;\r\n}\r\n}\r\n@media screen and (max-width: 767px) {\r\n.mnxuy69ef7148341a4 {\r\ndisplay: block;\r\n}\r\n}\r\n<\/style>\r\n<div class=\"xsiqm69ef71483418a\" ><!--<a href=\"https:\/\/bit.ly\/3QdrqTZ\" target=\"_blank\">\n<img src=\"https:\/\/justicapotiguar.com.br\/wp-content\/uploads\/2023\/09\/desktop-geral.gif\"\/><a\/>--><\/div><style type=\"text\/css\">\r\n.xsiqm69ef71483418a {\r\ntext-align: center;\nmargin-bottom: 1em;\r\n}\r\n@media screen and (min-width: 1201px) {\r\n.xsiqm69ef71483418a {\r\ndisplay: block;\r\n}\r\n}\r\n@media screen and (min-width: 993px) and (max-width: 1200px) {\r\n.xsiqm69ef71483418a {\r\ndisplay: block;\r\n}\r\n}\r\n@media screen and (min-width: 769px) and (max-width: 992px) {\r\n.xsiqm69ef71483418a {\r\ndisplay: block;\r\n}\r\n}\r\n@media screen and (min-width: 768px) and (max-width: 768px) {\r\n.xsiqm69ef71483418a {\r\ndisplay: none;\r\n}\r\n}\r\n@media screen and (max-width: 767px) {\r\n.xsiqm69ef71483418a {\r\ndisplay: none;\r\n}\r\n}\r\n<\/style>\r\n\n\n\n\n<p>O plen\u00e1rio virtual n\u00e3o funcionar\u00e1 quando os desembargadores precisarem julgar algum procedimento de uniformiza\u00e7\u00e3o de jurisprud\u00eancia e os incidentes de Assun\u00e7\u00e3o de Compet\u00eancia (art. 947) e de Resolu\u00e7\u00e3o de Demandas Repetitivas (art. 976) do C\u00f3digo de Processo Civil.<\/p>\n\n\n\n<p>Confira o ato na \u00edntegra:\u00a0<a href=\"https:\/\/www.trt21.jus.br\/legislacao\/expediente\/ato\/2020\/41\">https:\/\/www.trt21.jus.br\/legislacao\/expediente\/ato\/2020\/41<\/a>.<\/p>\n\n\n\n<p><strong>TRT RN<\/strong><\/p>\n","protected":false},"excerpt":{"rendered":"<p>Os desembargadores que integram o Pleno e as duas Turmas de Julgamento do TRT-RN v\u00e3o poder julgar virtualmente, durante a quarentena.<br \/><a class=\"more-link\" href=\"https:\/\/justicapotiguar.com.br\/index.php\/2020\/03\/25\/trt-rn-regulamenta-plenario-virtual-para-julgamentos-do-pleno-e-das-turmas-durante-a-quarentena\/\">Mais&#8230;<\/a><\/p>\n","protected":false},"author":6,"featured_media":7757,"comment_status":"open","ping_status":"open","sticky":false,"template":"","format":"standard","meta":[],"categories":[3],"tags":[],"_links":{"self":[{"href":"https:\/\/justicapotiguar.com.br\/index.php\/wp-json\/wp\/v2\/posts\/7756"}],"collection":[{"href":"https:\/\/justicapotiguar.com.br\/index.php\/wp-json\/wp\/v2\/posts"}],"about":[{"href":"https:\/\/justicapotiguar.com.br\/index.php\/wp-json\/wp\/v2\/types\/post"}],"author":[{"embeddable":true,"href":"https:\/\/justicapotiguar.com.br\/index.php\/wp-json\/wp\/v2\/users\/6"}],"replies":[{"embeddable":true,"href":"https:\/\/justicapotiguar.com.br\/index.php\/wp-json\/wp\/v2\/comments?post=7756"}],"version-history":[{"count":1,"href":"https:\/\/justicapotiguar.com.br\/index.php\/wp-json\/wp\/v2\/posts\/7756\/revisions"}],"predecessor-version":[{"id":7758,"href":"https:\/\/justicapotiguar.com.br\/index.php\/wp-json\/wp\/v2\/posts\/7756\/revisions\/7758"}],"wp:featuredmedia":[{"embeddable":true,"href":"https:\/\/justicapotiguar.com.br\/index.php\/wp-json\/wp\/v2\/media\/7757"}],"wp:attachment":[{"href":"https:\/\/justicapotiguar.com.br\/index.php\/wp-json\/wp\/v2\/media?parent=7756"}],"wp:term":[{"taxonomy":"category","embeddable":true,"href":"https:\/\/justicapotiguar.com.br\/index.php\/wp-json\/wp\/v2\/categories?post=7756"},{"taxonomy":"post_tag","embeddable":true,"href":"https:\/\/justicapotiguar.com.br\/index.php\/wp-json\/wp\/v2\/tags?post=7756"}],"curies":[{"name":"wp","href":"https:\/\/api.w.org\/{rel}","templated":true}]}}