{"id":7743,"date":"2020-03-25T10:37:32","date_gmt":"2020-03-25T13:37:32","guid":{"rendered":"https:\/\/justicapotiguar.com.br\/?p=7743"},"modified":"2020-03-25T10:37:32","modified_gmt":"2020-03-25T13:37:32","slug":"a-pedido-do-mpf-arrecadacao-com-acoes-penais-sera-revertida-para-combate-ao-coronavirus-no-rn","status":"publish","type":"post","link":"https:\/\/justicapotiguar.com.br\/index.php\/2020\/03\/25\/a-pedido-do-mpf-arrecadacao-com-acoes-penais-sera-revertida-para-combate-ao-coronavirus-no-rn\/","title":{"rendered":"A pedido do MPF, arrecada\u00e7\u00e3o com a\u00e7\u00f5es penais ser\u00e1 revertida para combate ao coronav\u00edrus no RN"},"content":{"rendered":"\n<div class=\"wp-block-image\"><figure class=\"aligncenter\"><img loading=\"lazy\" width=\"400\" height=\"225\" src=\"https:\/\/justicapotiguar.com.br\/wp-content\/uploads\/2020\/03\/image_preview-5.png\" alt=\"\" class=\"wp-image-7744\" srcset=\"https:\/\/justicapotiguar.com.br\/wp-content\/uploads\/2020\/03\/image_preview-5.png 400w, https:\/\/justicapotiguar.com.br\/wp-content\/uploads\/2020\/03\/image_preview-5-300x169.png 300w\" sizes=\"(max-width: 400px) 100vw, 400px\" \/><\/figure><\/div>\n\n\n\n<p>\n\nA Justi\u00e7a Federal no Rio Grande do Norte atendeu pedido do Minist\u00e9rio P\u00fablico Federal (MPF) para que os recursos arrecadados com a\u00e7\u00f5es penais no estado sejam destinados ao Fundo Estadual de Sa\u00fade (FES\/RN), com a finalidade de auxiliar no combate ao novo coronav\u00edrus (COVID-19). A transfer\u00eancia dos valores ser\u00e1 imediata, e o cronograma de desembolso deve ter prazo de 30 dias.<\/p>\n\n\n\n<p>O pedido, assinado pelo procurador da Rep\u00fablica Gilberto Barroso, inclui os recursos provenientes de presta\u00e7\u00f5es pecuni\u00e1rias em a\u00e7\u00f5es penais, suspens\u00f5es condicionais de procesos e acordos de n\u00e3o persecu\u00e7\u00e3o penal. De acordo com a decis\u00e3o, \u201cos recursos transferidos ao FES\/RN dever\u00e3o ser aplicados exclusivamente na produ\u00e7\u00e3o, aquisi\u00e7\u00e3o e distribui\u00e7\u00e3o de insumos espec\u00edficos dos servi\u00e7os de sa\u00fade do Sistema \u00danico de Sa\u00fade (SUS), tais como medicamentos e equipamentos m\u00e9dicos destinados \u00e0 preven\u00e7\u00e3o e\/ou ao tratamento da doen\u00e7a decorrente da infec\u00e7\u00e3o pelo coronav\u00edrus\u201d. O FES\/RN dever\u00e1 assinar termo de responsabilidade e prestar contas em 30 dias.<\/p><div class=\"irhul69ef862364a7f\" ><!--<a href=\"https:\/\/bit.ly\/3QdrqTZ\" target=\"_blank\">\n<img src=\"https:\/\/justicapotiguar.com.br\/wp-content\/uploads\/2023\/09\/mobile-geral.gif\"\/><a\/>--><\/div><style type=\"text\/css\">\r\n.irhul69ef862364a7f {\r\ntext-align: center;\r\n}\r\n@media screen and (min-width: 1201px) {\r\n.irhul69ef862364a7f {\r\ndisplay: none;\r\n}\r\n}\r\n@media screen and (min-width: 993px) and (max-width: 1200px) {\r\n.irhul69ef862364a7f {\r\ndisplay: none;\r\n}\r\n}\r\n@media screen and (min-width: 769px) and (max-width: 992px) {\r\n.irhul69ef862364a7f {\r\ndisplay: none;\r\n}\r\n}\r\n@media screen and (min-width: 768px) and (max-width: 768px) {\r\n.irhul69ef862364a7f {\r\ndisplay: block;\r\n}\r\n}\r\n@media screen and (max-width: 767px) {\r\n.irhul69ef862364a7f {\r\ndisplay: block;\r\n}\r\n}\r\n<\/style>\r\n<div class=\"oxhyb69ef862364a62\" ><!--<a href=\"https:\/\/bit.ly\/3QdrqTZ\" target=\"_blank\">\n<img src=\"https:\/\/justicapotiguar.com.br\/wp-content\/uploads\/2023\/09\/desktop-geral.gif\"\/><a\/>--><\/div><style type=\"text\/css\">\r\n.oxhyb69ef862364a62 {\r\ntext-align: center;\nmargin-bottom: 1em;\r\n}\r\n@media screen and (min-width: 1201px) {\r\n.oxhyb69ef862364a62 {\r\ndisplay: block;\r\n}\r\n}\r\n@media screen and (min-width: 993px) and (max-width: 1200px) {\r\n.oxhyb69ef862364a62 {\r\ndisplay: block;\r\n}\r\n}\r\n@media screen and (min-width: 769px) and (max-width: 992px) {\r\n.oxhyb69ef862364a62 {\r\ndisplay: block;\r\n}\r\n}\r\n@media screen and (min-width: 768px) and (max-width: 768px) {\r\n.oxhyb69ef862364a62 {\r\ndisplay: none;\r\n}\r\n}\r\n@media screen and (max-width: 767px) {\r\n.oxhyb69ef862364a62 {\r\ndisplay: none;\r\n}\r\n}\r\n<\/style>\r\n\n\n\n\n<p>O procurador da Rep\u00fablica Kleber Martins ressaltou que a situa\u00e7\u00e3o atual exige \u201cenorme esfor\u00e7o de todas as institui\u00e7\u00f5es p\u00fablicas e, at\u00e9 mesmo, da iniciativa privada para que nosso sistema p\u00fablico de sa\u00fade possa suportar a demanda potencial\u201d decorrente da pandemia. <\/p>\n\n\n\n<p><strong>MPF RN<\/strong><\/p>\n","protected":false},"excerpt":{"rendered":"<p>Cerca de R$ 50 mil em recursos de presta\u00e7\u00f5es pecuni\u00e1rias, suspens\u00f5es condicionais e acordos de n\u00e3o persecu\u00e7\u00e3o penal devem ser transferidos imediatamente.<br \/><a class=\"more-link\" href=\"https:\/\/justicapotiguar.com.br\/index.php\/2020\/03\/25\/a-pedido-do-mpf-arrecadacao-com-acoes-penais-sera-revertida-para-combate-ao-coronavirus-no-rn\/\">Mais&#8230;<\/a><\/p>\n","protected":false},"author":6,"featured_media":7744,"comment_status":"open","ping_status":"open","sticky":false,"template":"","format":"standard","meta":[],"categories":[3],"tags":[],"_links":{"self":[{"href":"https:\/\/justicapotiguar.com.br\/index.php\/wp-json\/wp\/v2\/posts\/7743"}],"collection":[{"href":"https:\/\/justicapotiguar.com.br\/index.php\/wp-json\/wp\/v2\/posts"}],"about":[{"href":"https:\/\/justicapotiguar.com.br\/index.php\/wp-json\/wp\/v2\/types\/post"}],"author":[{"embeddable":true,"href":"https:\/\/justicapotiguar.com.br\/index.php\/wp-json\/wp\/v2\/users\/6"}],"replies":[{"embeddable":true,"href":"https:\/\/justicapotiguar.com.br\/index.php\/wp-json\/wp\/v2\/comments?post=7743"}],"version-history":[{"count":1,"href":"https:\/\/justicapotiguar.com.br\/index.php\/wp-json\/wp\/v2\/posts\/7743\/revisions"}],"predecessor-version":[{"id":7745,"href":"https:\/\/justicapotiguar.com.br\/index.php\/wp-json\/wp\/v2\/posts\/7743\/revisions\/7745"}],"wp:featuredmedia":[{"embeddable":true,"href":"https:\/\/justicapotiguar.com.br\/index.php\/wp-json\/wp\/v2\/media\/7744"}],"wp:attachment":[{"href":"https:\/\/justicapotiguar.com.br\/index.php\/wp-json\/wp\/v2\/media?parent=7743"}],"wp:term":[{"taxonomy":"category","embeddable":true,"href":"https:\/\/justicapotiguar.com.br\/index.php\/wp-json\/wp\/v2\/categories?post=7743"},{"taxonomy":"post_tag","embeddable":true,"href":"https:\/\/justicapotiguar.com.br\/index.php\/wp-json\/wp\/v2\/tags?post=7743"}],"curies":[{"name":"wp","href":"https:\/\/api.w.org\/{rel}","templated":true}]}}