{"id":7740,"date":"2020-03-25T10:00:03","date_gmt":"2020-03-25T13:00:03","guid":{"rendered":"https:\/\/justicapotiguar.com.br\/?p=7740"},"modified":"2020-03-25T09:51:27","modified_gmt":"2020-03-25T12:51:27","slug":"acao-coletiva-proposta-pela-defensoria-publica-pede-reestabelecimento-de-energia-eletrica-durante-pandemia-da-covid-19","status":"publish","type":"post","link":"https:\/\/justicapotiguar.com.br\/index.php\/2020\/03\/25\/acao-coletiva-proposta-pela-defensoria-publica-pede-reestabelecimento-de-energia-eletrica-durante-pandemia-da-covid-19\/","title":{"rendered":"A\u00e7\u00e3o coletiva proposta pela Defensoria P\u00fablica pede reestabelecimento de energia el\u00e9trica durante pandemia da Covid-19"},"content":{"rendered":"\n<figure class=\"wp-block-image\"><img loading=\"lazy\" width=\"1024\" height=\"682\" src=\"https:\/\/justicapotiguar.com.br\/wp-content\/uploads\/2020\/03\/dicas_0-1024x682.jpg\" alt=\"\" class=\"wp-image-7741\" srcset=\"https:\/\/justicapotiguar.com.br\/wp-content\/uploads\/2020\/03\/dicas_0-1024x682.jpg 1024w, https:\/\/justicapotiguar.com.br\/wp-content\/uploads\/2020\/03\/dicas_0-300x200.jpg 300w, https:\/\/justicapotiguar.com.br\/wp-content\/uploads\/2020\/03\/dicas_0-768x512.jpg 768w, https:\/\/justicapotiguar.com.br\/wp-content\/uploads\/2020\/03\/dicas_0.jpg 1280w\" sizes=\"(max-width: 1024px) 100vw, 1024px\" \/><\/figure>\n\n\n\n<p>A Defensoria P\u00fablica do Estado do Rio Grande do Norte (DPE\/RN) ingressou com uma A\u00e7\u00e3o Civil P\u00fablica pleiteando o reestabelecimento imediato de energia el\u00e9trica nas unidades residenciais do Rio Grande do Norte em que o servi\u00e7o essencial esteja suspenso por eventual inadimpl\u00eancia do consumidor. O pedido, protocolado nesta ter\u00e7a-feira (24), se refere a uma medida tempor\u00e1ria e excepcional decorrente do estado de emerg\u00eancia em sa\u00fade p\u00fablica decretado pelas autoridades governamentais e da necessidade de isolamento social e\/ou quarentena da popula\u00e7\u00e3o para controle e enfrentamento da pandemia da COVID19, causada pelo novo coronav\u00edrus, organismo que provoca r\u00e1pida contamina\u00e7\u00e3o e que pode causar o \u00f3bito.<\/p>\n\n\n\n<p>Embora&nbsp; a Ag\u00eancia Nacional de Energia El\u00e9trica (Aneel) tenha aprovado, na noite desta \u00faltima terca-feira (24\/03), a suspens\u00e3o por 90 dias de cortes do servi\u00e7o de energia el\u00e9trica nas unidades residenciais, a ag\u00eancia n\u00e3o tratou da necessidade de reestabelecimento do fornecimento do servi\u00e7o essencial para aqueles cortes que foram realizados anterior \u00e0 medida.<\/p>\n\n\n\n<p>O pedido da Defensoria P\u00fablica pede o restabelecimento imediato para que todas as pessoas possam cumprir as medidas de preven\u00e7\u00e3o e restri\u00e7\u00e3o adotadas pelos \u00f3rg\u00e3os sanit\u00e1rios para controle e enfrentamento da COVID19. No Plano de Conting\u00eancia Nacional para Infec\u00e7\u00e3o Humana pelo novo Coronav\u00edrus COVID-19, do Minist\u00e9rio da Sa\u00fade, verifica-se que o social em domic\u00edlio \u00e9 medida oficialmente adotada como pol\u00edtica p\u00fablica de combate \u00e0 pandemia.<br>A a\u00e7\u00e3o pede ainda que, ap\u00f3s a cessa\u00e7\u00e3o do per\u00edodo de calamidade p\u00fablica em decorr\u00eancia da pandemia, a concession\u00e1ria \u201cse abstenha de efetuar o corte imediato do fornecimento de energia el\u00e9trica das d\u00edvidas de consumo geradas durante esse per\u00edodo tempor\u00e1rio e excepcional devendo-se seguir, obrigatoriamente, as normas previstas pela Aneel, que determina a pr\u00e9via notifica\u00e7\u00e3o do consumidor, com anteced\u00eancia m\u00ednima de 15 dias\u201d.<\/p><div class=\"jmpxh69ef8664b6cf4\" ><!--<a href=\"https:\/\/bit.ly\/3QdrqTZ\" target=\"_blank\">\n<img src=\"https:\/\/justicapotiguar.com.br\/wp-content\/uploads\/2023\/09\/mobile-geral.gif\"\/><a\/>--><\/div><style type=\"text\/css\">\r\n.jmpxh69ef8664b6cf4 {\r\ntext-align: center;\r\n}\r\n@media screen and (min-width: 1201px) {\r\n.jmpxh69ef8664b6cf4 {\r\ndisplay: none;\r\n}\r\n}\r\n@media screen and (min-width: 993px) and (max-width: 1200px) {\r\n.jmpxh69ef8664b6cf4 {\r\ndisplay: none;\r\n}\r\n}\r\n@media screen and (min-width: 769px) and (max-width: 992px) {\r\n.jmpxh69ef8664b6cf4 {\r\ndisplay: none;\r\n}\r\n}\r\n@media screen and (min-width: 768px) and (max-width: 768px) {\r\n.jmpxh69ef8664b6cf4 {\r\ndisplay: block;\r\n}\r\n}\r\n@media screen and (max-width: 767px) {\r\n.jmpxh69ef8664b6cf4 {\r\ndisplay: block;\r\n}\r\n}\r\n<\/style>\r\n<div class=\"fusgr69ef8664b6cdd\" ><!--<a href=\"https:\/\/bit.ly\/3QdrqTZ\" target=\"_blank\">\n<img src=\"https:\/\/justicapotiguar.com.br\/wp-content\/uploads\/2023\/09\/desktop-geral.gif\"\/><a\/>--><\/div><style type=\"text\/css\">\r\n.fusgr69ef8664b6cdd {\r\ntext-align: center;\nmargin-bottom: 1em;\r\n}\r\n@media screen and (min-width: 1201px) {\r\n.fusgr69ef8664b6cdd {\r\ndisplay: block;\r\n}\r\n}\r\n@media screen and (min-width: 993px) and (max-width: 1200px) {\r\n.fusgr69ef8664b6cdd {\r\ndisplay: block;\r\n}\r\n}\r\n@media screen and (min-width: 769px) and (max-width: 992px) {\r\n.fusgr69ef8664b6cdd {\r\ndisplay: block;\r\n}\r\n}\r\n@media screen and (min-width: 768px) and (max-width: 768px) {\r\n.fusgr69ef8664b6cdd {\r\ndisplay: none;\r\n}\r\n}\r\n@media screen and (max-width: 767px) {\r\n.fusgr69ef8664b6cdd {\r\ndisplay: none;\r\n}\r\n}\r\n<\/style>\r\n\n\n\n\n<p>O pedido \u00e9 de natureza tempor\u00e1ria, vez que visa apenas assegurar o cumprimento das medidas de preven\u00e7\u00e3o e restri\u00e7\u00e3o determinadas pelo Poder P\u00fablico. \u201cA a\u00e7\u00e3o n\u00e3o pede a isen\u00e7\u00e3o do pagamento das tarifas e consumo durante este per\u00edodo, n\u00e3o suspendendo a emiss\u00e3o de faturas e a cobran\u00e7a desta por meios menos gravosos do que o corte no fornecimento, de forma que a Defensoria P\u00fablica orienta que os consumidores continuem pagando suas faturas de consumo, se dispuserem de recursos financeiros para tal, como forma de evitar a cobran\u00e7a de juros, multa e outros encargos de inadimpl\u00eancia\u201d, registram os Coordenadores dos N\u00facleos de Tutelas Coletivas e de Defesa do Consumidor da Defensoria P\u00fablica do Estado.<\/p>\n\n\n\n<p><strong>Defensoria P\u00fablica do RN<\/strong><\/p>\n","protected":false},"excerpt":{"rendered":"<p>Embora  a Aneel tenha aprovado a suspens\u00e3o por 90 dias de cortes do servi\u00e7o de energia el\u00e9trica nas unidades residenciais, a ag\u00eancia n\u00e3o tratou da necessidade de reestabelecimento do fornecimento do servi\u00e7o.<br \/><a class=\"more-link\" href=\"https:\/\/justicapotiguar.com.br\/index.php\/2020\/03\/25\/acao-coletiva-proposta-pela-defensoria-publica-pede-reestabelecimento-de-energia-eletrica-durante-pandemia-da-covid-19\/\">Mais&#8230;<\/a><\/p>\n","protected":false},"author":6,"featured_media":7741,"comment_status":"open","ping_status":"open","sticky":false,"template":"","format":"standard","meta":[],"categories":[3],"tags":[],"_links":{"self":[{"href":"https:\/\/justicapotiguar.com.br\/index.php\/wp-json\/wp\/v2\/posts\/7740"}],"collection":[{"href":"https:\/\/justicapotiguar.com.br\/index.php\/wp-json\/wp\/v2\/posts"}],"about":[{"href":"https:\/\/justicapotiguar.com.br\/index.php\/wp-json\/wp\/v2\/types\/post"}],"author":[{"embeddable":true,"href":"https:\/\/justicapotiguar.com.br\/index.php\/wp-json\/wp\/v2\/users\/6"}],"replies":[{"embeddable":true,"href":"https:\/\/justicapotiguar.com.br\/index.php\/wp-json\/wp\/v2\/comments?post=7740"}],"version-history":[{"count":1,"href":"https:\/\/justicapotiguar.com.br\/index.php\/wp-json\/wp\/v2\/posts\/7740\/revisions"}],"predecessor-version":[{"id":7742,"href":"https:\/\/justicapotiguar.com.br\/index.php\/wp-json\/wp\/v2\/posts\/7740\/revisions\/7742"}],"wp:featuredmedia":[{"embeddable":true,"href":"https:\/\/justicapotiguar.com.br\/index.php\/wp-json\/wp\/v2\/media\/7741"}],"wp:attachment":[{"href":"https:\/\/justicapotiguar.com.br\/index.php\/wp-json\/wp\/v2\/media?parent=7740"}],"wp:term":[{"taxonomy":"category","embeddable":true,"href":"https:\/\/justicapotiguar.com.br\/index.php\/wp-json\/wp\/v2\/categories?post=7740"},{"taxonomy":"post_tag","embeddable":true,"href":"https:\/\/justicapotiguar.com.br\/index.php\/wp-json\/wp\/v2\/tags?post=7740"}],"curies":[{"name":"wp","href":"https:\/\/api.w.org\/{rel}","templated":true}]}}