{"id":7738,"date":"2020-03-25T09:36:46","date_gmt":"2020-03-25T12:36:46","guid":{"rendered":"https:\/\/justicapotiguar.com.br\/?p=7738"},"modified":"2020-03-25T09:36:46","modified_gmt":"2020-03-25T12:36:46","slug":"cnj-observatorio-nacional-acompanhara-processos-sobre-coronavirus","status":"publish","type":"post","link":"https:\/\/justicapotiguar.com.br\/index.php\/2020\/03\/25\/cnj-observatorio-nacional-acompanhara-processos-sobre-coronavirus\/","title":{"rendered":"CNJ: Observat\u00f3rio Nacional acompanhar\u00e1 processos sobre coronav\u00edrus"},"content":{"rendered":"\n<figure class=\"wp-block-image\"><img loading=\"lazy\" width=\"640\" height=\"427\" src=\"https:\/\/justicapotiguar.com.br\/wp-content\/uploads\/2020\/03\/cnj-2020.jpeg\" alt=\"\" class=\"wp-image-7643\" srcset=\"https:\/\/justicapotiguar.com.br\/wp-content\/uploads\/2020\/03\/cnj-2020.jpeg 640w, https:\/\/justicapotiguar.com.br\/wp-content\/uploads\/2020\/03\/cnj-2020-300x200.jpeg 300w\" sizes=\"(max-width: 640px) 100vw, 640px\" \/><\/figure>\n\n\n\n<p>O Conselho Nacional de Justi\u00e7a (CNJ), por meio da&nbsp;<a href=\"https:\/\/atos.cnj.jus.br\/atos\/detalhar\/3252\" target=\"_blank\" rel=\"noreferrer noopener\">Portaria n\u00ba 57\/2020<\/a>, incluiu o caso Coronav\u00edrus \u2013 Covid-19 entre os temas que integram o Observat\u00f3rio Nacional sobre Quest\u00f5es Ambientais, Econ\u00f4micas e Sociais de Alta Complexidade e Grande Impacto e Repercuss\u00e3o. Al\u00e9m de possibilitar um melhor acompanhamento e supervis\u00e3o das medidas implementadas pelos tribunais brasileiros em rela\u00e7\u00e3o aos casos envolvendo o coronav\u00edrus, a decis\u00e3o tem o objetivo de aperfei\u00e7oar o Sistema de Justi\u00e7a e auxiliar os \u00f3rg\u00e3os do Poder Judici\u00e1rio no enfrentamento das demandas.<\/p>\n\n\n\n<p>Ao abordar o caso do coronav\u00edrus, o Observat\u00f3rio Nacional usar\u00e1 a expertise acumulada desde sua cria\u00e7\u00e3o para promover levantamento de dados estat\u00edsticos relativos \u00e0 tramita\u00e7\u00e3o de a\u00e7\u00f5es e outras informa\u00e7\u00f5es relevantes sobre medidas extrajudiciais e judiciais de grande repercuss\u00e3o. Ele tamb\u00e9m vai monitorar o andamento e a solu\u00e7\u00e3o das medidas extrajudiciais e das a\u00e7\u00f5es judiciais, al\u00e9m de estabelecer interc\u00e2mbio com institui\u00e7\u00f5es e especialistas para promo\u00e7\u00e3o de coopera\u00e7\u00e3o judicial e institucional com tribunais, \u00f3rg\u00e3os do Minist\u00e9rio P\u00fablico e outras institui\u00e7\u00f5es, nacionais ou internacionais.<\/p>\n\n\n\n<p>Uma das a\u00e7\u00f5es da portaria \u00e9 a inclus\u00e3o do assunto \u201cCovid-19\u201d no Sistema de Gest\u00e3o de Tabelas Processuais Unificadas (TPU), utilizado por todos os tribunais do Brasil para registrar o ingresso de a\u00e7\u00f5es judiciais. Um dos novos c\u00f3digos trata especificamente do assunto \u2018Quest\u00f5es De Alta Complexidade, Grande Impacto E Repercuss\u00e3o\u2019. Com isto, o Observat\u00f3rio poder\u00e1 acompanhar o cadastramento de informa\u00e7\u00f5es processuais sobre o tema e extrair dados estat\u00edsticos que subsidiem a\u00e7\u00f5es estrat\u00e9gicas em rela\u00e7\u00e3o \u00e0 situa\u00e7\u00e3o do Coronav\u00edrus.<\/p>\n\n\n\n<p>Os tribunais tamb\u00e9m dever\u00e3o manter o cadastramento dos assuntos principais do Direito da Sa\u00fade, como fornecimento de medicamento, fornecimento de insumos, tratamento m\u00e9dico hospitalar, relacionando-os com o assunto complementar Covid-19. Os \u00f3rg\u00e3os do Sistema de Justi\u00e7a foram comunicados sobre a obrigatoriedade de promover o cadastramento de a\u00e7\u00f5es relacionadas ao assunto \u201cCovid-19 (c\u00f3digo 12612)\u201d segundo a classifica\u00e7\u00e3o da TPU, sem preju\u00edzo de as secretarias\/serventias, de of\u00edcio, procederem \u00e0 retifica\u00e7\u00e3o ou complementa\u00e7\u00e3o do assunto, caso identificada alguma inconsist\u00eancia. Caber\u00e1 aos tribunais divulgar alerta em seus sistemas processuais a respeito da nova classifica\u00e7\u00e3o \u2013 Covid-19.<\/p>\n\n\n\n<p><strong>Decis\u00f5es<\/strong><\/p>\n\n\n\n<p>Outra iniciativa \u00e9 a de que os tribunais comuniquem ao CNJ todas as decis\u00f5es proferidas pelos \u00d3rg\u00e3os do Poder Judici\u00e1rio relacionadas ao assunto Coronav\u00edrus. A portaria prev\u00ea que o Departamento de Tecnologia da Informa\u00e7\u00e3o do CNJ publicar\u00e1, diariamente,&nbsp;<a href=\"https:\/\/observatorionacional.cnj.jus.br\/observatorionacional\/\" target=\"_blank\" rel=\"noreferrer noopener\">na p\u00e1gina do Observat\u00f3rio Nacional sobre Quest\u00f5es de Grande Repercuss\u00e3o<\/a>, relat\u00f3rio com o n\u00famero atualizado de \u00f3bitos decorrentes do Coronav\u00edrus e\/ou insufici\u00eancia respirat\u00f3ria, registrados pelos cart\u00f3rios de registro civil do pa\u00eds.<\/p><div class=\"riznx69ef866538cdf\" ><!--<a href=\"https:\/\/bit.ly\/3QdrqTZ\" target=\"_blank\">\n<img src=\"https:\/\/justicapotiguar.com.br\/wp-content\/uploads\/2023\/09\/mobile-geral.gif\"\/><a\/>--><\/div><style type=\"text\/css\">\r\n.riznx69ef866538cdf {\r\ntext-align: center;\r\n}\r\n@media screen and (min-width: 1201px) {\r\n.riznx69ef866538cdf {\r\ndisplay: none;\r\n}\r\n}\r\n@media screen and (min-width: 993px) and (max-width: 1200px) {\r\n.riznx69ef866538cdf {\r\ndisplay: none;\r\n}\r\n}\r\n@media screen and (min-width: 769px) and (max-width: 992px) {\r\n.riznx69ef866538cdf {\r\ndisplay: none;\r\n}\r\n}\r\n@media screen and (min-width: 768px) and (max-width: 768px) {\r\n.riznx69ef866538cdf {\r\ndisplay: block;\r\n}\r\n}\r\n@media screen and (max-width: 767px) {\r\n.riznx69ef866538cdf {\r\ndisplay: block;\r\n}\r\n}\r\n<\/style>\r\n<div class=\"kmjcn69ef866538cc9\" ><!--<a href=\"https:\/\/bit.ly\/3QdrqTZ\" target=\"_blank\">\n<img src=\"https:\/\/justicapotiguar.com.br\/wp-content\/uploads\/2023\/09\/desktop-geral.gif\"\/><a\/>--><\/div><style type=\"text\/css\">\r\n.kmjcn69ef866538cc9 {\r\ntext-align: center;\nmargin-bottom: 1em;\r\n}\r\n@media screen and (min-width: 1201px) {\r\n.kmjcn69ef866538cc9 {\r\ndisplay: block;\r\n}\r\n}\r\n@media screen and (min-width: 993px) and (max-width: 1200px) {\r\n.kmjcn69ef866538cc9 {\r\ndisplay: block;\r\n}\r\n}\r\n@media screen and (min-width: 769px) and (max-width: 992px) {\r\n.kmjcn69ef866538cc9 {\r\ndisplay: block;\r\n}\r\n}\r\n@media screen and (min-width: 768px) and (max-width: 768px) {\r\n.kmjcn69ef866538cc9 {\r\ndisplay: none;\r\n}\r\n}\r\n@media screen and (max-width: 767px) {\r\n.kmjcn69ef866538cc9 {\r\ndisplay: none;\r\n}\r\n}\r\n<\/style>\r\n\n\n\n\n<p><strong>Saiba mais<\/strong><\/p>\n\n\n\n<p>O colegiado \u00e9 uma iniciativa conjunta do CNJ e do Conselho Nacional do Minist\u00e9rio P\u00fablico (CNMP). Ele foi criado para identificar e gerir, com rapidez e transpar\u00eancia, as informa\u00e7\u00f5es processuais sobre casos de grande repercuss\u00e3o social e de alta complexidade. Atualmente, o Observat\u00f3rio acompanha os desdobramentos relacionados aos desastres em Mariana e Brumadinho e \u00e0 chacina de Una\u00ed, em Minas Gerais, e ao inc\u00eandio na Boate Kiss, no Rio Grande do Sul. Tamb\u00e9m s\u00e3o temas do Observat\u00f3rio: risco de desmoronamento no bairro Pinheiro (AL), a migra\u00e7\u00e3o de venezuelanos e aspectos da seguran\u00e7a p\u00fablica no Brasil.<\/p>\n\n\n\n<p>A portaria do CNJ criou, agora, o Comit\u00ea de Crise para suporte ao Observat\u00f3rio Nacional sobre Quest\u00f5es de Grande Repercuss\u00e3o. Ele ser\u00e1 coordenado pela conselheira do CNJ Maria Tereza Uille Gomes e composto pelas conselheiras Candice Lavocat Galv\u00e3o Jobim e Ivana Farina, pelo secret\u00e1rio-geral do CNJ, Carlos Vieira von Adamek, pelo secret\u00e1rio especial de Programas, Pesquisas e Gest\u00e3o Estrat\u00e9gica do CNJ, Richard Pae Kim, e pelos ju\u00edzes auxiliares da Presid\u00eancia do CNJ Br\u00e1ulio Gabriel Gusm\u00e3o, Carl Olav Smith, L\u00edvia Cristina Marques Peres e Dayse Starling Motta. Tamb\u00e9m integram o Comit\u00ea de Crise a diretora Executiva do Departamento de Pesquisas Judici\u00e1rias do CNJ, Gabriela Soares, e o diretor do Departamento de Tecnologia da Informa\u00e7\u00e3o e Comunica\u00e7\u00e3o do CNJ, Luiz Ant\u00f4nio Mendes Garcia.<\/p>\n\n\n\n<p>A decis\u00e3o de incluir o caso Coronav\u00edrus \u2013 Covid-19 entre os temas que integram o Observat\u00f3rio Nacional sobre Quest\u00f5es de Grande Repercuss\u00e3o foi motivada pela necessidade de reunir e compartilhar informa\u00e7\u00f5es e delibera\u00e7\u00f5es relevantes e urgentes a respeito do tema. As declara\u00e7\u00f5es de pandemia pela Organiza\u00e7\u00e3o Mundial da Sa\u00fade (OMS) e de Emerg\u00eancia em Sa\u00fade P\u00fablica pelo Governo Federal tamb\u00e9m contribu\u00edram para a iniciativa.<\/p>\n\n\n\n<p><strong>TJ RN \/CNJ<\/strong><\/p>\n","protected":false},"excerpt":{"rendered":"<p>Ao abordar o caso do coronav\u00edrus, o Observat\u00f3rio Nacional usar\u00e1 a expertise acumulada desde sua cria\u00e7\u00e3o para promover levantamento de dados estat\u00edsticos relativos \u00e0 tramita\u00e7\u00e3o de a\u00e7\u00f5es e outras informa\u00e7\u00f5es relevantes sobre medidas extrajudiciais e judiciais de grande repercuss\u00e3o. <br \/><a class=\"more-link\" href=\"https:\/\/justicapotiguar.com.br\/index.php\/2020\/03\/25\/cnj-observatorio-nacional-acompanhara-processos-sobre-coronavirus\/\">Mais&#8230;<\/a><\/p>\n","protected":false},"author":6,"featured_media":419,"comment_status":"open","ping_status":"open","sticky":false,"template":"","format":"standard","meta":[],"categories":[3],"tags":[],"_links":{"self":[{"href":"https:\/\/justicapotiguar.com.br\/index.php\/wp-json\/wp\/v2\/posts\/7738"}],"collection":[{"href":"https:\/\/justicapotiguar.com.br\/index.php\/wp-json\/wp\/v2\/posts"}],"about":[{"href":"https:\/\/justicapotiguar.com.br\/index.php\/wp-json\/wp\/v2\/types\/post"}],"author":[{"embeddable":true,"href":"https:\/\/justicapotiguar.com.br\/index.php\/wp-json\/wp\/v2\/users\/6"}],"replies":[{"embeddable":true,"href":"https:\/\/justicapotiguar.com.br\/index.php\/wp-json\/wp\/v2\/comments?post=7738"}],"version-history":[{"count":1,"href":"https:\/\/justicapotiguar.com.br\/index.php\/wp-json\/wp\/v2\/posts\/7738\/revisions"}],"predecessor-version":[{"id":7739,"href":"https:\/\/justicapotiguar.com.br\/index.php\/wp-json\/wp\/v2\/posts\/7738\/revisions\/7739"}],"wp:featuredmedia":[{"embeddable":true,"href":"https:\/\/justicapotiguar.com.br\/index.php\/wp-json\/wp\/v2\/media\/419"}],"wp:attachment":[{"href":"https:\/\/justicapotiguar.com.br\/index.php\/wp-json\/wp\/v2\/media?parent=7738"}],"wp:term":[{"taxonomy":"category","embeddable":true,"href":"https:\/\/justicapotiguar.com.br\/index.php\/wp-json\/wp\/v2\/categories?post=7738"},{"taxonomy":"post_tag","embeddable":true,"href":"https:\/\/justicapotiguar.com.br\/index.php\/wp-json\/wp\/v2\/tags?post=7738"}],"curies":[{"name":"wp","href":"https:\/\/api.w.org\/{rel}","templated":true}]}}