{"id":7735,"date":"2020-03-25T08:25:54","date_gmt":"2020-03-25T11:25:54","guid":{"rendered":"https:\/\/justicapotiguar.com.br\/?p=7735"},"modified":"2020-03-25T08:25:54","modified_gmt":"2020-03-25T11:25:54","slug":"stj-concede-prisao-domiciliar-temporaria-ao-ex-senador-luiz-estevao","status":"publish","type":"post","link":"https:\/\/justicapotiguar.com.br\/index.php\/2020\/03\/25\/stj-concede-prisao-domiciliar-temporaria-ao-ex-senador-luiz-estevao\/","title":{"rendered":"STJ concede pris\u00e3o domiciliar tempor\u00e1ria ao ex-senador Luiz Estev\u00e3o"},"content":{"rendered":"\n<figure class=\"wp-block-image\"><img loading=\"lazy\" width=\"1024\" height=\"613\" src=\"https:\/\/justicapotiguar.com.br\/wp-content\/uploads\/2020\/03\/ex-senador_luiz_estevao_foto_jose_cruz_agencia_senado_1-1024x613.jpg\" alt=\"\" class=\"wp-image-7736\" srcset=\"https:\/\/justicapotiguar.com.br\/wp-content\/uploads\/2020\/03\/ex-senador_luiz_estevao_foto_jose_cruz_agencia_senado_1-1024x613.jpg 1024w, https:\/\/justicapotiguar.com.br\/wp-content\/uploads\/2020\/03\/ex-senador_luiz_estevao_foto_jose_cruz_agencia_senado_1-300x179.jpg 300w, https:\/\/justicapotiguar.com.br\/wp-content\/uploads\/2020\/03\/ex-senador_luiz_estevao_foto_jose_cruz_agencia_senado_1-768x459.jpg 768w, https:\/\/justicapotiguar.com.br\/wp-content\/uploads\/2020\/03\/ex-senador_luiz_estevao_foto_jose_cruz_agencia_senado_1.jpg 1170w\" sizes=\"(max-width: 1024px) 100vw, 1024px\" \/><figcaption><strong>Foto:  Jos\u00e9 Cruz\/ Ag\u00eancia Senado<\/strong><\/figcaption><\/figure>\n\n\n\n<p>O ministro Rog\u00e9rio Schietti, do Superior Tribunal de Justi\u00e7a (STJ), concedeu&nbsp;hoje&nbsp;(24) pris\u00e3o domiciliar tempor\u00e1ria ao ex-senador pelo Distrito Federal (DF) Luiz Estev\u00e3o, condenado a 26 anos de pris\u00e3o por desvio de recursos das obras de constru\u00e7\u00e3o do Tribunal Regional do Trabalho (TRT) de S\u00e3o Paulo, iniciada na d\u00e9cada de 1990.<\/p>\n\n\n\n<p>Em fun\u00e7\u00e3o da pandemia do novo coronav\u00edrus (covid-19),&nbsp;a defesa pediu um habeas corpus para que o ex-parlamentar n\u00e3o fique no pres\u00eddio da Papuda, em Bras\u00edlia, onde cumpre regime semiaberto.&nbsp;<\/p>\n\n\n\n<p>A defesa alegou que Luiz Estev\u00e3o tem 70 anos e est\u00e1 no grupo de alto risco de cont\u00e1gio da doen\u00e7a, pois \u00e9 hipertenso, tem diabetes e problemas cardiovasculares.&nbsp;<\/p>\n\n\n\n<p>Al\u00e9m disso, os advogados afirmaram que o ex-senador apresentou tosse seca e temperatura de 38,5 graus de febre nos \u00faltimos dias. Um atestado m\u00e9dico particular foi apresentado no processo.&nbsp;<\/p>\n\n\n\n<p>\u201cSeu quadro cl\u00ednico atual indica poss\u00edvel infec\u00e7\u00e3o pelo coronav\u00edrus, conforme atestado m\u00e9dico emitido em&nbsp;21\/3\/2020\u201d, afirmaram os advogados.&nbsp;<\/p><div class=\"ntelu69ef86744bef2\" ><!--<a href=\"https:\/\/bit.ly\/3QdrqTZ\" target=\"_blank\">\n<img src=\"https:\/\/justicapotiguar.com.br\/wp-content\/uploads\/2023\/09\/mobile-geral.gif\"\/><a\/>--><\/div><style type=\"text\/css\">\r\n.ntelu69ef86744bef2 {\r\ntext-align: center;\r\n}\r\n@media screen and (min-width: 1201px) {\r\n.ntelu69ef86744bef2 {\r\ndisplay: none;\r\n}\r\n}\r\n@media screen and (min-width: 993px) and (max-width: 1200px) {\r\n.ntelu69ef86744bef2 {\r\ndisplay: none;\r\n}\r\n}\r\n@media screen and (min-width: 769px) and (max-width: 992px) {\r\n.ntelu69ef86744bef2 {\r\ndisplay: none;\r\n}\r\n}\r\n@media screen and (min-width: 768px) and (max-width: 768px) {\r\n.ntelu69ef86744bef2 {\r\ndisplay: block;\r\n}\r\n}\r\n@media screen and (max-width: 767px) {\r\n.ntelu69ef86744bef2 {\r\ndisplay: block;\r\n}\r\n}\r\n<\/style>\r\n<div class=\"zomwk69ef86744bedd\" ><!--<a href=\"https:\/\/bit.ly\/3QdrqTZ\" target=\"_blank\">\n<img src=\"https:\/\/justicapotiguar.com.br\/wp-content\/uploads\/2023\/09\/desktop-geral.gif\"\/><a\/>--><\/div><style type=\"text\/css\">\r\n.zomwk69ef86744bedd {\r\ntext-align: center;\nmargin-bottom: 1em;\r\n}\r\n@media screen and (min-width: 1201px) {\r\n.zomwk69ef86744bedd {\r\ndisplay: block;\r\n}\r\n}\r\n@media screen and (min-width: 993px) and (max-width: 1200px) {\r\n.zomwk69ef86744bedd {\r\ndisplay: block;\r\n}\r\n}\r\n@media screen and (min-width: 769px) and (max-width: 992px) {\r\n.zomwk69ef86744bedd {\r\ndisplay: block;\r\n}\r\n}\r\n@media screen and (min-width: 768px) and (max-width: 768px) {\r\n.zomwk69ef86744bedd {\r\ndisplay: none;\r\n}\r\n}\r\n@media screen and (max-width: 767px) {\r\n.zomwk69ef86744bedd {\r\ndisplay: none;\r\n}\r\n}\r\n<\/style>\r\n\n\n\n\n<p>Na decis\u00e3o, o ministro do STJ disse que, diante dos ind\u00edcios apresentados,&nbsp;o isolamento \u00e9 necess\u00e1rio para proteger o sistema carcer\u00e1rio.&nbsp;<\/p>\n\n\n\n<p><strong>\u201c<\/strong>Autorizo sua pris\u00e3o domiciliar tempor\u00e1ria&nbsp;at\u00e9 que se alcance diagn\u00f3stico sobre sua sa\u00fade, e at\u00e9 que a ju\u00edza das Execu\u00e7\u00f5es Penais e o Tribunal de Justi\u00e7a do DF e territ\u00f3rios analisem, fundamentadamente, com base em relat\u00f3rio m\u00e9dico, os riscos \u00e0 sua sa\u00fade ou de dissemina\u00e7\u00e3o do v\u00edrus, diante das peculiaridades\u02dc, disse o ministro.&nbsp;<\/p>\n\n\n\n<p>Antes da decis\u00e3o, a Vara de Execu\u00e7\u00f5es Penais (VEP) negou o mesmo pedido de Luiz Estev\u00e3o. De acordo com a Justi\u00e7a do DF, a situa\u00e7\u00e3o de vulnerabilidade dele n\u00e3o difere da dos demais presos.&nbsp;<\/p>\n\n\n\n<p>Na semana passada, para evitar o cont\u00e1gio dos presos, a VEP suspendeu todas as sa\u00eddas tempor\u00e1rias, o trabalho externo de presos do regime semiberto, al\u00e9m do isolamento dos presos idosos.\u00a0<\/p>\n\n\n\n<p><strong>Ag\u00eancia Brasil<\/strong><\/p>\n","protected":false},"excerpt":{"rendered":"<p>Defesa pediu habeas corpus em fun\u00e7\u00e3o da pandemia do novo coronav\u00edrus<br \/><a class=\"more-link\" href=\"https:\/\/justicapotiguar.com.br\/index.php\/2020\/03\/25\/stj-concede-prisao-domiciliar-temporaria-ao-ex-senador-luiz-estevao\/\">Mais&#8230;<\/a><\/p>\n","protected":false},"author":6,"featured_media":7736,"comment_status":"open","ping_status":"open","sticky":false,"template":"","format":"standard","meta":[],"categories":[3],"tags":[],"_links":{"self":[{"href":"https:\/\/justicapotiguar.com.br\/index.php\/wp-json\/wp\/v2\/posts\/7735"}],"collection":[{"href":"https:\/\/justicapotiguar.com.br\/index.php\/wp-json\/wp\/v2\/posts"}],"about":[{"href":"https:\/\/justicapotiguar.com.br\/index.php\/wp-json\/wp\/v2\/types\/post"}],"author":[{"embeddable":true,"href":"https:\/\/justicapotiguar.com.br\/index.php\/wp-json\/wp\/v2\/users\/6"}],"replies":[{"embeddable":true,"href":"https:\/\/justicapotiguar.com.br\/index.php\/wp-json\/wp\/v2\/comments?post=7735"}],"version-history":[{"count":1,"href":"https:\/\/justicapotiguar.com.br\/index.php\/wp-json\/wp\/v2\/posts\/7735\/revisions"}],"predecessor-version":[{"id":7737,"href":"https:\/\/justicapotiguar.com.br\/index.php\/wp-json\/wp\/v2\/posts\/7735\/revisions\/7737"}],"wp:featuredmedia":[{"embeddable":true,"href":"https:\/\/justicapotiguar.com.br\/index.php\/wp-json\/wp\/v2\/media\/7736"}],"wp:attachment":[{"href":"https:\/\/justicapotiguar.com.br\/index.php\/wp-json\/wp\/v2\/media?parent=7735"}],"wp:term":[{"taxonomy":"category","embeddable":true,"href":"https:\/\/justicapotiguar.com.br\/index.php\/wp-json\/wp\/v2\/categories?post=7735"},{"taxonomy":"post_tag","embeddable":true,"href":"https:\/\/justicapotiguar.com.br\/index.php\/wp-json\/wp\/v2\/tags?post=7735"}],"curies":[{"name":"wp","href":"https:\/\/api.w.org\/{rel}","templated":true}]}}