{"id":7725,"date":"2020-03-24T19:57:29","date_gmt":"2020-03-24T22:57:29","guid":{"rendered":"https:\/\/justicapotiguar.com.br\/?p=7725"},"modified":"2020-03-24T19:57:29","modified_gmt":"2020-03-24T22:57:29","slug":"trf-5-cassa-liminar-que-obrigava-barreira-sanitaria-no-aeroporto-de-sao-goncalo-do-amarante","status":"publish","type":"post","link":"https:\/\/justicapotiguar.com.br\/index.php\/2020\/03\/24\/trf-5-cassa-liminar-que-obrigava-barreira-sanitaria-no-aeroporto-de-sao-goncalo-do-amarante\/","title":{"rendered":"TRF 5 cassa liminar que obrigava barreira sanit\u00e1ria no aeroporto de S\u00e3o Gon\u00e7alo do Amarante"},"content":{"rendered":"\n<figure class=\"wp-block-image\"><img loading=\"lazy\" width=\"760\" height=\"646\" src=\"https:\/\/justicapotiguar.com.br\/wp-content\/uploads\/2020\/03\/WhatsApp-Image-2020-03-24-at-19.19.22.jpeg\" alt=\"\" class=\"wp-image-7726\" srcset=\"https:\/\/justicapotiguar.com.br\/wp-content\/uploads\/2020\/03\/WhatsApp-Image-2020-03-24-at-19.19.22.jpeg 760w, https:\/\/justicapotiguar.com.br\/wp-content\/uploads\/2020\/03\/WhatsApp-Image-2020-03-24-at-19.19.22-300x255.jpeg 300w\" sizes=\"(max-width: 760px) 100vw, 760px\" \/><\/figure>\n\n\n\n<p>O Procurador Fernando Rocha, acaba de informar  no  Twitter que o Tribunal Regional Federal 5a Regi\u00e3o, (TRF5) cassou a liminar que obrigava barreira sanit\u00e1ria no combate ao Covid &#8211; 19, no Aeroporto Internacional Alu\u00edsio Alves,  de S\u00e3o Gon\u00e7alo do Amarante. &#8220;\u00c9 assim que funciona a nossa Justi\u00e7a&#8221;.<\/p><div class=\"aiygk69ef8674c586e\" ><!--<a href=\"https:\/\/bit.ly\/3QdrqTZ\" target=\"_blank\">\n<img src=\"https:\/\/justicapotiguar.com.br\/wp-content\/uploads\/2023\/09\/mobile-geral.gif\"\/><a\/>--><\/div><style type=\"text\/css\">\r\n.aiygk69ef8674c586e {\r\ntext-align: center;\r\n}\r\n@media screen and (min-width: 1201px) {\r\n.aiygk69ef8674c586e {\r\ndisplay: none;\r\n}\r\n}\r\n@media screen and (min-width: 993px) and (max-width: 1200px) {\r\n.aiygk69ef8674c586e {\r\ndisplay: none;\r\n}\r\n}\r\n@media screen and (min-width: 769px) and (max-width: 992px) {\r\n.aiygk69ef8674c586e {\r\ndisplay: none;\r\n}\r\n}\r\n@media screen and (min-width: 768px) and (max-width: 768px) {\r\n.aiygk69ef8674c586e {\r\ndisplay: block;\r\n}\r\n}\r\n@media screen and (max-width: 767px) {\r\n.aiygk69ef8674c586e {\r\ndisplay: block;\r\n}\r\n}\r\n<\/style>\r\n<div class=\"njivm69ef8674c5859\" ><!--<a href=\"https:\/\/bit.ly\/3QdrqTZ\" target=\"_blank\">\n<img src=\"https:\/\/justicapotiguar.com.br\/wp-content\/uploads\/2023\/09\/desktop-geral.gif\"\/><a\/>--><\/div><style type=\"text\/css\">\r\n.njivm69ef8674c5859 {\r\ntext-align: center;\nmargin-bottom: 1em;\r\n}\r\n@media screen and (min-width: 1201px) {\r\n.njivm69ef8674c5859 {\r\ndisplay: block;\r\n}\r\n}\r\n@media screen and (min-width: 993px) and (max-width: 1200px) {\r\n.njivm69ef8674c5859 {\r\ndisplay: block;\r\n}\r\n}\r\n@media screen and (min-width: 769px) and (max-width: 992px) {\r\n.njivm69ef8674c5859 {\r\ndisplay: block;\r\n}\r\n}\r\n@media screen and (min-width: 768px) and (max-width: 768px) {\r\n.njivm69ef8674c5859 {\r\ndisplay: none;\r\n}\r\n}\r\n@media screen and (max-width: 767px) {\r\n.njivm69ef8674c5859 {\r\ndisplay: none;\r\n}\r\n}\r\n<\/style>\r\n\n\n\n\n<p> O Minist\u00e9rio P\u00fablico Federal (MPF)\u00a0obteve liminar, nesta segunda-feira, 23, na 1\u00aa<sup>\u00a0<\/sup>Vara da Justi\u00e7a\u00a0Federal no Rio Grande do Norte\u00a0para que a Ag\u00eancia Nacional de Vigil\u00e2ncia Sanit\u00e1ria (Anvisa) no\u00a0estado\u00a0permita e apoie o\u00a0governo potiguar\u00a0a implantar uma barreira sanit\u00e1ria e de inspe\u00e7\u00e3o de voos nacionais e internacionais (especialmente os provenientes de locais considerados de risco do novo surto de coronav\u00edrus) no Aeroporto Internacional Alu\u00edzio Alves, localizado na Regi\u00e3o Metropolitana de Natal (RN). <\/p>\n","protected":false},"excerpt":{"rendered":"<p>MPF obteve liminar, nesta segunda-feira, 23, na 1\u00aa Vara da Justi\u00e7a Federal no RN para que a Anvisa no estado permita e apoie o governo potiguar a implantar uma barreira sanit\u00e1ria e de inspe\u00e7\u00e3o de voos nacionais e internacionais.<br \/><a class=\"more-link\" href=\"https:\/\/justicapotiguar.com.br\/index.php\/2020\/03\/24\/trf-5-cassa-liminar-que-obrigava-barreira-sanitaria-no-aeroporto-de-sao-goncalo-do-amarante\/\">Mais&#8230;<\/a><\/p>\n","protected":false},"author":6,"featured_media":7726,"comment_status":"open","ping_status":"open","sticky":false,"template":"","format":"standard","meta":[],"categories":[3],"tags":[],"_links":{"self":[{"href":"https:\/\/justicapotiguar.com.br\/index.php\/wp-json\/wp\/v2\/posts\/7725"}],"collection":[{"href":"https:\/\/justicapotiguar.com.br\/index.php\/wp-json\/wp\/v2\/posts"}],"about":[{"href":"https:\/\/justicapotiguar.com.br\/index.php\/wp-json\/wp\/v2\/types\/post"}],"author":[{"embeddable":true,"href":"https:\/\/justicapotiguar.com.br\/index.php\/wp-json\/wp\/v2\/users\/6"}],"replies":[{"embeddable":true,"href":"https:\/\/justicapotiguar.com.br\/index.php\/wp-json\/wp\/v2\/comments?post=7725"}],"version-history":[{"count":1,"href":"https:\/\/justicapotiguar.com.br\/index.php\/wp-json\/wp\/v2\/posts\/7725\/revisions"}],"predecessor-version":[{"id":7727,"href":"https:\/\/justicapotiguar.com.br\/index.php\/wp-json\/wp\/v2\/posts\/7725\/revisions\/7727"}],"wp:featuredmedia":[{"embeddable":true,"href":"https:\/\/justicapotiguar.com.br\/index.php\/wp-json\/wp\/v2\/media\/7726"}],"wp:attachment":[{"href":"https:\/\/justicapotiguar.com.br\/index.php\/wp-json\/wp\/v2\/media?parent=7725"}],"wp:term":[{"taxonomy":"category","embeddable":true,"href":"https:\/\/justicapotiguar.com.br\/index.php\/wp-json\/wp\/v2\/categories?post=7725"},{"taxonomy":"post_tag","embeddable":true,"href":"https:\/\/justicapotiguar.com.br\/index.php\/wp-json\/wp\/v2\/tags?post=7725"}],"curies":[{"name":"wp","href":"https:\/\/api.w.org\/{rel}","templated":true}]}}