{"id":7722,"date":"2020-03-24T19:05:52","date_gmt":"2020-03-24T22:05:52","guid":{"rendered":"https:\/\/justicapotiguar.com.br\/?p=7722"},"modified":"2020-03-24T18:42:33","modified_gmt":"2020-03-24T21:42:33","slug":"empresarios-pedem-a-toffoli-seguranca-juridica-durante-pandemia","status":"publish","type":"post","link":"https:\/\/justicapotiguar.com.br\/index.php\/2020\/03\/24\/empresarios-pedem-a-toffoli-seguranca-juridica-durante-pandemia\/","title":{"rendered":"Empres\u00e1rios pedem a Toffoli seguran\u00e7a jur\u00eddica durante pandemia"},"content":{"rendered":"\n<figure class=\"wp-block-image\"><img loading=\"lazy\" width=\"1024\" height=\"613\" src=\"https:\/\/justicapotiguar.com.br\/wp-content\/uploads\/2020\/03\/declaracao_a_imprensa_1803200953-1024x613.jpg\" alt=\"\" class=\"wp-image-7723\" srcset=\"https:\/\/justicapotiguar.com.br\/wp-content\/uploads\/2020\/03\/declaracao_a_imprensa_1803200953-1024x613.jpg 1024w, https:\/\/justicapotiguar.com.br\/wp-content\/uploads\/2020\/03\/declaracao_a_imprensa_1803200953-300x179.jpg 300w, https:\/\/justicapotiguar.com.br\/wp-content\/uploads\/2020\/03\/declaracao_a_imprensa_1803200953-768x459.jpg 768w, https:\/\/justicapotiguar.com.br\/wp-content\/uploads\/2020\/03\/declaracao_a_imprensa_1803200953.jpg 1170w\" sizes=\"(max-width: 1024px) 100vw, 1024px\" \/><figcaption><strong> Foto: Carolina Antunes\/PR <\/strong><\/figcaption><\/figure>\n\n\n\n<p>Empres\u00e1rios do Conselho Di\u00e1logo pelo Brasil, entidade que re\u00fane as maiores empresas sediadas no pa\u00eds, pediram hoje (24) ao presidente do Supremo Tribuna Federal (STF), ministro Dias Toffoli, a garantia de seguran\u00e7a jur\u00eddica durante o enfrentamento da pandemia do novo coronav\u00edrus. Toffoli participou de uma videoconfer\u00eancia com os empres\u00e1rios para explicar as medidas que est\u00e3o sendo tomadas pelo Judici\u00e1rio.<\/p>\n\n\n\n<p>Durante a reuni\u00e3o, o presidente da Federa\u00e7\u00e3o das Ind\u00fastrias de S\u00e3o Paulo (Fiesp), Paulo Skaf, representante do conselho, afirmou que \u00e9 preciso ter seguran\u00e7a jur\u00eddica para evitar que decis\u00f5es judiciais, decretos estaduais e municipais em todo o pa\u00eds impe\u00e7am o abastecimento dos servi\u00e7os essenciais, que n\u00e3o podem sofrer interrup\u00e7\u00f5es.<\/p>\n\n\n\n<p>Segundo Skaf, em muitos casos, as medidas impedem o funcionamento do pa\u00eds. \u201cO principal dessa conversa \u00e9 para termos tranquilidade, que n\u00f3s teremos a seguran\u00e7a jur\u00eddica suficiente para que as pessoas sejam atendidas. Todos aqueles que est\u00e3o com as atividades essenciais, que possam a eles chegar alimentos, produtos de higiene pessoal, produtos de limpeza, rem\u00e9dios, combust\u00edvel\u201d, disse.<\/p>\n\n\n\n<p>Segundo Dias Toffoli, ap\u00f3s a Organiza\u00e7\u00e3o Mundial da Sa\u00fade (OMS) declarar a pandemia do novo coronav\u00edrus, houve muitas a\u00e7\u00f5es judiciais que extrapolaram a \u00e1rea da sa\u00fade e provocaram uma corrida para tomada de \u201cdecis\u00f5es desconexas\u201d.<\/p><div class=\"aolmi69ef86c2d8bc0\" ><!--<a href=\"https:\/\/bit.ly\/3QdrqTZ\" target=\"_blank\">\n<img src=\"https:\/\/justicapotiguar.com.br\/wp-content\/uploads\/2023\/09\/mobile-geral.gif\"\/><a\/>--><\/div><style type=\"text\/css\">\r\n.aolmi69ef86c2d8bc0 {\r\ntext-align: center;\r\n}\r\n@media screen and (min-width: 1201px) {\r\n.aolmi69ef86c2d8bc0 {\r\ndisplay: none;\r\n}\r\n}\r\n@media screen and (min-width: 993px) and (max-width: 1200px) {\r\n.aolmi69ef86c2d8bc0 {\r\ndisplay: none;\r\n}\r\n}\r\n@media screen and (min-width: 769px) and (max-width: 992px) {\r\n.aolmi69ef86c2d8bc0 {\r\ndisplay: none;\r\n}\r\n}\r\n@media screen and (min-width: 768px) and (max-width: 768px) {\r\n.aolmi69ef86c2d8bc0 {\r\ndisplay: block;\r\n}\r\n}\r\n@media screen and (max-width: 767px) {\r\n.aolmi69ef86c2d8bc0 {\r\ndisplay: block;\r\n}\r\n}\r\n<\/style>\r\n<div class=\"rnaok69ef86c2d8bac\" ><!--<a href=\"https:\/\/bit.ly\/3QdrqTZ\" target=\"_blank\">\n<img src=\"https:\/\/justicapotiguar.com.br\/wp-content\/uploads\/2023\/09\/desktop-geral.gif\"\/><a\/>--><\/div><style type=\"text\/css\">\r\n.rnaok69ef86c2d8bac {\r\ntext-align: center;\nmargin-bottom: 1em;\r\n}\r\n@media screen and (min-width: 1201px) {\r\n.rnaok69ef86c2d8bac {\r\ndisplay: block;\r\n}\r\n}\r\n@media screen and (min-width: 993px) and (max-width: 1200px) {\r\n.rnaok69ef86c2d8bac {\r\ndisplay: block;\r\n}\r\n}\r\n@media screen and (min-width: 769px) and (max-width: 992px) {\r\n.rnaok69ef86c2d8bac {\r\ndisplay: block;\r\n}\r\n}\r\n@media screen and (min-width: 768px) and (max-width: 768px) {\r\n.rnaok69ef86c2d8bac {\r\ndisplay: none;\r\n}\r\n}\r\n@media screen and (max-width: 767px) {\r\n.rnaok69ef86c2d8bac {\r\ndisplay: none;\r\n}\r\n}\r\n<\/style>\r\n\n\n\n\n<p>Na avalia\u00e7\u00e3o do presidente, \u201cdecis\u00f5es desarrazoadas\u201d suspenderam parte dos setores que precisam funcionar. \u201cAs pessoas est\u00e3o em casa, mas precisam de alimento, precisam de energia, precisam de ter toda sua manuten\u00e7\u00e3o\u201d, disse.<\/p>\n\n\n\n<p>Toffoli tamb\u00e9m lembrou durante a reuni\u00e3o que, na semana passada, ele e o presidente Jair Bolsonaro<a href=\"https:\/\/agenciabrasil.ebc.com.br\/politica\/noticia\/2020-03\/comite-vai-resolver-conflitos-judiciais-envolvendo-coronavirus\" target=\"_blank\" rel=\"noreferrer noopener\">&nbsp;anunciaram a cria\u00e7\u00e3o<\/a>&nbsp;do Comit\u00ea Nacional de \u00d3rg\u00e3os de Justi\u00e7a e de Controle para resolver conflitos judiciais envolvendo o combate ao novo coronav\u00edrus.<\/p>\n\n\n\n<p>Na ocasi\u00e3o, o ministro previu que a decreta\u00e7\u00e3o de situa\u00e7\u00e3o de calamidade p\u00fablica levaria \u00e0 &#8220;alta litigiosidade&#8221; no Judici\u00e1rio.<\/p>\n\n\n\n<p><strong>Ag\u00eancia Brasil<\/strong><\/p>\n","protected":false},"excerpt":{"rendered":"<p>Presidente do STF explicou medidas tomadas pelo Judici\u00e1rio<br \/><a class=\"more-link\" href=\"https:\/\/justicapotiguar.com.br\/index.php\/2020\/03\/24\/empresarios-pedem-a-toffoli-seguranca-juridica-durante-pandemia\/\">Mais&#8230;<\/a><\/p>\n","protected":false},"author":6,"featured_media":7723,"comment_status":"open","ping_status":"open","sticky":false,"template":"","format":"standard","meta":[],"categories":[3],"tags":[],"_links":{"self":[{"href":"https:\/\/justicapotiguar.com.br\/index.php\/wp-json\/wp\/v2\/posts\/7722"}],"collection":[{"href":"https:\/\/justicapotiguar.com.br\/index.php\/wp-json\/wp\/v2\/posts"}],"about":[{"href":"https:\/\/justicapotiguar.com.br\/index.php\/wp-json\/wp\/v2\/types\/post"}],"author":[{"embeddable":true,"href":"https:\/\/justicapotiguar.com.br\/index.php\/wp-json\/wp\/v2\/users\/6"}],"replies":[{"embeddable":true,"href":"https:\/\/justicapotiguar.com.br\/index.php\/wp-json\/wp\/v2\/comments?post=7722"}],"version-history":[{"count":1,"href":"https:\/\/justicapotiguar.com.br\/index.php\/wp-json\/wp\/v2\/posts\/7722\/revisions"}],"predecessor-version":[{"id":7724,"href":"https:\/\/justicapotiguar.com.br\/index.php\/wp-json\/wp\/v2\/posts\/7722\/revisions\/7724"}],"wp:featuredmedia":[{"embeddable":true,"href":"https:\/\/justicapotiguar.com.br\/index.php\/wp-json\/wp\/v2\/media\/7723"}],"wp:attachment":[{"href":"https:\/\/justicapotiguar.com.br\/index.php\/wp-json\/wp\/v2\/media?parent=7722"}],"wp:term":[{"taxonomy":"category","embeddable":true,"href":"https:\/\/justicapotiguar.com.br\/index.php\/wp-json\/wp\/v2\/categories?post=7722"},{"taxonomy":"post_tag","embeddable":true,"href":"https:\/\/justicapotiguar.com.br\/index.php\/wp-json\/wp\/v2\/tags?post=7722"}],"curies":[{"name":"wp","href":"https:\/\/api.w.org\/{rel}","templated":true}]}}