{"id":7717,"date":"2020-03-24T16:20:20","date_gmt":"2020-03-24T19:20:20","guid":{"rendered":"https:\/\/justicapotiguar.com.br\/?p=7717"},"modified":"2020-03-24T16:27:02","modified_gmt":"2020-03-24T19:27:02","slug":"repactuacao-de-contratos-pode-ser-saida-para-empresas-durante-crise-provocada-pelo-coronavirus-aponta-especialista","status":"publish","type":"post","link":"https:\/\/justicapotiguar.com.br\/index.php\/2020\/03\/24\/repactuacao-de-contratos-pode-ser-saida-para-empresas-durante-crise-provocada-pelo-coronavirus-aponta-especialista\/","title":{"rendered":"Repactua\u00e7\u00e3o de contratos pode ser sa\u00edda para empresas durante crise provocada pelo Coronav\u00edrus, aponta especialista"},"content":{"rendered":"\n<figure class=\"wp-block-image\"><img loading=\"lazy\" width=\"819\" height=\"787\" src=\"https:\/\/justicapotiguar.com.br\/wp-content\/uploads\/2020\/03\/2bfd5479-6d09-4d1d-b5d0-39c19f6660ff.jpg\" alt=\"\" class=\"wp-image-7720\" srcset=\"https:\/\/justicapotiguar.com.br\/wp-content\/uploads\/2020\/03\/2bfd5479-6d09-4d1d-b5d0-39c19f6660ff.jpg 819w, https:\/\/justicapotiguar.com.br\/wp-content\/uploads\/2020\/03\/2bfd5479-6d09-4d1d-b5d0-39c19f6660ff-300x288.jpg 300w, https:\/\/justicapotiguar.com.br\/wp-content\/uploads\/2020\/03\/2bfd5479-6d09-4d1d-b5d0-39c19f6660ff-768x738.jpg 768w\" sizes=\"(max-width: 819px) 100vw, 819px\" \/><\/figure>\n\n\n\n<p>As consequ\u00eancias para a economia provocadas pela pandemia do novo Coronav\u00edrus j\u00e1 s\u00e3o vistas com muita preocupa\u00e7\u00e3o ao redor do mundo. Empresas de v\u00e1rios segmentos tiveram que fechar as portas temporariamente ou reduziram de maneira dr\u00e1stica o volume de produ\u00e7\u00e3o. A maior parte delas possui contratos com fornecedores e prestadores de servi\u00e7o. Sem um horizonte \u00e0 vista de quando essa crise vai passar, \u00e9 hora do empres\u00e1rio sentar \u00e0 mesa para propor uma repactua\u00e7\u00e3o de contratos com os parceiros e, assim, garantir a sa\u00fade financeira do seu neg\u00f3cio. <\/p>\n\n\n\n<p>Para o administrador, advogado e presidente da Comiss\u00e3o de Direito Empresarial da OAB\/RN, Arnaldo L\u00e1zaro, o trabalho preventivo para a repactua\u00e7\u00e3o de contratos \u00e9 a melhor sa\u00edda em um momento como esse, sem precedentes. Segundo ele, a resolu\u00e7\u00e3o desses conflitos evita a corrida ao Judici\u00e1rio, que por sua pr\u00f3pria natureza, tender\u00e1 a tratar as demandas p\u00f3s-pandemia de forma lenta. <\/p>\n\n\n\n<p>\u201cAl\u00e9m disso, por serem quest\u00f5es complexas, o juiz poder\u00e1 ter dificuldades para chegar a solu\u00e7\u00f5es ponderadas em que ambas as partes que sofreram com a com crise do Coronav\u00edrus tenham seus direitos resguardados. A justi\u00e7a j\u00e1 vai estar abarrotada de casos semelhantes para resolver, o que vai prolongar ainda mais o processo\u201d, explica Arnaldo, que tamb\u00e9m \u00e9 mestre em Direito Empresarial (MBA) pela FGV\/RJ. <\/p>\n\n\n\n<p>O especialista argumenta que a busca pela resolu\u00e7\u00e3o de conflitos contratuais no \u00e2mbito do direito empresarial \u00e9 primordial para fazer o empres\u00e1rio ganhar f\u00f4lego e conseguir manter o neg\u00f3cio funcionado ap\u00f3s o per\u00edodo de instabilidade. Segundo ele, os decretos de calamidade expedidos pelos governos federal e estadual s\u00e3o a luz de alerta para o empres\u00e1rio buscar esse caminho. <\/p>\n\n\n\n<p>\u201cO empres\u00e1rio que optar pelo caminho da preven\u00e7\u00e3o para a repactua\u00e7\u00e3o dos seus acordos contratuais e n\u00e3o for para o \u00e2mbito judicial, ganhar\u00e1 agilidade, ter\u00e1 menor custo e estar\u00e1 melhor posicionado no momento p\u00f3s-crise, podendo retomar com mais velocidade as suas opera\u00e7\u00f5es e, com isso, voltar a faturar e cumprir com as suas obriga\u00e7\u00f5es, sem correr o risco de maiores perdas no seu neg\u00f3cio. Resolu\u00e7\u00e3o de conflitos \u00e9 tamb\u00e9m prote\u00e7\u00e3o do patrim\u00f4nio\u201d, explica. <\/p>\n\n\n\n<p>O objetivo maior da repactua\u00e7\u00e3o de contratos \u00e9 dar equil\u00edbrio ao direito de ambas as partes, no momento em que nenhuma delas deu causa para o preju\u00edzo daquela negocia\u00e7\u00e3o. \u00c9 importante, para que a repactua\u00e7\u00e3o ocorra, que as partes estejam \u00e0 disposi\u00e7\u00e3o para renunciar a alguns dos seus direitos e chegar a um acordo vi\u00e1vel, com o menor dano poss\u00edvel. <\/p>\n\n\n\n<p>Contratos p\u00fablicos e privados<\/p>\n\n\n\n<p>V\u00e1rios setores da economia podem recorrer a essa repactua\u00e7\u00e3o em diversos tipos de situa\u00e7\u00f5es. No turismo, por exemplo, hot\u00e9is podem buscar uma solu\u00e7\u00e3o para contratos de investimentos e financiamento; as distribuidoras podem renegociar contratos por problemas na frota; hospitais podem repactuar com operadoras de planos de sa\u00fade, fornecedores de insumos e medicamentos; no agroneg\u00f3cio, \u00e9 poss\u00edvel rediscutir as condi\u00e7\u00f5es contratuais com os exportadores de commodities; no com\u00e9rcio e na ind\u00fastria \u00e9 poss\u00edvel encontrar um denominar comum para contratos com fornecedores e, inclusive, com as concession\u00e1rias p\u00fablicas de \u00e1gua, energia el\u00e9trica e demais outros servi\u00e7os, como telefonia e internet. <\/p><div class=\"lgept69ef9cb1eb848\" ><!--<a href=\"https:\/\/bit.ly\/3QdrqTZ\" target=\"_blank\">\n<img src=\"https:\/\/justicapotiguar.com.br\/wp-content\/uploads\/2023\/09\/mobile-geral.gif\"\/><a\/>--><\/div><style type=\"text\/css\">\r\n.lgept69ef9cb1eb848 {\r\ntext-align: center;\r\n}\r\n@media screen and (min-width: 1201px) {\r\n.lgept69ef9cb1eb848 {\r\ndisplay: none;\r\n}\r\n}\r\n@media screen and (min-width: 993px) and (max-width: 1200px) {\r\n.lgept69ef9cb1eb848 {\r\ndisplay: none;\r\n}\r\n}\r\n@media screen and (min-width: 769px) and (max-width: 992px) {\r\n.lgept69ef9cb1eb848 {\r\ndisplay: none;\r\n}\r\n}\r\n@media screen and (min-width: 768px) and (max-width: 768px) {\r\n.lgept69ef9cb1eb848 {\r\ndisplay: block;\r\n}\r\n}\r\n@media screen and (max-width: 767px) {\r\n.lgept69ef9cb1eb848 {\r\ndisplay: block;\r\n}\r\n}\r\n<\/style>\r\n<div class=\"aepmu69ef9cb1eb828\" ><!--<a href=\"https:\/\/bit.ly\/3QdrqTZ\" target=\"_blank\">\n<img src=\"https:\/\/justicapotiguar.com.br\/wp-content\/uploads\/2023\/09\/desktop-geral.gif\"\/><a\/>--><\/div><style type=\"text\/css\">\r\n.aepmu69ef9cb1eb828 {\r\ntext-align: center;\nmargin-bottom: 1em;\r\n}\r\n@media screen and (min-width: 1201px) {\r\n.aepmu69ef9cb1eb828 {\r\ndisplay: block;\r\n}\r\n}\r\n@media screen and (min-width: 993px) and (max-width: 1200px) {\r\n.aepmu69ef9cb1eb828 {\r\ndisplay: block;\r\n}\r\n}\r\n@media screen and (min-width: 769px) and (max-width: 992px) {\r\n.aepmu69ef9cb1eb828 {\r\ndisplay: block;\r\n}\r\n}\r\n@media screen and (min-width: 768px) and (max-width: 768px) {\r\n.aepmu69ef9cb1eb828 {\r\ndisplay: none;\r\n}\r\n}\r\n@media screen and (max-width: 767px) {\r\n.aepmu69ef9cb1eb828 {\r\ndisplay: none;\r\n}\r\n}\r\n<\/style>\r\n\n\n\n\n<p>Arnaldo L\u00e1zaro explica que na rela\u00e7\u00e3o p\u00fablico-privada tamb\u00e9m \u00e9 poss\u00edvel uma repactua\u00e7\u00e3o contratual, pois existem mecanismos na lei que preveem isso, de maneira que o empres\u00e1rio fornecedor do estado n\u00e3o saia prejudicado em um momento t\u00e3o delicado. Para tanto, \u00e9 necess\u00e1rio o acompanhamento do especialista na \u00e1rea empresarial, que vai ajudar nesse equil\u00edbrio durante as negocia\u00e7\u00f5es. <\/p>\n\n\n\n<p>Para atuar na repactua\u00e7\u00e3o de contratos, \u00e9 importante que profissional tenha n\u00e3o somente a forma\u00e7\u00e3o em Direto, mas re\u00fana entre suas habilidades a experi\u00eancia com resolu\u00e7\u00e3o de conflitos e negocia\u00e7\u00f5es complexas de contratos. \u201cMais importante ainda que esse profissional tenha vivenciado, ao longo da sua carreira, a experi\u00eancia de ter sido empres\u00e1rio \u2013 o que agu\u00e7a a sensibilidade de entender o lado do empresariado nesse momento de crise\u201d, observa. <\/p>\n\n\n\n<p>Sobre Arnaldo L\u00e1zaro<\/p>\n\n\n\n<p>Arnaldo L\u00e1zaro \u00e9 compliance officer, administrador de empresas e advogado. Especialista em Direito Processual Civil (IDP\/DF), p\u00f3s-graduado em Direito P\u00fablico (OAB\/DF) e mestre em Direito Empresarial (FGV\/RJ).<\/p>\n\n\n\n<p>Como administrador de empresas, atuou durante dez anos no mercado corporativo de distribui\u00e7\u00e3o de produtos e servi\u00e7os gr\u00e1ficos, desempenhando a fun\u00e7\u00e3o de gerente e diretor nas empresas Duplotek do Brasil, Multfaas e Multisit.<\/p>\n\n\n\n<p>Na advocacia, iniciou sua carreira no Escrit\u00f3rio Macedo e Guedes Advogados, em Bras\u00edlia, atuando na \u00e1rea do Direito Empresarial. Em seguida, fundou a Sociedade Arnaldo L\u00e1zaro Advocacia. Em paralelo, nesta mesma oportunidade, na capital federal, assumiu a coordena\u00e7\u00e3o nacional de normas, acordos e conv\u00eanios da Presid\u00eancia do INSS, autarquia vinculada ao Minist\u00e9rio da Previd\u00eancia Social.<\/p>\n\n\n\n<p>Atualmente, \u00e9 consultor em compliance e advogado na \u00e1rea empresarial, presidente da Comiss\u00e3o de Direito Empresarial da OAB (RN), membro da IBRADEMP, corporate dealer na WhistleB, Whistleblowing Centre e Chief Executive Officer na Linc &#8211; Legal in Company.<\/p>\n","protected":false},"excerpt":{"rendered":"<p>As consequ\u00eancias para a economia provocadas pela pandemia do novo Coronav\u00edrus j\u00e1 s\u00e3o vistas com muita preocupa\u00e7\u00e3o ao redor do mundo.<br \/><a class=\"more-link\" href=\"https:\/\/justicapotiguar.com.br\/index.php\/2020\/03\/24\/repactuacao-de-contratos-pode-ser-saida-para-empresas-durante-crise-provocada-pelo-coronavirus-aponta-especialista\/\">Mais&#8230;<\/a><\/p>\n","protected":false},"author":6,"featured_media":7720,"comment_status":"open","ping_status":"open","sticky":false,"template":"","format":"standard","meta":[],"categories":[3],"tags":[],"_links":{"self":[{"href":"https:\/\/justicapotiguar.com.br\/index.php\/wp-json\/wp\/v2\/posts\/7717"}],"collection":[{"href":"https:\/\/justicapotiguar.com.br\/index.php\/wp-json\/wp\/v2\/posts"}],"about":[{"href":"https:\/\/justicapotiguar.com.br\/index.php\/wp-json\/wp\/v2\/types\/post"}],"author":[{"embeddable":true,"href":"https:\/\/justicapotiguar.com.br\/index.php\/wp-json\/wp\/v2\/users\/6"}],"replies":[{"embeddable":true,"href":"https:\/\/justicapotiguar.com.br\/index.php\/wp-json\/wp\/v2\/comments?post=7717"}],"version-history":[{"count":2,"href":"https:\/\/justicapotiguar.com.br\/index.php\/wp-json\/wp\/v2\/posts\/7717\/revisions"}],"predecessor-version":[{"id":7721,"href":"https:\/\/justicapotiguar.com.br\/index.php\/wp-json\/wp\/v2\/posts\/7717\/revisions\/7721"}],"wp:featuredmedia":[{"embeddable":true,"href":"https:\/\/justicapotiguar.com.br\/index.php\/wp-json\/wp\/v2\/media\/7720"}],"wp:attachment":[{"href":"https:\/\/justicapotiguar.com.br\/index.php\/wp-json\/wp\/v2\/media?parent=7717"}],"wp:term":[{"taxonomy":"category","embeddable":true,"href":"https:\/\/justicapotiguar.com.br\/index.php\/wp-json\/wp\/v2\/categories?post=7717"},{"taxonomy":"post_tag","embeddable":true,"href":"https:\/\/justicapotiguar.com.br\/index.php\/wp-json\/wp\/v2\/tags?post=7717"}],"curies":[{"name":"wp","href":"https:\/\/api.w.org\/{rel}","templated":true}]}}