{"id":7714,"date":"2020-03-24T16:10:13","date_gmt":"2020-03-24T19:10:13","guid":{"rendered":"https:\/\/justicapotiguar.com.br\/?p=7714"},"modified":"2020-03-24T16:10:13","modified_gmt":"2020-03-24T19:10:13","slug":"operacao-faroeste-prende-desembargadora-da-ba-sandra-ines-e-filho","status":"publish","type":"post","link":"https:\/\/justicapotiguar.com.br\/index.php\/2020\/03\/24\/operacao-faroeste-prende-desembargadora-da-ba-sandra-ines-e-filho\/","title":{"rendered":"Opera\u00e7\u00e3o Faroeste prende desembargadora da BA Sandra In\u00eas e filho"},"content":{"rendered":"\n<figure class=\"wp-block-image\"><img loading=\"lazy\" width=\"680\" height=\"374\" src=\"https:\/\/justicapotiguar.com.br\/wp-content\/uploads\/2020\/03\/AA01B5698BB0966BF26D54D7468F0618B3E8_sandra.jpg\" alt=\"\" class=\"wp-image-7715\" srcset=\"https:\/\/justicapotiguar.com.br\/wp-content\/uploads\/2020\/03\/AA01B5698BB0966BF26D54D7468F0618B3E8_sandra.jpg 680w, https:\/\/justicapotiguar.com.br\/wp-content\/uploads\/2020\/03\/AA01B5698BB0966BF26D54D7468F0618B3E8_sandra-300x165.jpg 300w\" sizes=\"(max-width: 680px) 100vw, 680px\" \/><figcaption><strong>Foto: Reprodu\u00e7\u00e3o Migalhas<\/strong><\/figcaption><\/figure>\n\n\n\n<p>Durante quinta fase da opera\u00e7\u00e3o Faroeste, na manh\u00e3 desta ter\u00e7a-feira, 24, foi cumprido mandado de pris\u00e3o tempor\u00e1ria da desembargadora do TJ\/BA, Sandra In\u00eas Rusciolelli, e dois advogados suspeitos de irregularidades no tribunal, sendo um deles filho de Sandra e apontado como operador financeiro do esquema.<\/p>\n\n\n\n<p>Foram cumpridos ao todo oito mandados em Salvador\/BA, Mata de S\u00e3o Jo\u00e3o\/BA e Rondon\u00f3polis\/MT. J\u00e1 est\u00e3o presos, a desembargadora Maria do Socorro Barreto Santiago, ex-presidente do TJ\/BA e o juiz S\u00e9rgio Humberto, al\u00e9m de servidores p\u00fablicos e outros operadores financeiros do esquema.<\/p>\n\n\n\n<p><strong>O caso<\/strong><\/p>\n\n\n\n<p>Quatro desembargadores e dois ju\u00edzes do TJ\/BA foram afastados de seus cargos por suspeita de envolvimento em um esquema de&nbsp;<a href=\"https:\/\/www.migalhas.com.br\/quentes\/315446\/presidente-do-tj-ba-e-afastado-por-suspeita-de-venda-de-decisoes\" target=\"_blank\" rel=\"noreferrer noopener\">venda de decis\u00f5es judiciais<\/a>&nbsp;e grilagem de terras, entre eles o atual presidente do TJ, desembargador Gesivaldo Nascimento Britto.<\/p><div class=\"hmfes69ef867aec8de\" ><!--<a href=\"https:\/\/bit.ly\/3QdrqTZ\" target=\"_blank\">\n<img src=\"https:\/\/justicapotiguar.com.br\/wp-content\/uploads\/2023\/09\/mobile-geral.gif\"\/><a\/>--><\/div><style type=\"text\/css\">\r\n.hmfes69ef867aec8de {\r\ntext-align: center;\r\n}\r\n@media screen and (min-width: 1201px) {\r\n.hmfes69ef867aec8de {\r\ndisplay: none;\r\n}\r\n}\r\n@media screen and (min-width: 993px) and (max-width: 1200px) {\r\n.hmfes69ef867aec8de {\r\ndisplay: none;\r\n}\r\n}\r\n@media screen and (min-width: 769px) and (max-width: 992px) {\r\n.hmfes69ef867aec8de {\r\ndisplay: none;\r\n}\r\n}\r\n@media screen and (min-width: 768px) and (max-width: 768px) {\r\n.hmfes69ef867aec8de {\r\ndisplay: block;\r\n}\r\n}\r\n@media screen and (max-width: 767px) {\r\n.hmfes69ef867aec8de {\r\ndisplay: block;\r\n}\r\n}\r\n<\/style>\r\n<div class=\"pnwsf69ef867aec8cb\" ><!--<a href=\"https:\/\/bit.ly\/3QdrqTZ\" target=\"_blank\">\n<img src=\"https:\/\/justicapotiguar.com.br\/wp-content\/uploads\/2023\/09\/desktop-geral.gif\"\/><a\/>--><\/div><style type=\"text\/css\">\r\n.pnwsf69ef867aec8cb {\r\ntext-align: center;\nmargin-bottom: 1em;\r\n}\r\n@media screen and (min-width: 1201px) {\r\n.pnwsf69ef867aec8cb {\r\ndisplay: block;\r\n}\r\n}\r\n@media screen and (min-width: 993px) and (max-width: 1200px) {\r\n.pnwsf69ef867aec8cb {\r\ndisplay: block;\r\n}\r\n}\r\n@media screen and (min-width: 769px) and (max-width: 992px) {\r\n.pnwsf69ef867aec8cb {\r\ndisplay: block;\r\n}\r\n}\r\n@media screen and (min-width: 768px) and (max-width: 768px) {\r\n.pnwsf69ef867aec8cb {\r\ndisplay: none;\r\n}\r\n}\r\n@media screen and (max-width: 767px) {\r\n.pnwsf69ef867aec8cb {\r\ndisplay: none;\r\n}\r\n}\r\n<\/style>\r\n\n\n\n\n<p>O afastamento foi determinado pelo ministro Og Fernandes, do STJ, pelo prazo inicial de 90 dias, podendo ser reavaliado. O afastamento tamb\u00e9m atinge Jos\u00e9 Oleg\u00e1rio Mon\u00e7\u00e3o, Maria da Gra\u00e7a Os\u00f3rio, Maria do Socorro Barreto Santiago, Marivalda Moutinho e S\u00e9rgio Humberto Sampaio. Eles tamb\u00e9m est\u00e3o proibidos de acessarem as depend\u00eancias do TJ\/BA, bem como de se comunicarem com funcion\u00e1rios e utilizarem servi\u00e7os da Corte.<\/p>\n\n\n\n<p>De acordo com o ministro, o conjunto probat\u00f3rio apresentado pelo MP acerca do suposto esquema criminoso fornece ind\u00edcios claros sobre como se dava a din\u00e2mica de sua operacionaliza\u00e7\u00e3o.<\/p>\n\n\n\n<p><strong>Migalhas<\/strong><\/p>\n","protected":false},"excerpt":{"rendered":"<p>Foram cumpridos ao todo oito mandados em Salvador\/BA, Mata de S\u00e3o Jo\u00e3o\/BA e Rondon\u00f3polis\/MT.<br \/><a class=\"more-link\" href=\"https:\/\/justicapotiguar.com.br\/index.php\/2020\/03\/24\/operacao-faroeste-prende-desembargadora-da-ba-sandra-ines-e-filho\/\">Mais&#8230;<\/a><\/p>\n","protected":false},"author":6,"featured_media":7715,"comment_status":"open","ping_status":"open","sticky":false,"template":"","format":"standard","meta":[],"categories":[3],"tags":[],"_links":{"self":[{"href":"https:\/\/justicapotiguar.com.br\/index.php\/wp-json\/wp\/v2\/posts\/7714"}],"collection":[{"href":"https:\/\/justicapotiguar.com.br\/index.php\/wp-json\/wp\/v2\/posts"}],"about":[{"href":"https:\/\/justicapotiguar.com.br\/index.php\/wp-json\/wp\/v2\/types\/post"}],"author":[{"embeddable":true,"href":"https:\/\/justicapotiguar.com.br\/index.php\/wp-json\/wp\/v2\/users\/6"}],"replies":[{"embeddable":true,"href":"https:\/\/justicapotiguar.com.br\/index.php\/wp-json\/wp\/v2\/comments?post=7714"}],"version-history":[{"count":1,"href":"https:\/\/justicapotiguar.com.br\/index.php\/wp-json\/wp\/v2\/posts\/7714\/revisions"}],"predecessor-version":[{"id":7716,"href":"https:\/\/justicapotiguar.com.br\/index.php\/wp-json\/wp\/v2\/posts\/7714\/revisions\/7716"}],"wp:featuredmedia":[{"embeddable":true,"href":"https:\/\/justicapotiguar.com.br\/index.php\/wp-json\/wp\/v2\/media\/7715"}],"wp:attachment":[{"href":"https:\/\/justicapotiguar.com.br\/index.php\/wp-json\/wp\/v2\/media?parent=7714"}],"wp:term":[{"taxonomy":"category","embeddable":true,"href":"https:\/\/justicapotiguar.com.br\/index.php\/wp-json\/wp\/v2\/categories?post=7714"},{"taxonomy":"post_tag","embeddable":true,"href":"https:\/\/justicapotiguar.com.br\/index.php\/wp-json\/wp\/v2\/tags?post=7714"}],"curies":[{"name":"wp","href":"https:\/\/api.w.org\/{rel}","templated":true}]}}