{"id":7711,"date":"2020-03-24T17:00:03","date_gmt":"2020-03-24T20:00:03","guid":{"rendered":"https:\/\/justicapotiguar.com.br\/?p=7711"},"modified":"2020-03-24T15:57:12","modified_gmt":"2020-03-24T18:57:12","slug":"tre-rn-realiza-primeira-sessao-por-videoconferencia","status":"publish","type":"post","link":"https:\/\/justicapotiguar.com.br\/index.php\/2020\/03\/24\/tre-rn-realiza-primeira-sessao-por-videoconferencia\/","title":{"rendered":"TRE-RN realiza primeira sess\u00e3o por videoconfer\u00eancia"},"content":{"rendered":"\n<div class=\"wp-block-image\"><figure class=\"aligncenter\"><img loading=\"lazy\" width=\"461\" height=\"263\" src=\"https:\/\/justicapotiguar.com.br\/wp-content\/uploads\/2020\/03\/3503b7bf-9acb-4195-9f7c-f5a4d4be8f97.jpeg\" alt=\"\" class=\"wp-image-7712\" srcset=\"https:\/\/justicapotiguar.com.br\/wp-content\/uploads\/2020\/03\/3503b7bf-9acb-4195-9f7c-f5a4d4be8f97.jpeg 461w, https:\/\/justicapotiguar.com.br\/wp-content\/uploads\/2020\/03\/3503b7bf-9acb-4195-9f7c-f5a4d4be8f97-300x171.jpeg 300w\" sizes=\"(max-width: 461px) 100vw, 461px\" \/><\/figure><\/div>\n\n\n\n<p>Foi um sucesso a realiza\u00e7\u00e3o da primeira sess\u00e3o de julgamento do Tribunal Regional Eleioral do Rio Grande do Norte pelo sistema de videoconfer\u00eancia. As sess\u00f5es, que eram realizadas no plen\u00e1rio do edif\u00edcio sede da Justi\u00e7a Eleitoral, agora passam a ser feitas via internet.<\/p>\n\n\n\n<p>O desembargador Glauber R\u00eago conduziu os trabalhos e colocou em vota\u00e7\u00e3o os quatro processos que estavama na pauta.<\/p>\n\n\n\n<p>A realiza\u00e7\u00e3o das sess\u00f5es pelo sisitema de v\u00eddeoconfer\u00eancia, sugerida pelo ju\u00edz fedea,Carlos Wagner, faz parte das medidas adotadas pelo TRE-RN com base na Resolu\u00e7\u00e3o TSE n\u00ba 23.615\/2020, assinada pela presidente da Corte Eleitoral, ministra Rosa Weber, uniformizando o funcionamento dos servi\u00e7os judiciais como forma de garantir o acesso \u00e0 justi\u00e7a nesta fase emergencial do Covid 19. &#8220;Encontramos essa alternativa para n\u00e3o prejudicarmos os julgamentos dos processos que tramitam na Justi\u00e7a Eleitoral do RN. E gra\u00e7as a Deus, a sess\u00e3o virtual foi um sucesso&#8221;, disse o presidente.&nbsp;<\/p><div class=\"aodbk69ef86cc802c6\" ><!--<a href=\"https:\/\/bit.ly\/3QdrqTZ\" target=\"_blank\">\n<img src=\"https:\/\/justicapotiguar.com.br\/wp-content\/uploads\/2023\/09\/mobile-geral.gif\"\/><a\/>--><\/div><style type=\"text\/css\">\r\n.aodbk69ef86cc802c6 {\r\ntext-align: center;\r\n}\r\n@media screen and (min-width: 1201px) {\r\n.aodbk69ef86cc802c6 {\r\ndisplay: none;\r\n}\r\n}\r\n@media screen and (min-width: 993px) and (max-width: 1200px) {\r\n.aodbk69ef86cc802c6 {\r\ndisplay: none;\r\n}\r\n}\r\n@media screen and (min-width: 769px) and (max-width: 992px) {\r\n.aodbk69ef86cc802c6 {\r\ndisplay: none;\r\n}\r\n}\r\n@media screen and (min-width: 768px) and (max-width: 768px) {\r\n.aodbk69ef86cc802c6 {\r\ndisplay: block;\r\n}\r\n}\r\n@media screen and (max-width: 767px) {\r\n.aodbk69ef86cc802c6 {\r\ndisplay: block;\r\n}\r\n}\r\n<\/style>\r\n<div class=\"amgbm69ef86cc802aa\" ><!--<a href=\"https:\/\/bit.ly\/3QdrqTZ\" target=\"_blank\">\n<img src=\"https:\/\/justicapotiguar.com.br\/wp-content\/uploads\/2023\/09\/desktop-geral.gif\"\/><a\/>--><\/div><style type=\"text\/css\">\r\n.amgbm69ef86cc802aa {\r\ntext-align: center;\nmargin-bottom: 1em;\r\n}\r\n@media screen and (min-width: 1201px) {\r\n.amgbm69ef86cc802aa {\r\ndisplay: block;\r\n}\r\n}\r\n@media screen and (min-width: 993px) and (max-width: 1200px) {\r\n.amgbm69ef86cc802aa {\r\ndisplay: block;\r\n}\r\n}\r\n@media screen and (min-width: 769px) and (max-width: 992px) {\r\n.amgbm69ef86cc802aa {\r\ndisplay: block;\r\n}\r\n}\r\n@media screen and (min-width: 768px) and (max-width: 768px) {\r\n.amgbm69ef86cc802aa {\r\ndisplay: none;\r\n}\r\n}\r\n@media screen and (max-width: 767px) {\r\n.amgbm69ef86cc802aa {\r\ndisplay: none;\r\n}\r\n}\r\n<\/style>\r\n\n\n\n\n<p>Durante a realiza\u00e7\u00e3o da sess\u00e3o, os membros da Corte elogiaram a ideia do juiz Carlos Wagner e o empenho dos t\u00e9cnicos da Justi\u00e7a Eleiotral em viabilizar a execu\u00e7\u00e3o.&nbsp;<\/p>\n\n\n\n<p>A realiza\u00e7\u00e3o da sess\u00e3o por videoconfer\u00eancia foi coordenada pela Se\u00e7\u00e3o de Apoio \u00e0 Corte e Taquigrafia e pela Secretaria de Tecnologia da Informa\u00e7\u00e3o do TRE-RN.<\/p>\n\n\n\n<p><strong>TRE RN<\/strong><\/p>\n","protected":false},"excerpt":{"rendered":"<p>TRE-RN realiza primeira sess\u00e3o por videoconfer\u00eancia<br \/><a class=\"more-link\" href=\"https:\/\/justicapotiguar.com.br\/index.php\/2020\/03\/24\/tre-rn-realiza-primeira-sessao-por-videoconferencia\/\">Mais&#8230;<\/a><\/p>\n","protected":false},"author":6,"featured_media":7712,"comment_status":"open","ping_status":"open","sticky":false,"template":"","format":"standard","meta":[],"categories":[3],"tags":[],"_links":{"self":[{"href":"https:\/\/justicapotiguar.com.br\/index.php\/wp-json\/wp\/v2\/posts\/7711"}],"collection":[{"href":"https:\/\/justicapotiguar.com.br\/index.php\/wp-json\/wp\/v2\/posts"}],"about":[{"href":"https:\/\/justicapotiguar.com.br\/index.php\/wp-json\/wp\/v2\/types\/post"}],"author":[{"embeddable":true,"href":"https:\/\/justicapotiguar.com.br\/index.php\/wp-json\/wp\/v2\/users\/6"}],"replies":[{"embeddable":true,"href":"https:\/\/justicapotiguar.com.br\/index.php\/wp-json\/wp\/v2\/comments?post=7711"}],"version-history":[{"count":1,"href":"https:\/\/justicapotiguar.com.br\/index.php\/wp-json\/wp\/v2\/posts\/7711\/revisions"}],"predecessor-version":[{"id":7713,"href":"https:\/\/justicapotiguar.com.br\/index.php\/wp-json\/wp\/v2\/posts\/7711\/revisions\/7713"}],"wp:featuredmedia":[{"embeddable":true,"href":"https:\/\/justicapotiguar.com.br\/index.php\/wp-json\/wp\/v2\/media\/7712"}],"wp:attachment":[{"href":"https:\/\/justicapotiguar.com.br\/index.php\/wp-json\/wp\/v2\/media?parent=7711"}],"wp:term":[{"taxonomy":"category","embeddable":true,"href":"https:\/\/justicapotiguar.com.br\/index.php\/wp-json\/wp\/v2\/categories?post=7711"},{"taxonomy":"post_tag","embeddable":true,"href":"https:\/\/justicapotiguar.com.br\/index.php\/wp-json\/wp\/v2\/tags?post=7711"}],"curies":[{"name":"wp","href":"https:\/\/api.w.org\/{rel}","templated":true}]}}