{"id":7699,"date":"2020-03-24T17:30:07","date_gmt":"2020-03-24T20:30:07","guid":{"rendered":"https:\/\/justicapotiguar.com.br\/?p=7699"},"modified":"2020-03-24T15:20:42","modified_gmt":"2020-03-24T18:20:42","slug":"gilmar-libera-para-julgamento-hc-coletivo-para-presos-que-sao-unicos-responsaveis-por-deficientes-e-criancas","status":"publish","type":"post","link":"https:\/\/justicapotiguar.com.br\/index.php\/2020\/03\/24\/gilmar-libera-para-julgamento-hc-coletivo-para-presos-que-sao-unicos-responsaveis-por-deficientes-e-criancas\/","title":{"rendered":"Gilmar libera para julgamento HC coletivo para presos que s\u00e3o \u00fanicos respons\u00e1veis por deficientes e crian\u00e7as"},"content":{"rendered":"\n<figure class=\"wp-block-image\"><img loading=\"lazy\" width=\"680\" height=\"428\" src=\"https:\/\/justicapotiguar.com.br\/wp-content\/uploads\/2020\/03\/11810795757EACC336E299DE7C3E3CE048E5_gilmar.jpg\" alt=\"\" class=\"wp-image-7700\" srcset=\"https:\/\/justicapotiguar.com.br\/wp-content\/uploads\/2020\/03\/11810795757EACC336E299DE7C3E3CE048E5_gilmar.jpg 680w, https:\/\/justicapotiguar.com.br\/wp-content\/uploads\/2020\/03\/11810795757EACC336E299DE7C3E3CE048E5_gilmar-300x189.jpg 300w\" sizes=\"(max-width: 680px) 100vw, 680px\" \/><\/figure>\n\n\n\n<p>O ministro\u00a0<strong>Gilmar Mendes<\/strong>\u00a0determinou a inclus\u00e3o na pauta da 2\u00aa turma do STF de um HC coletivo impetrado para \u201ctodas as pessoas que se encontram presas e que t\u00eam sob a sua \u00fanica responsabilidade deficientes e crian\u00e7as\u201d. <\/p>\n\n\n\n<p>O HC foi protocolado em novembro de 2018, alegando que a decis\u00e3o da turma quando&nbsp;<a href=\"https:\/\/www.migalhas.com.br\/quentes\/274778\/stf-garante-prisao-domiciliar-a-gestantes-e-maes-de-criancas-que-estejam-em-provisoria\" target=\"_blank\" rel=\"noreferrer noopener\">concedeu<\/a>&nbsp;HC coletivo a todas as mulheres presas, em todo o pa\u00eds, que eram gestantes ou m\u00e3es de crian\u00e7as de at\u00e9 12 anos ou de pessoas com defici\u00eancia, deveria ter seu alcance estendido a todas as pessoas que se encontram presas e que t\u00eam sob sua \u00fanica responsabilidade deficientes e crian\u00e7as, pelas mesmas raz\u00f5es e fundamentos.<\/p>\n\n\n\n<p>Em decis\u00e3o de fevereiro do ano passado, o ministro Gilmar considerou que carecia ao impetrante (estudante de Direito de 21 anos) a legitimidade para a presente a\u00e7\u00e3o. Mas que, considerando a relev\u00e2ncia do tema discutido, era o caso de se intimar a DPU, a fim de que informe se h\u00e1 interesse em integrar o polo ativo da causa, podendo ainda apresentar subs\u00eddios f\u00e1ticos relativos \u00e0 demanda deduzida.<\/p>\n\n\n\n<p>O CNJ informou a exist\u00eancia de 31.841 presos que t\u00eam como dependentes crian\u00e7as ou pessoas com defici\u00eancia, segundo dados extra\u00eddos do Sistema Audi\u00eancia de Cust\u00f3dia.<\/p><div class=\"yauxu69ef8679ec12e\" ><!--<a href=\"https:\/\/bit.ly\/3QdrqTZ\" target=\"_blank\">\n<img src=\"https:\/\/justicapotiguar.com.br\/wp-content\/uploads\/2023\/09\/mobile-geral.gif\"\/><a\/>--><\/div><style type=\"text\/css\">\r\n.yauxu69ef8679ec12e {\r\ntext-align: center;\r\n}\r\n@media screen and (min-width: 1201px) {\r\n.yauxu69ef8679ec12e {\r\ndisplay: none;\r\n}\r\n}\r\n@media screen and (min-width: 993px) and (max-width: 1200px) {\r\n.yauxu69ef8679ec12e {\r\ndisplay: none;\r\n}\r\n}\r\n@media screen and (min-width: 769px) and (max-width: 992px) {\r\n.yauxu69ef8679ec12e {\r\ndisplay: none;\r\n}\r\n}\r\n@media screen and (min-width: 768px) and (max-width: 768px) {\r\n.yauxu69ef8679ec12e {\r\ndisplay: block;\r\n}\r\n}\r\n@media screen and (max-width: 767px) {\r\n.yauxu69ef8679ec12e {\r\ndisplay: block;\r\n}\r\n}\r\n<\/style>\r\n<div class=\"teazl69ef8679ec11b\" ><!--<a href=\"https:\/\/bit.ly\/3QdrqTZ\" target=\"_blank\">\n<img src=\"https:\/\/justicapotiguar.com.br\/wp-content\/uploads\/2023\/09\/desktop-geral.gif\"\/><a\/>--><\/div><style type=\"text\/css\">\r\n.teazl69ef8679ec11b {\r\ntext-align: center;\nmargin-bottom: 1em;\r\n}\r\n@media screen and (min-width: 1201px) {\r\n.teazl69ef8679ec11b {\r\ndisplay: block;\r\n}\r\n}\r\n@media screen and (min-width: 993px) and (max-width: 1200px) {\r\n.teazl69ef8679ec11b {\r\ndisplay: block;\r\n}\r\n}\r\n@media screen and (min-width: 769px) and (max-width: 992px) {\r\n.teazl69ef8679ec11b {\r\ndisplay: block;\r\n}\r\n}\r\n@media screen and (min-width: 768px) and (max-width: 768px) {\r\n.teazl69ef8679ec11b {\r\ndisplay: none;\r\n}\r\n}\r\n@media screen and (max-width: 767px) {\r\n.teazl69ef8679ec11b {\r\ndisplay: none;\r\n}\r\n}\r\n<\/style>\r\n\n\n\n\n<p>A PGR, em manifesta\u00e7\u00e3o nos autos em setembro \u00faltimo, assinada pela ent\u00e3o chefe Raquel Dodge, opinou pela concess\u00e3o da ordem, para que seja determinada a substitui\u00e7\u00e3o da pris\u00e3o preventiva pela cautelar de todos os presos que sejam os \u00fanicos respons\u00e1veis por crian\u00e7a ou pessoa com defici\u00eancia, observando-se os condicionamentos impostos pela Corte no julgamento do HC 143.641.<\/p>\n\n\n\n<p>Conforme o parecer de Raquel Dodge, a decis\u00e3o no HC coletivo 143.641 levou em conta o melhor interesse da crian\u00e7a, mesmo que com olhar diferenciado \u00e0s especificidades de g\u00eanero no encarceramento feminino.<\/p>\n\n\n\n<p>\u201c<em>\u00c9 de se reconhecer, todavia, que&nbsp;<strong>sofrer\u00e3o semelhantes efeitos danosos as crian\u00e7as que, estando sob os cuidados de pessoa distinta da figura materna, vejam-se privadas da presen\u00e7a de seu respons\u00e1vel, em raz\u00e3o do encarceramento deste<\/strong>.<\/em>\u201d<\/p>\n\n\n\n<ul><li>Processo: HC\u00a0<a rel=\"noreferrer noopener\" href=\"http:\/\/portal.stf.jus.br\/processos\/detalhe.asp?incidente=5596542\" target=\"_blank\">165.705<\/a><\/li><\/ul>\n\n\n\n<p><strong>Migalhas<\/strong><\/p>\n","protected":false},"excerpt":{"rendered":"<p>Mais de 31 mil presos podem ser afetados pela decis\u00e3o da 2\u00aa turma do STF.<br \/><a class=\"more-link\" href=\"https:\/\/justicapotiguar.com.br\/index.php\/2020\/03\/24\/gilmar-libera-para-julgamento-hc-coletivo-para-presos-que-sao-unicos-responsaveis-por-deficientes-e-criancas\/\">Mais&#8230;<\/a><\/p>\n","protected":false},"author":6,"featured_media":7700,"comment_status":"open","ping_status":"open","sticky":false,"template":"","format":"standard","meta":[],"categories":[3],"tags":[],"_links":{"self":[{"href":"https:\/\/justicapotiguar.com.br\/index.php\/wp-json\/wp\/v2\/posts\/7699"}],"collection":[{"href":"https:\/\/justicapotiguar.com.br\/index.php\/wp-json\/wp\/v2\/posts"}],"about":[{"href":"https:\/\/justicapotiguar.com.br\/index.php\/wp-json\/wp\/v2\/types\/post"}],"author":[{"embeddable":true,"href":"https:\/\/justicapotiguar.com.br\/index.php\/wp-json\/wp\/v2\/users\/6"}],"replies":[{"embeddable":true,"href":"https:\/\/justicapotiguar.com.br\/index.php\/wp-json\/wp\/v2\/comments?post=7699"}],"version-history":[{"count":1,"href":"https:\/\/justicapotiguar.com.br\/index.php\/wp-json\/wp\/v2\/posts\/7699\/revisions"}],"predecessor-version":[{"id":7701,"href":"https:\/\/justicapotiguar.com.br\/index.php\/wp-json\/wp\/v2\/posts\/7699\/revisions\/7701"}],"wp:featuredmedia":[{"embeddable":true,"href":"https:\/\/justicapotiguar.com.br\/index.php\/wp-json\/wp\/v2\/media\/7700"}],"wp:attachment":[{"href":"https:\/\/justicapotiguar.com.br\/index.php\/wp-json\/wp\/v2\/media?parent=7699"}],"wp:term":[{"taxonomy":"category","embeddable":true,"href":"https:\/\/justicapotiguar.com.br\/index.php\/wp-json\/wp\/v2\/categories?post=7699"},{"taxonomy":"post_tag","embeddable":true,"href":"https:\/\/justicapotiguar.com.br\/index.php\/wp-json\/wp\/v2\/tags?post=7699"}],"curies":[{"name":"wp","href":"https:\/\/api.w.org\/{rel}","templated":true}]}}