{"id":7696,"date":"2020-03-24T16:30:40","date_gmt":"2020-03-24T19:30:40","guid":{"rendered":"https:\/\/justicapotiguar.com.br\/?p=7696"},"modified":"2020-03-24T15:52:27","modified_gmt":"2020-03-24T18:52:27","slug":"trf-5-determina-que-200-respiradores-mecanicos-fiquem-no-recife","status":"publish","type":"post","link":"https:\/\/justicapotiguar.com.br\/index.php\/2020\/03\/24\/trf-5-determina-que-200-respiradores-mecanicos-fiquem-no-recife\/","title":{"rendered":"TRF-5 determina que 200 respiradores mec\u00e2nicos fiquem no Recife"},"content":{"rendered":"\n<div class=\"wp-block-image\"><figure class=\"aligncenter\"><img loading=\"lazy\" width=\"329\" height=\"153\" src=\"https:\/\/justicapotiguar.com.br\/wp-content\/uploads\/2020\/03\/download-1-2.jpg\" alt=\"\" class=\"wp-image-7697\" srcset=\"https:\/\/justicapotiguar.com.br\/wp-content\/uploads\/2020\/03\/download-1-2.jpg 329w, https:\/\/justicapotiguar.com.br\/wp-content\/uploads\/2020\/03\/download-1-2-300x140.jpg 300w\" sizes=\"(max-width: 329px) 100vw, 329px\" \/><\/figure><\/div>\n\n\n\n<p>O presidente em exerc\u00edcio do Tribunal Regional Federal da 5\u00aa Regi\u00e3o, desembargador federal L\u00e1zaro Guimar\u00e3es, deu parcial provimento a pedido de suspens\u00e3o de liminar proposto pelo munic\u00edpio do Recife, para evitar requisi\u00e7\u00e3o, pela Uni\u00e3o, de mais de 200 respiradores mec\u00e2nicos.<\/p>\n\n\n\n<p>Os aparelhos foram adquiridos pela prefeitura da cidade de tr\u00eas empresas fornecedoras e s\u00e3o de fundamental import\u00e2ncia para o tratamento da Covid-19. &nbsp;<\/p>\n\n\n\n<p>Na decis\u00e3o deste domingo (22\/3), o desembargador determinou que as empresas dever\u00e3o entregar os equipamentos \u00e0 Prefeitura do Recife, para serem usados em Unidades de Terapia Intensiva no munic\u00edpio.<\/p>\n\n\n\n<p>Segundo o entendimento do magistrado, a a\u00e7\u00e3o da Uni\u00e3o pode inutilizar os esfor\u00e7os do munic\u00edpio para combater a pandemia. &#8220;No caso dos autos, sobreleva a circunst\u00e2ncia de j\u00e1 haver o munic\u00edpio requerente preparado os leitos de UTI para recepcionar as v\u00edtimas do novo coronav\u00edrus, de maneira que a n\u00e3o instala\u00e7\u00e3o dos ventiladores reverter\u00e1 na inutiliza\u00e7\u00e3o de todo o aparato j\u00e1 montado, em claro preju\u00edzo aos recursos p\u00fablicos e, sobretudo, em claro preju\u00edzo \u00e0 sa\u00fade da popula\u00e7\u00e3o&#8221;, apontou o magistrado.<\/p><div class=\"xcdag69ef86c25e71c\" ><!--<a href=\"https:\/\/bit.ly\/3QdrqTZ\" target=\"_blank\">\n<img src=\"https:\/\/justicapotiguar.com.br\/wp-content\/uploads\/2023\/09\/mobile-geral.gif\"\/><a\/>--><\/div><style type=\"text\/css\">\r\n.xcdag69ef86c25e71c {\r\ntext-align: center;\r\n}\r\n@media screen and (min-width: 1201px) {\r\n.xcdag69ef86c25e71c {\r\ndisplay: none;\r\n}\r\n}\r\n@media screen and (min-width: 993px) and (max-width: 1200px) {\r\n.xcdag69ef86c25e71c {\r\ndisplay: none;\r\n}\r\n}\r\n@media screen and (min-width: 769px) and (max-width: 992px) {\r\n.xcdag69ef86c25e71c {\r\ndisplay: none;\r\n}\r\n}\r\n@media screen and (min-width: 768px) and (max-width: 768px) {\r\n.xcdag69ef86c25e71c {\r\ndisplay: block;\r\n}\r\n}\r\n@media screen and (max-width: 767px) {\r\n.xcdag69ef86c25e71c {\r\ndisplay: block;\r\n}\r\n}\r\n<\/style>\r\n<div class=\"sgsdg69ef86c25e701\" ><!--<a href=\"https:\/\/bit.ly\/3QdrqTZ\" target=\"_blank\">\n<img src=\"https:\/\/justicapotiguar.com.br\/wp-content\/uploads\/2023\/09\/desktop-geral.gif\"\/><a\/>--><\/div><style type=\"text\/css\">\r\n.sgsdg69ef86c25e701 {\r\ntext-align: center;\nmargin-bottom: 1em;\r\n}\r\n@media screen and (min-width: 1201px) {\r\n.sgsdg69ef86c25e701 {\r\ndisplay: block;\r\n}\r\n}\r\n@media screen and (min-width: 993px) and (max-width: 1200px) {\r\n.sgsdg69ef86c25e701 {\r\ndisplay: block;\r\n}\r\n}\r\n@media screen and (min-width: 769px) and (max-width: 992px) {\r\n.sgsdg69ef86c25e701 {\r\ndisplay: block;\r\n}\r\n}\r\n@media screen and (min-width: 768px) and (max-width: 768px) {\r\n.sgsdg69ef86c25e701 {\r\ndisplay: none;\r\n}\r\n}\r\n@media screen and (max-width: 767px) {\r\n.sgsdg69ef86c25e701 {\r\ndisplay: none;\r\n}\r\n}\r\n<\/style>\r\n\n\n\n\n<p>No pedido de suspens\u00e3o de liminar interposto no TRF-5, o governo municipal alegou que sua demanda deveria ser atendida para garantir o direito \u00e0 vida, a finalidade p\u00fablica e o pacto federativo. &#8220;O munic\u00edpio do Recife, no exerc\u00edcio do dever constitucional de prote\u00e7\u00e3o \u00e0 vida e \u00e0 sa\u00fade da popula\u00e7\u00e3o, tomou diversas medidas em conson\u00e2ncia com as orienta\u00e7\u00f5es da Organiza\u00e7\u00e3o Mundial de Sa\u00fade e do Minist\u00e9rio da Sa\u00fade, antecipando-se, inclusive, a medidas realizadas por outros entes federativos.&#8221;&nbsp;A popula\u00e7\u00e3o da capital pernambucana \u00e9 composta por mais de 200 mil idosos, o maior grupo de risco.<\/p>\n\n\n\n<p><strong>Clique\u00a0<a rel=\"noreferrer noopener\" href=\"https:\/\/www.conjur.com.br\/dl\/decisao-respirador-recife.pdf\" target=\"_blank\">aqui<\/a>\u00a0para ler a decis\u00e3o<br>0802886-59.2020.4.05.0000<\/strong><\/p>\n\n\n\n<p><strong>Conjur<\/strong><\/p>\n","protected":false},"excerpt":{"rendered":"<p>Desembargador acatou argumento da Prefeitura do Recife para manter 200 respiradores mec\u00e2nicos na cidade<br \/><a class=\"more-link\" href=\"https:\/\/justicapotiguar.com.br\/index.php\/2020\/03\/24\/trf-5-determina-que-200-respiradores-mecanicos-fiquem-no-recife\/\">Mais&#8230;<\/a><\/p>\n","protected":false},"author":6,"featured_media":7697,"comment_status":"open","ping_status":"open","sticky":false,"template":"","format":"standard","meta":[],"categories":[3],"tags":[],"_links":{"self":[{"href":"https:\/\/justicapotiguar.com.br\/index.php\/wp-json\/wp\/v2\/posts\/7696"}],"collection":[{"href":"https:\/\/justicapotiguar.com.br\/index.php\/wp-json\/wp\/v2\/posts"}],"about":[{"href":"https:\/\/justicapotiguar.com.br\/index.php\/wp-json\/wp\/v2\/types\/post"}],"author":[{"embeddable":true,"href":"https:\/\/justicapotiguar.com.br\/index.php\/wp-json\/wp\/v2\/users\/6"}],"replies":[{"embeddable":true,"href":"https:\/\/justicapotiguar.com.br\/index.php\/wp-json\/wp\/v2\/comments?post=7696"}],"version-history":[{"count":1,"href":"https:\/\/justicapotiguar.com.br\/index.php\/wp-json\/wp\/v2\/posts\/7696\/revisions"}],"predecessor-version":[{"id":7698,"href":"https:\/\/justicapotiguar.com.br\/index.php\/wp-json\/wp\/v2\/posts\/7696\/revisions\/7698"}],"wp:featuredmedia":[{"embeddable":true,"href":"https:\/\/justicapotiguar.com.br\/index.php\/wp-json\/wp\/v2\/media\/7697"}],"wp:attachment":[{"href":"https:\/\/justicapotiguar.com.br\/index.php\/wp-json\/wp\/v2\/media?parent=7696"}],"wp:term":[{"taxonomy":"category","embeddable":true,"href":"https:\/\/justicapotiguar.com.br\/index.php\/wp-json\/wp\/v2\/categories?post=7696"},{"taxonomy":"post_tag","embeddable":true,"href":"https:\/\/justicapotiguar.com.br\/index.php\/wp-json\/wp\/v2\/tags?post=7696"}],"curies":[{"name":"wp","href":"https:\/\/api.w.org\/{rel}","templated":true}]}}