{"id":7690,"date":"2020-03-24T15:00:14","date_gmt":"2020-03-24T18:00:14","guid":{"rendered":"https:\/\/justicapotiguar.com.br\/?p=7690"},"modified":"2020-03-24T14:24:19","modified_gmt":"2020-03-24T17:24:19","slug":"na-indisponibilidade-de-bens-da-acao-de-improbidade-ha-solidariedade-entre-os-reus","status":"publish","type":"post","link":"https:\/\/justicapotiguar.com.br\/index.php\/2020\/03\/24\/na-indisponibilidade-de-bens-da-acao-de-improbidade-ha-solidariedade-entre-os-reus\/","title":{"rendered":"Na indisponibilidade de bens da a\u00e7\u00e3o de improbidade h\u00e1 solidariedade entre os r\u00e9us?"},"content":{"rendered":"\n<div class=\"wp-block-image\"><figure class=\"aligncenter\"><img loading=\"lazy\" width=\"480\" height=\"360\" src=\"https:\/\/justicapotiguar.com.br\/wp-content\/uploads\/2020\/03\/WhatsApp-Image-2020-03-24-at-11.37.53-1.jpeg\" alt=\"\" class=\"wp-image-7693\" srcset=\"https:\/\/justicapotiguar.com.br\/wp-content\/uploads\/2020\/03\/WhatsApp-Image-2020-03-24-at-11.37.53-1.jpeg 480w, https:\/\/justicapotiguar.com.br\/wp-content\/uploads\/2020\/03\/WhatsApp-Image-2020-03-24-at-11.37.53-1-300x225.jpeg 300w\" sizes=\"(max-width: 480px) 100vw, 480px\" \/><\/figure><\/div>\n\n\n\n<p>Por Rodrigo Leite <\/p>\n\n\n\n<p>A a\u00e7\u00e3o de improbidade administrativa permite a indisponibilidade de bens como medida a resguardar futura repara\u00e7\u00e3o. Tal indisponibilidade dispensa a demonstra\u00e7\u00e3o de dilapida\u00e7\u00e3o do patrim\u00f4nio para a&nbsp; configura\u00e7\u00e3o de periculum in mora, o qual estaria impl\u00edcito no&nbsp; comando&nbsp; normativo&nbsp; do&nbsp; art.&nbsp; 7\u00ba da Lei 8.429\/1992 (esse aspecto \u00e9 controvertido na doutrina, mas \u00e9 pac\u00edfico no STJ).<br>\n&nbsp;<br>\nPara o STJ, \u201ca&nbsp; medida&nbsp; de indisponibilidade de bens \u00e9 cautelar de cunho obrigat\u00f3rio, prevista no artigo 7\u00b0 e seu par\u00e1grafo \u00fanico&nbsp; da&nbsp; Lei&nbsp; 8.429\/1992,&nbsp; cujo escopo \u00e9 a garantia da execu\u00e7\u00e3o de futura senten\u00e7a condenat\u00f3ria, provid\u00eancia de reflexos patrimoniais.\u201d (REsp \u202a1821334\u202c\/BA, DJ 11.10.2019).<br>\n&nbsp;<br>\nA constri\u00e7\u00e3o patrimonial deve observar o valor da totalidade da les\u00e3o ao er\u00e1rio, acrescido do montante&nbsp; de&nbsp; poss\u00edvel multa civil, exclu\u00eddos os bens impenhor\u00e1veis (isso foi objeto de postagem anterior).<br>\n&nbsp;<br>\nTamb\u00e9m de acordo com o STJ, em tema de indisponibilidade de bens em a\u00e7\u00f5es por ato de improbidade administrativa, a responsabilidade \u00e9 solid\u00e1ria at\u00e9 a instru\u00e7\u00e3o final do feito, momento em que se delimita a quota de responsabilidade de cada agente para a dosimetria da pena \u2013 ver nesse sentido AgInt no AREsp \u202a1406782\u202c\/MG.<br>\n&nbsp;<br>\nNa Primeira Turma fica vencido o Ministro Napole\u00e3o Nunes, sob os seguintes argumentos: 1) a circunst\u00e2ncia de haver v\u00ednculo solid\u00e1rio n\u00e3o autoriza a indisponibilidade de bens dos r\u00e9us e 2) n\u00e3o deve incidir a solidariedade em momento processual em que sequer h\u00e1 d\u00edvida formalizada.<br>\n&nbsp;<br>\nApesar desse entendimento isolado, entende o STJ que a instru\u00e7\u00e3o probat\u00f3ria \u00e9 o momento adequado para delimitar a responsabilidade de cada r\u00e9u. Nesse momento, segundo a Corte, \u201cse ir\u00e1 delimitar a por\u00e7\u00e3o obrigacional de cada r\u00e9u.\u201d<br>\n&nbsp;<br>\nAt\u00e9 esse momento processual, por estamos diante de indefini\u00e7\u00e3o das condutas, \u00e9 mais prudente e adequado manter a solidariedade e preservar o interesse p\u00fablico. <br>\n&nbsp;<br>\nResumo: a indisponibilidade solid\u00e1ria de bens na a\u00e7\u00e3o de improbidade administrativa durar\u00e1 at\u00e9 a instru\u00e7\u00e3o final do processo.<\/p><div class=\"bkoma69f0bbdda2606\" ><!--<a href=\"https:\/\/bit.ly\/3QdrqTZ\" target=\"_blank\">\n<img src=\"https:\/\/justicapotiguar.com.br\/wp-content\/uploads\/2023\/09\/mobile-geral.gif\"\/><a\/>--><\/div><style type=\"text\/css\">\r\n.bkoma69f0bbdda2606 {\r\ntext-align: center;\r\n}\r\n@media screen and (min-width: 1201px) {\r\n.bkoma69f0bbdda2606 {\r\ndisplay: none;\r\n}\r\n}\r\n@media screen and (min-width: 993px) and (max-width: 1200px) {\r\n.bkoma69f0bbdda2606 {\r\ndisplay: none;\r\n}\r\n}\r\n@media screen and (min-width: 769px) and (max-width: 992px) {\r\n.bkoma69f0bbdda2606 {\r\ndisplay: none;\r\n}\r\n}\r\n@media screen and (min-width: 768px) and (max-width: 768px) {\r\n.bkoma69f0bbdda2606 {\r\ndisplay: block;\r\n}\r\n}\r\n@media screen and (max-width: 767px) {\r\n.bkoma69f0bbdda2606 {\r\ndisplay: block;\r\n}\r\n}\r\n<\/style>\r\n<div class=\"ppapc69f0bbdda25f1\" ><!--<a href=\"https:\/\/bit.ly\/3QdrqTZ\" target=\"_blank\">\n<img src=\"https:\/\/justicapotiguar.com.br\/wp-content\/uploads\/2023\/09\/desktop-geral.gif\"\/><a\/>--><\/div><style type=\"text\/css\">\r\n.ppapc69f0bbdda25f1 {\r\ntext-align: center;\nmargin-bottom: 1em;\r\n}\r\n@media screen and (min-width: 1201px) {\r\n.ppapc69f0bbdda25f1 {\r\ndisplay: block;\r\n}\r\n}\r\n@media screen and (min-width: 993px) and (max-width: 1200px) {\r\n.ppapc69f0bbdda25f1 {\r\ndisplay: block;\r\n}\r\n}\r\n@media screen and (min-width: 769px) and (max-width: 992px) {\r\n.ppapc69f0bbdda25f1 {\r\ndisplay: block;\r\n}\r\n}\r\n@media screen and (min-width: 768px) and (max-width: 768px) {\r\n.ppapc69f0bbdda25f1 {\r\ndisplay: none;\r\n}\r\n}\r\n@media screen and (max-width: 767px) {\r\n.ppapc69f0bbdda25f1 {\r\ndisplay: none;\r\n}\r\n}\r\n<\/style>\r\n\n\n\n\n<p>Abra\u00e7o a todos.<br>\n&nbsp;<br>\nRodrigo Leite<br>\nCoautor do livro &#8220;An\u00e1lise das Diverg\u00eancias Jurisprudenciais no STF e STJ&#8221;, Editora Juspodivm. Autor do livro &#8220;Tombamento \u2013 Vol. 36 \u2013 Cole\u00e7\u00e3o Leis Especiais para Concursos&#8221;, Editora Juspodivm. Autor do livro \u201cDesapropria\u00e7\u00e3o &#8211; Vol. 39 &#8211; Cole\u00e7\u00e3o Especiais para Concursos\u201d, Editora Juspodivm. Coautor do livro \u201cSaberes Jurisprudenciais\u201d, Editora Saraiva. Especialista em Direito P\u00fablico e Direito Processual Civil. Mestre em Direito Constitucional. Aluno laureado das Turmas 2005.2 da Universidade Potiguar. Autor de artigos jur\u00eddicos. M\u00e1ster Universit\u00e1rio em Direito Constitucional pela Universidad Del Pa\u00eds Vasco, San Sebasti\u00e1n, Espanha. Advogado licenciado. Assessor de Desembargador do TJRN. Convidado do site \u201cAtualidades do Direito\u201d. Convidado do site \u201cJurisprud\u00eancia e Concursos\u201d. Convidado do site novodireitocivil.com.br. Professor da P\u00f3s-gradua\u00e7\u00e3o em Direito Civil da Rede Anhaguera-Kroton.<\/p>\n","protected":false},"excerpt":{"rendered":"<p>A a\u00e7\u00e3o de improbidade administrativa permite a indisponibilidade de bens como medida a resguardar futura repara\u00e7\u00e3o.<br \/><a class=\"more-link\" href=\"https:\/\/justicapotiguar.com.br\/index.php\/2020\/03\/24\/na-indisponibilidade-de-bens-da-acao-de-improbidade-ha-solidariedade-entre-os-reus\/\">Mais&#8230;<\/a><\/p>\n","protected":false},"author":6,"featured_media":7691,"comment_status":"open","ping_status":"open","sticky":false,"template":"","format":"standard","meta":[],"categories":[3],"tags":[],"_links":{"self":[{"href":"https:\/\/justicapotiguar.com.br\/index.php\/wp-json\/wp\/v2\/posts\/7690"}],"collection":[{"href":"https:\/\/justicapotiguar.com.br\/index.php\/wp-json\/wp\/v2\/posts"}],"about":[{"href":"https:\/\/justicapotiguar.com.br\/index.php\/wp-json\/wp\/v2\/types\/post"}],"author":[{"embeddable":true,"href":"https:\/\/justicapotiguar.com.br\/index.php\/wp-json\/wp\/v2\/users\/6"}],"replies":[{"embeddable":true,"href":"https:\/\/justicapotiguar.com.br\/index.php\/wp-json\/wp\/v2\/comments?post=7690"}],"version-history":[{"count":3,"href":"https:\/\/justicapotiguar.com.br\/index.php\/wp-json\/wp\/v2\/posts\/7690\/revisions"}],"predecessor-version":[{"id":7695,"href":"https:\/\/justicapotiguar.com.br\/index.php\/wp-json\/wp\/v2\/posts\/7690\/revisions\/7695"}],"wp:featuredmedia":[{"embeddable":true,"href":"https:\/\/justicapotiguar.com.br\/index.php\/wp-json\/wp\/v2\/media\/7691"}],"wp:attachment":[{"href":"https:\/\/justicapotiguar.com.br\/index.php\/wp-json\/wp\/v2\/media?parent=7690"}],"wp:term":[{"taxonomy":"category","embeddable":true,"href":"https:\/\/justicapotiguar.com.br\/index.php\/wp-json\/wp\/v2\/categories?post=7690"},{"taxonomy":"post_tag","embeddable":true,"href":"https:\/\/justicapotiguar.com.br\/index.php\/wp-json\/wp\/v2\/tags?post=7690"}],"curies":[{"name":"wp","href":"https:\/\/api.w.org\/{rel}","templated":true}]}}