{"id":7683,"date":"2020-03-24T14:20:13","date_gmt":"2020-03-24T17:20:13","guid":{"rendered":"https:\/\/justicapotiguar.com.br\/?p=7683"},"modified":"2020-03-24T13:44:03","modified_gmt":"2020-03-24T16:44:03","slug":"covid-19-augusto-aras-solicita-informacoes-ao-cnj-sobre-contas-judiciais-para-destinar-valores-ao-combate-a-epidemia","status":"publish","type":"post","link":"https:\/\/justicapotiguar.com.br\/index.php\/2020\/03\/24\/covid-19-augusto-aras-solicita-informacoes-ao-cnj-sobre-contas-judiciais-para-destinar-valores-ao-combate-a-epidemia\/","title":{"rendered":"Covid-19: Augusto Aras solicita informa\u00e7\u00f5es ao CNJ sobre contas judiciais para destinar valores ao combate \u00e0 epidemia"},"content":{"rendered":"\n<div class=\"wp-block-image\"><figure class=\"aligncenter\"><img loading=\"lazy\" width=\"400\" height=\"266\" src=\"https:\/\/justicapotiguar.com.br\/wp-content\/uploads\/2020\/03\/image_preview-7.jpg\" alt=\"\" class=\"wp-image-7684\" srcset=\"https:\/\/justicapotiguar.com.br\/wp-content\/uploads\/2020\/03\/image_preview-7.jpg 400w, https:\/\/justicapotiguar.com.br\/wp-content\/uploads\/2020\/03\/image_preview-7-300x200.jpg 300w\" sizes=\"(max-width: 400px) 100vw, 400px\" \/><\/figure><\/div>\n\n\n\n<p>Em mais uma a\u00e7\u00e3o de combate \u00e0 epidemia da covid-19, o procurador-geral da Rep\u00fablica, Augusto Aras, enviou of\u00edcio ao presidente do Conselho Nacional de Justi\u00e7a (CNJ) e do &nbsp;Supremo Tribunal Federal (STF), Dias Toffoli, nesta segunda-feira (23), solicitando levantamento dos valores existentes em todas as contas judiciais federais ou estaduais, e os respectivos dados banc\u00e1rios, em todo o Brasil. As informa\u00e7\u00f5es ser\u00e3o repassadas aos promotores e procuradores naturais para que possam destinar os recursos a iniciativas de enfrentamento do novo coronav\u00edrus. A articula\u00e7\u00e3o atende \u00e0 sugest\u00e3o da C\u00e2mara Criminal do Minist\u00e9rio P\u00fablico Federal (2CCR).<\/p>\n\n\n\n<p>A medida se insere num esfor\u00e7o institucional para tentar frear o avan\u00e7o da doen\u00e7a no Brasil. No \u00faltimo dia 20, o PGR e o corregedor nacional do Minist\u00e9rio P\u00fablico, Rinaldo Reis, emitiram uma orienta\u00e7\u00e3o (Recomenda\u00e7\u00e3o Conjunta Presi-CN 1\/2020) a todos os membros do Minist\u00e9rio P\u00fablico brasileiro. No documento, recomenda-se que, respeitada a independ\u00eancia funcional, os representantes do MP redirecionem valores de execu\u00e7\u00f5es ou de indeniza\u00e7\u00f5es e reverta os recursos, inclusive os oriundos de termos de ajustamento de conduta, para os fundos de sa\u00fade e a\u00e7\u00f5es de combate \u00e0 epidemia.<\/p>\n\n\n\n<p><strong>Destina\u00e7\u00f5es \u2013<\/strong>&nbsp;A atua\u00e7\u00e3o concertada, liderada pelo Minist\u00e9rio P\u00fablico Federal em um esfor\u00e7o conjunto para conten\u00e7\u00e3o da doen\u00e7a, j\u00e1 come\u00e7a a surtir efeitos em todo o pa\u00eds. Em Juiz de Fora (MG), o Minist\u00e9rio P\u00fablico Federal obteve a libera\u00e7\u00e3o de R$ 45 mil, que ser\u00e3o destinados ao Hospital Regional Jo\u00e3o Penido, local definido pela Secretaria do Estado de Sa\u00fade de Minas Gerais como refer\u00eancia para atendimento aos casos de coronav\u00edrus em toda a regi\u00e3o da Zona da Mata Mineira. A quantia, que est\u00e1 depositada em conta judicial vinculada \u00e0 Justi\u00e7a Federal, para a qual s\u00e3o destinados os valores provenientes de condena\u00e7\u00f5es em a\u00e7\u00f5es criminais, ser\u00e1 empregada na aquisi\u00e7\u00e3o de uma central de monitoriza\u00e7\u00e3o dos 20 leitos de UTI.<\/p><div class=\"vapwq69f0d3e3ef4a4\" ><!--<a href=\"https:\/\/bit.ly\/3QdrqTZ\" target=\"_blank\">\n<img src=\"https:\/\/justicapotiguar.com.br\/wp-content\/uploads\/2023\/09\/mobile-geral.gif\"\/><a\/>--><\/div><style type=\"text\/css\">\r\n.vapwq69f0d3e3ef4a4 {\r\ntext-align: center;\r\n}\r\n@media screen and (min-width: 1201px) {\r\n.vapwq69f0d3e3ef4a4 {\r\ndisplay: none;\r\n}\r\n}\r\n@media screen and (min-width: 993px) and (max-width: 1200px) {\r\n.vapwq69f0d3e3ef4a4 {\r\ndisplay: none;\r\n}\r\n}\r\n@media screen and (min-width: 769px) and (max-width: 992px) {\r\n.vapwq69f0d3e3ef4a4 {\r\ndisplay: none;\r\n}\r\n}\r\n@media screen and (min-width: 768px) and (max-width: 768px) {\r\n.vapwq69f0d3e3ef4a4 {\r\ndisplay: block;\r\n}\r\n}\r\n@media screen and (max-width: 767px) {\r\n.vapwq69f0d3e3ef4a4 {\r\ndisplay: block;\r\n}\r\n}\r\n<\/style>\r\n<div class=\"cajef69f0d3e3ef485\" ><!--<a href=\"https:\/\/bit.ly\/3QdrqTZ\" target=\"_blank\">\n<img src=\"https:\/\/justicapotiguar.com.br\/wp-content\/uploads\/2023\/09\/desktop-geral.gif\"\/><a\/>--><\/div><style type=\"text\/css\">\r\n.cajef69f0d3e3ef485 {\r\ntext-align: center;\nmargin-bottom: 1em;\r\n}\r\n@media screen and (min-width: 1201px) {\r\n.cajef69f0d3e3ef485 {\r\ndisplay: block;\r\n}\r\n}\r\n@media screen and (min-width: 993px) and (max-width: 1200px) {\r\n.cajef69f0d3e3ef485 {\r\ndisplay: block;\r\n}\r\n}\r\n@media screen and (min-width: 769px) and (max-width: 992px) {\r\n.cajef69f0d3e3ef485 {\r\ndisplay: block;\r\n}\r\n}\r\n@media screen and (min-width: 768px) and (max-width: 768px) {\r\n.cajef69f0d3e3ef485 {\r\ndisplay: none;\r\n}\r\n}\r\n@media screen and (max-width: 767px) {\r\n.cajef69f0d3e3ef485 {\r\ndisplay: none;\r\n}\r\n}\r\n<\/style>\r\n\n\n\n\n<p>Em Mato Grosso, atendendo a pedido do MPF, a Justi\u00e7a determinou que parte dos recursos recuperados pela Opera\u00e7\u00e3o Ararath seja destinada ao Distrito Sanit\u00e1rio Especial Ind\u00edgena Kaiap\u00f3 (Dsei\/Kaiap\u00f3) para o combate ao coronav\u00edrus junto aos ind\u00edgenas no estado. Ao todo ser\u00e3o destinados R$ 57,7 mil para aquisi\u00e7\u00e3o de materiais m\u00e9dico-hospitalares e a\u00e7\u00f5es educativas. No \u00faltimo s\u00e1bado (21), a Justi\u00e7a havia autorizado a utiliza\u00e7\u00e3o de mais de R$ 566 mil ao Hospital Universit\u00e1rio J\u00falio Muller, refer\u00eancia no estado para o combate \u00e0 covid-19. Ser\u00e3o adquiridos materiais m\u00e9dicos e equipamentos hospitalares, medicamentos e ser\u00e1 feita adequa\u00e7\u00e3o de espa\u00e7o f\u00edsico na unidade para atendimento aos infectados.<\/p>\n\n\n\n<p>No \u00faltimo dia 20, a For\u00e7a-Tarefa Greenfield prop\u00f4s, que o Grupo J&amp;F antecipe o pagamento total do valor negociado no acordo de leni\u00eancia (R$ 11,4 bilh\u00f5es, em valores atualizados) ainda no primeiro semestre de 2020, para que a Uni\u00e3o aplique os valores no combate \u00e0 pandemia da covid-19. O objetivo \u00e9 destinar cerca de R$ 7,5 bilh\u00f5es ao Minist\u00e9rio da Sa\u00fade (ou entidades vinculadas) para o custeio de a\u00e7\u00f5es de combate ao novo coronav\u00edrus. J\u00e1 os R$ 3,8 bilh\u00f5es restantes \u2013 que foram previstos para reparar os danos causados aos fundos de pens\u00e3o Petros e Funcef \u2013 passariam a ser destinados exclusivamente \u00e0 amortiza\u00e7\u00e3o das contribui\u00e7\u00f5es extraordin\u00e1rias que hoje s\u00e3o impostas aos aposentados das duas entidades. Com rela\u00e7\u00e3o \u00e0 \u00faltima medida, os procuradores ressaltaram que os idosos s\u00e3o exatamente as pessoas mais afetadas pela pandemia, o que torna ainda mais insuport\u00e1vel os atuais descontos em seus contracheques.<\/p>\n\n\n\n<p><strong>MPF<\/strong><\/p>\n","protected":false},"excerpt":{"rendered":"<p>Medida faz parte de uma s\u00e9rie de iniciativas do Minist\u00e9rio P\u00fablico brasileiro voltada ao enfrentamento do novo coronav\u00edrus.<br \/><a class=\"more-link\" href=\"https:\/\/justicapotiguar.com.br\/index.php\/2020\/03\/24\/covid-19-augusto-aras-solicita-informacoes-ao-cnj-sobre-contas-judiciais-para-destinar-valores-ao-combate-a-epidemia\/\">Mais&#8230;<\/a><\/p>\n","protected":false},"author":6,"featured_media":7685,"comment_status":"open","ping_status":"open","sticky":false,"template":"","format":"standard","meta":[],"categories":[3],"tags":[],"_links":{"self":[{"href":"https:\/\/justicapotiguar.com.br\/index.php\/wp-json\/wp\/v2\/posts\/7683"}],"collection":[{"href":"https:\/\/justicapotiguar.com.br\/index.php\/wp-json\/wp\/v2\/posts"}],"about":[{"href":"https:\/\/justicapotiguar.com.br\/index.php\/wp-json\/wp\/v2\/types\/post"}],"author":[{"embeddable":true,"href":"https:\/\/justicapotiguar.com.br\/index.php\/wp-json\/wp\/v2\/users\/6"}],"replies":[{"embeddable":true,"href":"https:\/\/justicapotiguar.com.br\/index.php\/wp-json\/wp\/v2\/comments?post=7683"}],"version-history":[{"count":1,"href":"https:\/\/justicapotiguar.com.br\/index.php\/wp-json\/wp\/v2\/posts\/7683\/revisions"}],"predecessor-version":[{"id":7686,"href":"https:\/\/justicapotiguar.com.br\/index.php\/wp-json\/wp\/v2\/posts\/7683\/revisions\/7686"}],"wp:featuredmedia":[{"embeddable":true,"href":"https:\/\/justicapotiguar.com.br\/index.php\/wp-json\/wp\/v2\/media\/7685"}],"wp:attachment":[{"href":"https:\/\/justicapotiguar.com.br\/index.php\/wp-json\/wp\/v2\/media?parent=7683"}],"wp:term":[{"taxonomy":"category","embeddable":true,"href":"https:\/\/justicapotiguar.com.br\/index.php\/wp-json\/wp\/v2\/categories?post=7683"},{"taxonomy":"post_tag","embeddable":true,"href":"https:\/\/justicapotiguar.com.br\/index.php\/wp-json\/wp\/v2\/tags?post=7683"}],"curies":[{"name":"wp","href":"https:\/\/api.w.org\/{rel}","templated":true}]}}