{"id":7592,"date":"2020-03-23T08:18:41","date_gmt":"2020-03-23T11:18:41","guid":{"rendered":"https:\/\/justicapotiguar.com.br\/?p=7592"},"modified":"2020-03-23T08:18:41","modified_gmt":"2020-03-23T11:18:41","slug":"para-assegurar-funcionamento-pleno-de-hospitais-presidente-do-trt-rn-limita-trabalho-remoto-a-comprovacao-de-doencas-cronicas-preexistentes","status":"publish","type":"post","link":"https:\/\/justicapotiguar.com.br\/index.php\/2020\/03\/23\/para-assegurar-funcionamento-pleno-de-hospitais-presidente-do-trt-rn-limita-trabalho-remoto-a-comprovacao-de-doencas-cronicas-preexistentes\/","title":{"rendered":"Para assegurar funcionamento pleno de hospitais, presidente do TRT-RN limita trabalho remoto \u00e0 comprova\u00e7\u00e3o de doen\u00e7as cr\u00f4nicas preexistentes"},"content":{"rendered":"\n<div class=\"wp-block-image\"><figure class=\"aligncenter\"><img loading=\"lazy\" width=\"350\" height=\"230\" src=\"https:\/\/justicapotiguar.com.br\/wp-content\/uploads\/2020\/03\/Trabalhadores-da-EBSERH-com-doen\u00e7as-cr\u00f4nicas-poder\u00e3o-trabalhar-remotamene.jpeg\" alt=\"\" class=\"wp-image-7593\" srcset=\"https:\/\/justicapotiguar.com.br\/wp-content\/uploads\/2020\/03\/Trabalhadores-da-EBSERH-com-doen\u00e7as-cr\u00f4nicas-poder\u00e3o-trabalhar-remotamene.jpeg 350w, https:\/\/justicapotiguar.com.br\/wp-content\/uploads\/2020\/03\/Trabalhadores-da-EBSERH-com-doen\u00e7as-cr\u00f4nicas-poder\u00e3o-trabalhar-remotamene-300x197.jpeg 300w\" sizes=\"(max-width: 350px) 100vw, 350px\" \/><figcaption><strong>Foto: C\u00edcero Oliveira <\/strong><\/figcaption><\/figure><\/div>\n\n\n\n<p>\n\nO desembargador Bento Herculano, presidente do Tribunal Regional do Trabalho da 21\u00aa Regi\u00e3o (TRT-RN), decidiu, neste domingo (22), que trabalhadores da Empresa Brasileira de Servi\u00e7os Hospitalares (EBSERH) com doen\u00e7as cr\u00f4nicas preexistentes podem submeter-se ao trabalho remoto em procedimento simplificado desde que comprovem a exist\u00eancia da enfermidade.<\/p>\n\n\n\n<p>A decis\u00e3o do desembargador, publicada durante o exerc\u00edcio do plant\u00e3o judici\u00e1rio, \u00e9 direcionada a trabalhadores da \u00e1rea da sa\u00fade da empresa, visando assegurar funcionamento pleno de hospitais, e contempla tamb\u00e9m gestantes e lactantes.<br><br>Os trabalhadores haviam procurado a Justi\u00e7a do Trabalho do Rio Grande do Norte por meio da sua representa\u00e7\u00e3o sindical para que o processo de libera\u00e7\u00e3o destinado a portadores de doen\u00e7as cr\u00f4nicas fosse mais simples. O pleito foi acatado pela 10\u00aa Vara do Trabalho de Natal, que entendeu a autodeclara\u00e7\u00e3o como suficiente para esse fim.<\/p>\n\n\n\n<p>A EBSERH pleiteou, junto ao TRT-RN, a susta\u00e7\u00e3o do ato, por meio de liminar. O presidente do Tribunal entendeu que o processo anterior n\u00e3o era c\u00e9lere, mas que uma autodeclara\u00e7\u00e3o n\u00e3o \u00e9 suficiente. Os trabalhadores, de acordo com a decis\u00e3o dele, devem submeter-se a um processo simplificado e comprovar a exist\u00eancia da doen\u00e7a cr\u00f4nica.<\/p><div class=\"ylrjh69f28e97b0195\" ><!--<a href=\"https:\/\/bit.ly\/3QdrqTZ\" target=\"_blank\">\n<img src=\"https:\/\/justicapotiguar.com.br\/wp-content\/uploads\/2023\/09\/mobile-geral.gif\"\/><a\/>--><\/div><style type=\"text\/css\">\r\n.ylrjh69f28e97b0195 {\r\ntext-align: center;\r\n}\r\n@media screen and (min-width: 1201px) {\r\n.ylrjh69f28e97b0195 {\r\ndisplay: none;\r\n}\r\n}\r\n@media screen and (min-width: 993px) and (max-width: 1200px) {\r\n.ylrjh69f28e97b0195 {\r\ndisplay: none;\r\n}\r\n}\r\n@media screen and (min-width: 769px) and (max-width: 992px) {\r\n.ylrjh69f28e97b0195 {\r\ndisplay: none;\r\n}\r\n}\r\n@media screen and (min-width: 768px) and (max-width: 768px) {\r\n.ylrjh69f28e97b0195 {\r\ndisplay: block;\r\n}\r\n}\r\n@media screen and (max-width: 767px) {\r\n.ylrjh69f28e97b0195 {\r\ndisplay: block;\r\n}\r\n}\r\n<\/style>\r\n<div class=\"jexrb69f28e97b0171\" ><!--<a href=\"https:\/\/bit.ly\/3QdrqTZ\" target=\"_blank\">\n<img src=\"https:\/\/justicapotiguar.com.br\/wp-content\/uploads\/2023\/09\/desktop-geral.gif\"\/><a\/>--><\/div><style type=\"text\/css\">\r\n.jexrb69f28e97b0171 {\r\ntext-align: center;\nmargin-bottom: 1em;\r\n}\r\n@media screen and (min-width: 1201px) {\r\n.jexrb69f28e97b0171 {\r\ndisplay: block;\r\n}\r\n}\r\n@media screen and (min-width: 993px) and (max-width: 1200px) {\r\n.jexrb69f28e97b0171 {\r\ndisplay: block;\r\n}\r\n}\r\n@media screen and (min-width: 769px) and (max-width: 992px) {\r\n.jexrb69f28e97b0171 {\r\ndisplay: block;\r\n}\r\n}\r\n@media screen and (min-width: 768px) and (max-width: 768px) {\r\n.jexrb69f28e97b0171 {\r\ndisplay: none;\r\n}\r\n}\r\n@media screen and (max-width: 767px) {\r\n.jexrb69f28e97b0171 {\r\ndisplay: none;\r\n}\r\n}\r\n<\/style>\r\n\n\n\n\n<p>\u201cBuscamos o equil\u00edbrio nessa decis\u00e3o, assegurando o direito dos trabalhadores, a partir da simplifica\u00e7\u00e3o do procedimento, j\u00e1 que eles est\u00e3o no grupo considerado de risco, mas observando a import\u00e2ncia da manuten\u00e7\u00e3o dos servi\u00e7os de sa\u00fade neste momento\u201d, comentou o desembargador.<\/p>\n\n\n\n<p>Ressalvam-se os casos em que as doen\u00e7as cr\u00f4nicas, gesta\u00e7\u00e3o ou lacta\u00e7\u00e3o j\u00e1 constem dos assentamentos funcionais dos empregados, hip\u00f3tese na qual ser\u00e1 dispensada a ado\u00e7\u00e3o do procedimento, bastando a mera manifesta\u00e7\u00e3o.<\/p>\n\n\n\n<p><strong>TRT &#8211; RN<\/strong><\/p>\n","protected":false},"excerpt":{"rendered":"<p>A decis\u00e3o do desembargador, publicada durante o exerc\u00edcio do plant\u00e3o judici\u00e1rio, \u00e9 direcionada a trabalhadores da \u00e1rea da sa\u00fade da empresa, visando assegurar funcionamento pleno de hospitais, e contempla tamb\u00e9m gestantes e lactantes.<br \/><a class=\"more-link\" href=\"https:\/\/justicapotiguar.com.br\/index.php\/2020\/03\/23\/para-assegurar-funcionamento-pleno-de-hospitais-presidente-do-trt-rn-limita-trabalho-remoto-a-comprovacao-de-doencas-cronicas-preexistentes\/\">Mais&#8230;<\/a><\/p>\n","protected":false},"author":6,"featured_media":7593,"comment_status":"open","ping_status":"open","sticky":false,"template":"","format":"standard","meta":[],"categories":[3],"tags":[],"_links":{"self":[{"href":"https:\/\/justicapotiguar.com.br\/index.php\/wp-json\/wp\/v2\/posts\/7592"}],"collection":[{"href":"https:\/\/justicapotiguar.com.br\/index.php\/wp-json\/wp\/v2\/posts"}],"about":[{"href":"https:\/\/justicapotiguar.com.br\/index.php\/wp-json\/wp\/v2\/types\/post"}],"author":[{"embeddable":true,"href":"https:\/\/justicapotiguar.com.br\/index.php\/wp-json\/wp\/v2\/users\/6"}],"replies":[{"embeddable":true,"href":"https:\/\/justicapotiguar.com.br\/index.php\/wp-json\/wp\/v2\/comments?post=7592"}],"version-history":[{"count":1,"href":"https:\/\/justicapotiguar.com.br\/index.php\/wp-json\/wp\/v2\/posts\/7592\/revisions"}],"predecessor-version":[{"id":7594,"href":"https:\/\/justicapotiguar.com.br\/index.php\/wp-json\/wp\/v2\/posts\/7592\/revisions\/7594"}],"wp:featuredmedia":[{"embeddable":true,"href":"https:\/\/justicapotiguar.com.br\/index.php\/wp-json\/wp\/v2\/media\/7593"}],"wp:attachment":[{"href":"https:\/\/justicapotiguar.com.br\/index.php\/wp-json\/wp\/v2\/media?parent=7592"}],"wp:term":[{"taxonomy":"category","embeddable":true,"href":"https:\/\/justicapotiguar.com.br\/index.php\/wp-json\/wp\/v2\/categories?post=7592"},{"taxonomy":"post_tag","embeddable":true,"href":"https:\/\/justicapotiguar.com.br\/index.php\/wp-json\/wp\/v2\/tags?post=7592"}],"curies":[{"name":"wp","href":"https:\/\/api.w.org\/{rel}","templated":true}]}}