{"id":7520,"date":"2020-03-20T15:00:59","date_gmt":"2020-03-20T18:00:59","guid":{"rendered":"https:\/\/justicapotiguar.com.br\/?p=7520"},"modified":"2020-03-20T14:10:13","modified_gmt":"2020-03-20T17:10:13","slug":"a-teoria-do-adimplemento-substancial-pode-ser-aplicada-aos-casos-de-pagamento-de-pensao-alimenticia","status":"publish","type":"post","link":"https:\/\/justicapotiguar.com.br\/index.php\/2020\/03\/20\/a-teoria-do-adimplemento-substancial-pode-ser-aplicada-aos-casos-de-pagamento-de-pensao-alimenticia\/","title":{"rendered":"A teoria do adimplemento substancial pode ser aplicada aos casos de pagamento de pens\u00e3o aliment\u00edcia?"},"content":{"rendered":"\n<figure class=\"wp-block-image\"><img loading=\"lazy\" width=\"1024\" height=\"678\" src=\"https:\/\/justicapotiguar.com.br\/wp-content\/uploads\/2020\/03\/iStock-638601140_justica-1024x678-6-1024x678.jpg\" alt=\"\" class=\"wp-image-7521\" srcset=\"https:\/\/justicapotiguar.com.br\/wp-content\/uploads\/2020\/03\/iStock-638601140_justica-1024x678-6.jpg 1024w, https:\/\/justicapotiguar.com.br\/wp-content\/uploads\/2020\/03\/iStock-638601140_justica-1024x678-6-300x199.jpg 300w, https:\/\/justicapotiguar.com.br\/wp-content\/uploads\/2020\/03\/iStock-638601140_justica-1024x678-6-768x509.jpg 768w\" sizes=\"(max-width: 1024px) 100vw, 1024px\" \/><\/figure>\n\n\n\n<p>Por Rodrigo Leite <\/p>\n\n\n\n<p>Em nome do princ\u00edpio da boa-f\u00e9 objetiva, a teoria do adimplemento substancial almeja preservar a obriga\u00e7\u00e3o quando o processo obrigacional chegou muito pr\u00f3ximo do fim. Conserva-se (e n\u00e3o se encerra) o contrato quando este chegar muito perto do adimplemento integral. A obriga\u00e7\u00e3o vista como um processo foi desenvolvida pelo jurista Cl\u00f3vis do Couto e Silva.<\/p>\n\n\n\n<p>Essa teoria tem aplica\u00e7\u00e3o no campo das obriga\u00e7\u00f5es alimentares? <\/p>\n\n\n\n<p>Segundo o STJ, a teoria do adimplemento substancial (ou do inadimplemento de escassa import\u00e2ncia) n\u00e3o incide nas controv\u00e9rsias relacionadas a obriga\u00e7\u00e3o alimentar.<\/p>\n\n\n\n<p>Entende-se que o \u00e2mbito de incid\u00eancia da teoria est\u00e1 ligado ao direito das obriga\u00e7\u00f5es ou aos contratos em sentido estrito. <\/p><div class=\"lsbui69ee6f14b3e9a\" ><!--<a href=\"https:\/\/bit.ly\/3QdrqTZ\" target=\"_blank\">\n<img src=\"https:\/\/justicapotiguar.com.br\/wp-content\/uploads\/2023\/09\/mobile-geral.gif\"\/><a\/>--><\/div><style type=\"text\/css\">\r\n.lsbui69ee6f14b3e9a {\r\ntext-align: center;\r\n}\r\n@media screen and (min-width: 1201px) {\r\n.lsbui69ee6f14b3e9a {\r\ndisplay: none;\r\n}\r\n}\r\n@media screen and (min-width: 993px) and (max-width: 1200px) {\r\n.lsbui69ee6f14b3e9a {\r\ndisplay: none;\r\n}\r\n}\r\n@media screen and (min-width: 769px) and (max-width: 992px) {\r\n.lsbui69ee6f14b3e9a {\r\ndisplay: none;\r\n}\r\n}\r\n@media screen and (min-width: 768px) and (max-width: 768px) {\r\n.lsbui69ee6f14b3e9a {\r\ndisplay: block;\r\n}\r\n}\r\n@media screen and (max-width: 767px) {\r\n.lsbui69ee6f14b3e9a {\r\ndisplay: block;\r\n}\r\n}\r\n<\/style>\r\n<div class=\"iazfs69ee6f14b3e86\" ><!--<a href=\"https:\/\/bit.ly\/3QdrqTZ\" target=\"_blank\">\n<img src=\"https:\/\/justicapotiguar.com.br\/wp-content\/uploads\/2023\/09\/desktop-geral.gif\"\/><a\/>--><\/div><style type=\"text\/css\">\r\n.iazfs69ee6f14b3e86 {\r\ntext-align: center;\nmargin-bottom: 1em;\r\n}\r\n@media screen and (min-width: 1201px) {\r\n.iazfs69ee6f14b3e86 {\r\ndisplay: block;\r\n}\r\n}\r\n@media screen and (min-width: 993px) and (max-width: 1200px) {\r\n.iazfs69ee6f14b3e86 {\r\ndisplay: block;\r\n}\r\n}\r\n@media screen and (min-width: 769px) and (max-width: 992px) {\r\n.iazfs69ee6f14b3e86 {\r\ndisplay: block;\r\n}\r\n}\r\n@media screen and (min-width: 768px) and (max-width: 768px) {\r\n.iazfs69ee6f14b3e86 {\r\ndisplay: none;\r\n}\r\n}\r\n@media screen and (max-width: 767px) {\r\n.iazfs69ee6f14b3e86 {\r\ndisplay: none;\r\n}\r\n}\r\n<\/style>\r\n\n\n\n\n<p>No STJ o tema foi decidido primeiramente na 4\u00aa Turma (HC 439.973\/MG) e ganhou ades\u00e3o da 3\u00aa Turma desde o RHC 104.119\/RJ, julgado em 13\/11\/2018. Na 4\u00aa Turma houve voto vencido do Ministro Luis Felipe Salom\u00e3o (relat\u00f3rio origin\u00e1rio). <\/p>\n\n\n\n<p>Para mais detalhes sobre a teoria, clicar aqui: https:\/\/core.ac.uk\/download\/pdf\/16030996.pdf <\/p>\n\n\n\n<p>Abra\u00e7o a todos.<\/p>\n\n\n\n<p>As demais postagens podem ser acessadas no \u202awww.justicapotiguar.com.br\u202c; basta digitar meu nome.<\/p>\n\n\n\n<p>Rodrigo Leite<br>\nCoautor do livro &#8220;An\u00e1lise das Diverg\u00eancias Jurisprudenciais no STF e STJ&#8221;, Editora Juspodivm. Autor do livro &#8220;Tombamento \u2013 Vol. 36 \u2013 Cole\u00e7\u00e3o Leis Especiais para Concursos&#8221;, Editora Juspodivm. Autor do livro \u201cDesapropria\u00e7\u00e3o &#8211; Vol. 39 &#8211; Cole\u00e7\u00e3o Especiais para Concursos\u201d, Editora Juspodivm. Coautor do livro \u201cSaberes Jurisprudenciais\u201d, Editora Saraiva. Especialista em Direito P\u00fablico e Direito Processual Civil. Mestre em Direito Constitucional. Aluno laureado das Turmas 2005.2 da Universidade Potiguar. Autor de artigos jur\u00eddicos. M\u00e1ster Universit\u00e1rio em Direito Constitucional pela Universidad Del Pa\u00eds Vasco, San Sebasti\u00e1n, Espanha. Advogado licenciado. Assessor de Desembargador do TJRN. Convidado do site \u201cAtualidades do Direito\u201d. Convidado do site \u201cJurisprud\u00eancia e Concursos\u201d. Convidado do site novodireitocivil.com.br. Professor da P\u00f3s-gradua\u00e7\u00e3o em Direito Civil da Rede Anhaguera-Kroton.<\/p>\n","protected":false},"excerpt":{"rendered":"<p>Em nome do princ\u00edpio da boa-f\u00e9 objetiva, a teoria do adimplemento substancial almeja preservar a obriga\u00e7\u00e3o quando o processo obrigacional chegou muito pr\u00f3ximo do fim.<br \/><a class=\"more-link\" href=\"https:\/\/justicapotiguar.com.br\/index.php\/2020\/03\/20\/a-teoria-do-adimplemento-substancial-pode-ser-aplicada-aos-casos-de-pagamento-de-pensao-alimenticia\/\">Mais&#8230;<\/a><\/p>\n","protected":false},"author":6,"featured_media":7521,"comment_status":"open","ping_status":"open","sticky":false,"template":"","format":"standard","meta":[],"categories":[3],"tags":[],"_links":{"self":[{"href":"https:\/\/justicapotiguar.com.br\/index.php\/wp-json\/wp\/v2\/posts\/7520"}],"collection":[{"href":"https:\/\/justicapotiguar.com.br\/index.php\/wp-json\/wp\/v2\/posts"}],"about":[{"href":"https:\/\/justicapotiguar.com.br\/index.php\/wp-json\/wp\/v2\/types\/post"}],"author":[{"embeddable":true,"href":"https:\/\/justicapotiguar.com.br\/index.php\/wp-json\/wp\/v2\/users\/6"}],"replies":[{"embeddable":true,"href":"https:\/\/justicapotiguar.com.br\/index.php\/wp-json\/wp\/v2\/comments?post=7520"}],"version-history":[{"count":1,"href":"https:\/\/justicapotiguar.com.br\/index.php\/wp-json\/wp\/v2\/posts\/7520\/revisions"}],"predecessor-version":[{"id":7522,"href":"https:\/\/justicapotiguar.com.br\/index.php\/wp-json\/wp\/v2\/posts\/7520\/revisions\/7522"}],"wp:featuredmedia":[{"embeddable":true,"href":"https:\/\/justicapotiguar.com.br\/index.php\/wp-json\/wp\/v2\/media\/7521"}],"wp:attachment":[{"href":"https:\/\/justicapotiguar.com.br\/index.php\/wp-json\/wp\/v2\/media?parent=7520"}],"wp:term":[{"taxonomy":"category","embeddable":true,"href":"https:\/\/justicapotiguar.com.br\/index.php\/wp-json\/wp\/v2\/categories?post=7520"},{"taxonomy":"post_tag","embeddable":true,"href":"https:\/\/justicapotiguar.com.br\/index.php\/wp-json\/wp\/v2\/tags?post=7520"}],"curies":[{"name":"wp","href":"https:\/\/api.w.org\/{rel}","templated":true}]}}