{"id":7503,"date":"2020-03-20T10:00:49","date_gmt":"2020-03-20T13:00:49","guid":{"rendered":"https:\/\/justicapotiguar.com.br\/?p=7503"},"modified":"2020-03-20T09:44:03","modified_gmt":"2020-03-20T12:44:03","slug":"justica-do-trabalho-do-rn-disponibiliza-parque-da-costeira-para-tratamento-de-pessoas-com-coronavirus","status":"publish","type":"post","link":"https:\/\/justicapotiguar.com.br\/index.php\/2020\/03\/20\/justica-do-trabalho-do-rn-disponibiliza-parque-da-costeira-para-tratamento-de-pessoas-com-coronavirus\/","title":{"rendered":"Justi\u00e7a do Trabalho do RN disponibiliza Parque da Costeira para tratamento de pessoas com coronav\u00edrus"},"content":{"rendered":"\n<div class=\"wp-block-image\"><figure class=\"aligncenter\"><img loading=\"lazy\" width=\"350\" height=\"230\" src=\"https:\/\/justicapotiguar.com.br\/wp-content\/uploads\/2020\/03\/parque-da-costeira.jpg\" alt=\"\" class=\"wp-image-7504\" srcset=\"https:\/\/justicapotiguar.com.br\/wp-content\/uploads\/2020\/03\/parque-da-costeira.jpg 350w, https:\/\/justicapotiguar.com.br\/wp-content\/uploads\/2020\/03\/parque-da-costeira-300x197.jpg 300w\" sizes=\"(max-width: 350px) 100vw, 350px\" \/><figcaption><strong>Foto: Divulga\u00e7\u00e3o TRT<\/strong><\/figcaption><\/figure><\/div>\n\n\n\n<p>A Justi\u00e7a do Trabalho do Rio Grande do Norte disponibilizou, em decis\u00e3o publicada na noite desta quinta-feira (19), o pr\u00e9dio onde funcionava o Hotel Parque da Costeira, localizado na Via Costeira, em Natal, para ser transformado em um hospital de campanha para pessoas diagnosticadas com o novo coronav\u00edrus. A requisi\u00e7\u00e3o foi feita horas antes da decis\u00e3o pela Prefeitura de Natal.<\/p>\n\n\n\n<p>A decis\u00e3o do juiz do trabalho respons\u00e1vel pela Divis\u00e3o de Intelig\u00eancia (Dint) do Tribunal Regional do Trabalho da 21\u00aa Regi\u00e3o (TRT-RN), Cacio de Oliveira Manoel, autoriza o uso das instala\u00e7\u00f5es f\u00edsicas por parte do Poder Executivo municipal enquanto durar a pandemia.<\/p>\n\n\n\n<p>O pr\u00e9dio onde funcionava o Hotel Parque da Costeira se encontra sob a jurisdi\u00e7\u00e3o da Justi\u00e7a do Trabalho para o pagamento de indeniza\u00e7\u00f5es trabalhistas. O im\u00f3vel foi objeto recente de leil\u00e3o promovido pelo TRT-RN. Como a proposta de compra apresentada foi inferior ao valor m\u00ednimo do lance inicial permitido pelo C\u00f3digo de Processo Civil (CPC), a venda n\u00e3o foi poss\u00edvel.<\/p>\n\n\n\n<p>Segundo o magistrado autor da decis\u00e3o, a Justi\u00e7a do Trabalho do RN vai realizar um novo leil\u00e3o logo que a cess\u00e3o findar e o quadro de pandemia justificou o acatamento do pedido. &#8220;Estamos diante de uma situa\u00e7\u00e3o que p\u00f5e em risco vidas humanas e o interesse coletivo deve prevalecer&#8221;, resumiu Cacio de Oliveira Manoel.<\/p><div class=\"uorpf69f3947a61fd2\" ><!--<a href=\"https:\/\/bit.ly\/3QdrqTZ\" target=\"_blank\">\n<img src=\"https:\/\/justicapotiguar.com.br\/wp-content\/uploads\/2023\/09\/mobile-geral.gif\"\/><a\/>--><\/div><style type=\"text\/css\">\r\n.uorpf69f3947a61fd2 {\r\ntext-align: center;\r\n}\r\n@media screen and (min-width: 1201px) {\r\n.uorpf69f3947a61fd2 {\r\ndisplay: none;\r\n}\r\n}\r\n@media screen and (min-width: 993px) and (max-width: 1200px) {\r\n.uorpf69f3947a61fd2 {\r\ndisplay: none;\r\n}\r\n}\r\n@media screen and (min-width: 769px) and (max-width: 992px) {\r\n.uorpf69f3947a61fd2 {\r\ndisplay: none;\r\n}\r\n}\r\n@media screen and (min-width: 768px) and (max-width: 768px) {\r\n.uorpf69f3947a61fd2 {\r\ndisplay: block;\r\n}\r\n}\r\n@media screen and (max-width: 767px) {\r\n.uorpf69f3947a61fd2 {\r\ndisplay: block;\r\n}\r\n}\r\n<\/style>\r\n<div class=\"uneyz69f3947a61fb3\" ><!--<a href=\"https:\/\/bit.ly\/3QdrqTZ\" target=\"_blank\">\n<img src=\"https:\/\/justicapotiguar.com.br\/wp-content\/uploads\/2023\/09\/desktop-geral.gif\"\/><a\/>--><\/div><style type=\"text\/css\">\r\n.uneyz69f3947a61fb3 {\r\ntext-align: center;\nmargin-bottom: 1em;\r\n}\r\n@media screen and (min-width: 1201px) {\r\n.uneyz69f3947a61fb3 {\r\ndisplay: block;\r\n}\r\n}\r\n@media screen and (min-width: 993px) and (max-width: 1200px) {\r\n.uneyz69f3947a61fb3 {\r\ndisplay: block;\r\n}\r\n}\r\n@media screen and (min-width: 769px) and (max-width: 992px) {\r\n.uneyz69f3947a61fb3 {\r\ndisplay: block;\r\n}\r\n}\r\n@media screen and (min-width: 768px) and (max-width: 768px) {\r\n.uneyz69f3947a61fb3 {\r\ndisplay: none;\r\n}\r\n}\r\n@media screen and (max-width: 767px) {\r\n.uneyz69f3947a61fb3 {\r\ndisplay: none;\r\n}\r\n}\r\n<\/style>\r\n\n\n\n\n<p>A decis\u00e3o contou com a concord\u00e2ncia da Justi\u00e7a Federal, por meio do juiz federal Marco Bruno Miranda Clementino.<\/p>\n\n\n\n<p><strong>TRT RN<\/strong><\/p>\n\n\n\n<p><\/p>\n","protected":false},"excerpt":{"rendered":"<p>A Justi\u00e7a do Trabalho do RN disponibilizou o pr\u00e9dio onde funcionava o Hotel Parque da Costeira, para ser transformado em um hospital de campanha para pessoas diagnosticadas com o novo coronav\u00edrus.<br \/><a class=\"more-link\" href=\"https:\/\/justicapotiguar.com.br\/index.php\/2020\/03\/20\/justica-do-trabalho-do-rn-disponibiliza-parque-da-costeira-para-tratamento-de-pessoas-com-coronavirus\/\">Mais&#8230;<\/a><\/p>\n","protected":false},"author":6,"featured_media":7504,"comment_status":"open","ping_status":"open","sticky":false,"template":"","format":"standard","meta":[],"categories":[3],"tags":[],"_links":{"self":[{"href":"https:\/\/justicapotiguar.com.br\/index.php\/wp-json\/wp\/v2\/posts\/7503"}],"collection":[{"href":"https:\/\/justicapotiguar.com.br\/index.php\/wp-json\/wp\/v2\/posts"}],"about":[{"href":"https:\/\/justicapotiguar.com.br\/index.php\/wp-json\/wp\/v2\/types\/post"}],"author":[{"embeddable":true,"href":"https:\/\/justicapotiguar.com.br\/index.php\/wp-json\/wp\/v2\/users\/6"}],"replies":[{"embeddable":true,"href":"https:\/\/justicapotiguar.com.br\/index.php\/wp-json\/wp\/v2\/comments?post=7503"}],"version-history":[{"count":1,"href":"https:\/\/justicapotiguar.com.br\/index.php\/wp-json\/wp\/v2\/posts\/7503\/revisions"}],"predecessor-version":[{"id":7505,"href":"https:\/\/justicapotiguar.com.br\/index.php\/wp-json\/wp\/v2\/posts\/7503\/revisions\/7505"}],"wp:featuredmedia":[{"embeddable":true,"href":"https:\/\/justicapotiguar.com.br\/index.php\/wp-json\/wp\/v2\/media\/7504"}],"wp:attachment":[{"href":"https:\/\/justicapotiguar.com.br\/index.php\/wp-json\/wp\/v2\/media?parent=7503"}],"wp:term":[{"taxonomy":"category","embeddable":true,"href":"https:\/\/justicapotiguar.com.br\/index.php\/wp-json\/wp\/v2\/categories?post=7503"},{"taxonomy":"post_tag","embeddable":true,"href":"https:\/\/justicapotiguar.com.br\/index.php\/wp-json\/wp\/v2\/tags?post=7503"}],"curies":[{"name":"wp","href":"https:\/\/api.w.org\/{rel}","templated":true}]}}