{"id":7444,"date":"2020-03-19T10:50:58","date_gmt":"2020-03-19T13:50:58","guid":{"rendered":"https:\/\/justicapotiguar.com.br\/?p=7444"},"modified":"2020-03-19T10:35:57","modified_gmt":"2020-03-19T13:35:57","slug":"justica-federal-do-rn-suspende-acesso-do-publico-externo-aos-predios-da-instituicao","status":"publish","type":"post","link":"https:\/\/justicapotiguar.com.br\/index.php\/2020\/03\/19\/justica-federal-do-rn-suspende-acesso-do-publico-externo-aos-predios-da-instituicao\/","title":{"rendered":"Justi\u00e7a Federal do RN suspende acesso do p\u00fablico externo aos pr\u00e9dios da institui\u00e7\u00e3o"},"content":{"rendered":"\n<figure class=\"wp-block-image\"><img loading=\"lazy\" width=\"730\" height=\"400\" src=\"https:\/\/justicapotiguar.com.br\/wp-content\/uploads\/2019\/08\/justica-federal-1.jpg\" alt=\"\" class=\"wp-image-787\" srcset=\"https:\/\/justicapotiguar.com.br\/wp-content\/uploads\/2019\/08\/justica-federal-1.jpg 730w, https:\/\/justicapotiguar.com.br\/wp-content\/uploads\/2019\/08\/justica-federal-1-300x164.jpg 300w\" sizes=\"(max-width: 730px) 100vw, 730px\" \/><\/figure>\n\n\n\n<p>Nova portaria da Dire\u00e7\u00e3o do Foro da Justi\u00e7a Federal no Rio Grande do Norte suspende o acesso ao p\u00fablico externo a todas as depend\u00eancias da institui\u00e7\u00e3o, em Natal e nas Subse\u00e7\u00f5es de Mossor\u00f3, Caic\u00f3, Assu, Pau dos Ferros e Cear\u00e1-Mirim. O atendimento ao p\u00fablico externo ser\u00e1 restrito ao telefone, e-mail e whattsap (cujas informa\u00e7\u00f5es de cada Vara j\u00e1 est\u00e3o dispon\u00edveis no site\u00a0<a rel=\"noreferrer noopener\" href=\"http:\/\/www.jfrn.jus.br\/\" target=\"_blank\">www.jfrn.jus.br<\/a>). <\/p>\n\n\n\n<p>A portaria do Diretor do Foro da JFRN, Juiz Federal Carlos Wagner Dias Ferreira, torna obrigat\u00f3rio o o uso de m\u00e1scara de prote\u00e7\u00e3o e a realiza\u00e7\u00e3o de assepsia com \u00e1lcool em gel por servidores e colaboradores que trabalham nos servi\u00e7os de limpeza, Recep\u00e7\u00e3o, no Setor de Sa\u00fade e na Central de Per\u00edcia, bem como os que prestam servi\u00e7o de vigil\u00e2ncia armada os agentes de seguran\u00e7a respons\u00e1veis pela triagem de pessoas na entrada no respectivo pr\u00e9dio.\u00a0 <\/p>\n\n\n\n<p>No documento tamb\u00e9m \u00e9 recomendado aos magistrados, quando poss\u00edvel, estimular a presta\u00e7\u00e3o de servi\u00e7o atrav\u00e9s do teletrabalho. A portaria dispensa a necessidade de coleta de biometria para para controle de frequ\u00eancia de servidores, devendo tal controle ficar a cargo da chefia imediata, a quem incumbir\u00e1 o lan\u00e7amento da frequ\u00eancia no sistema de registro de ponto.\u00a0 <\/p><div class=\"fsydp69efadf76625e\" ><!--<a href=\"https:\/\/bit.ly\/3QdrqTZ\" target=\"_blank\">\n<img src=\"https:\/\/justicapotiguar.com.br\/wp-content\/uploads\/2023\/09\/mobile-geral.gif\"\/><a\/>--><\/div><style type=\"text\/css\">\r\n.fsydp69efadf76625e {\r\ntext-align: center;\r\n}\r\n@media screen and (min-width: 1201px) {\r\n.fsydp69efadf76625e {\r\ndisplay: none;\r\n}\r\n}\r\n@media screen and (min-width: 993px) and (max-width: 1200px) {\r\n.fsydp69efadf76625e {\r\ndisplay: none;\r\n}\r\n}\r\n@media screen and (min-width: 769px) and (max-width: 992px) {\r\n.fsydp69efadf76625e {\r\ndisplay: none;\r\n}\r\n}\r\n@media screen and (min-width: 768px) and (max-width: 768px) {\r\n.fsydp69efadf76625e {\r\ndisplay: block;\r\n}\r\n}\r\n@media screen and (max-width: 767px) {\r\n.fsydp69efadf76625e {\r\ndisplay: block;\r\n}\r\n}\r\n<\/style>\r\n<div class=\"nfnar69efadf766245\" ><!--<a href=\"https:\/\/bit.ly\/3QdrqTZ\" target=\"_blank\">\n<img src=\"https:\/\/justicapotiguar.com.br\/wp-content\/uploads\/2023\/09\/desktop-geral.gif\"\/><a\/>--><\/div><style type=\"text\/css\">\r\n.nfnar69efadf766245 {\r\ntext-align: center;\nmargin-bottom: 1em;\r\n}\r\n@media screen and (min-width: 1201px) {\r\n.nfnar69efadf766245 {\r\ndisplay: block;\r\n}\r\n}\r\n@media screen and (min-width: 993px) and (max-width: 1200px) {\r\n.nfnar69efadf766245 {\r\ndisplay: block;\r\n}\r\n}\r\n@media screen and (min-width: 769px) and (max-width: 992px) {\r\n.nfnar69efadf766245 {\r\ndisplay: block;\r\n}\r\n}\r\n@media screen and (min-width: 768px) and (max-width: 768px) {\r\n.nfnar69efadf766245 {\r\ndisplay: none;\r\n}\r\n}\r\n@media screen and (max-width: 767px) {\r\n.nfnar69efadf766245 {\r\ndisplay: none;\r\n}\r\n}\r\n<\/style>\r\n\n\n\n\n<p>Est\u00e3o suspensos todos os eventos com o p\u00fablico externo na institui\u00e7\u00e3o. <\/p>\n\n\n\n<p><strong>Justi\u00e7a Federal do RN<\/strong><\/p>\n","protected":false},"excerpt":{"rendered":"<p>Nova portaria da Dire\u00e7\u00e3o do Foro da Justi\u00e7a Federal no Rio Grande do Norte suspende o acesso ao p\u00fablico externo a todas as depend\u00eancias da institui\u00e7\u00e3o, em Natal e nas Subse\u00e7\u00f5es de Mossor\u00f3, Caic\u00f3, Assu, Pau dos Ferros e Cear\u00e1-Mirim.<br \/><a class=\"more-link\" href=\"https:\/\/justicapotiguar.com.br\/index.php\/2020\/03\/19\/justica-federal-do-rn-suspende-acesso-do-publico-externo-aos-predios-da-instituicao\/\">Mais&#8230;<\/a><\/p>\n","protected":false},"author":6,"featured_media":787,"comment_status":"open","ping_status":"open","sticky":false,"template":"","format":"standard","meta":[],"categories":[3],"tags":[],"_links":{"self":[{"href":"https:\/\/justicapotiguar.com.br\/index.php\/wp-json\/wp\/v2\/posts\/7444"}],"collection":[{"href":"https:\/\/justicapotiguar.com.br\/index.php\/wp-json\/wp\/v2\/posts"}],"about":[{"href":"https:\/\/justicapotiguar.com.br\/index.php\/wp-json\/wp\/v2\/types\/post"}],"author":[{"embeddable":true,"href":"https:\/\/justicapotiguar.com.br\/index.php\/wp-json\/wp\/v2\/users\/6"}],"replies":[{"embeddable":true,"href":"https:\/\/justicapotiguar.com.br\/index.php\/wp-json\/wp\/v2\/comments?post=7444"}],"version-history":[{"count":1,"href":"https:\/\/justicapotiguar.com.br\/index.php\/wp-json\/wp\/v2\/posts\/7444\/revisions"}],"predecessor-version":[{"id":7445,"href":"https:\/\/justicapotiguar.com.br\/index.php\/wp-json\/wp\/v2\/posts\/7444\/revisions\/7445"}],"wp:featuredmedia":[{"embeddable":true,"href":"https:\/\/justicapotiguar.com.br\/index.php\/wp-json\/wp\/v2\/media\/787"}],"wp:attachment":[{"href":"https:\/\/justicapotiguar.com.br\/index.php\/wp-json\/wp\/v2\/media?parent=7444"}],"wp:term":[{"taxonomy":"category","embeddable":true,"href":"https:\/\/justicapotiguar.com.br\/index.php\/wp-json\/wp\/v2\/categories?post=7444"},{"taxonomy":"post_tag","embeddable":true,"href":"https:\/\/justicapotiguar.com.br\/index.php\/wp-json\/wp\/v2\/tags?post=7444"}],"curies":[{"name":"wp","href":"https:\/\/api.w.org\/{rel}","templated":true}]}}