{"id":7441,"date":"2020-03-19T13:30:48","date_gmt":"2020-03-19T16:30:48","guid":{"rendered":"https:\/\/justicapotiguar.com.br\/?p=7441"},"modified":"2020-03-19T10:22:04","modified_gmt":"2020-03-19T13:22:04","slug":"tce-disponibiliza-central-de-atendimento-ao-jurisdicionado-durante-situacao-de-epidemia","status":"publish","type":"post","link":"https:\/\/justicapotiguar.com.br\/index.php\/2020\/03\/19\/tce-disponibiliza-central-de-atendimento-ao-jurisdicionado-durante-situacao-de-epidemia\/","title":{"rendered":"TCE disponibiliza Central de Atendimento ao Jurisdicionado durante situa\u00e7\u00e3o de epidemia"},"content":{"rendered":"\n<figure class=\"wp-block-image\"><img loading=\"lazy\" width=\"700\" height=\"510\" src=\"https:\/\/justicapotiguar.com.br\/wp-content\/uploads\/2020\/03\/thumbnail_centralsite.jpg\" alt=\"\" class=\"wp-image-7442\" srcset=\"https:\/\/justicapotiguar.com.br\/wp-content\/uploads\/2020\/03\/thumbnail_centralsite.jpg 700w, https:\/\/justicapotiguar.com.br\/wp-content\/uploads\/2020\/03\/thumbnail_centralsite-300x219.jpg 300w\" sizes=\"(max-width: 700px) 100vw, 700px\" \/><\/figure>\n\n\n\n<p>O Tribunal de Contas do Estado (TCE\/RN) disponibilizar\u00e1, no per\u00edodo de 30 dias em que o funcionamento do \u00f3rg\u00e3o ser\u00e1 alterado para a redu\u00e7\u00e3o dos riscos de contamina\u00e7\u00e3o com o coronav\u00edrus (COVID-19), uma Central de Atendimento ao Jurisdicionado, a partir de onde ser\u00e1 feito o atendimento do p\u00fablico externo.<\/p>\n\n\n\n<p>O n\u00famero da Central de Atendimento \u00e9: 3642-7275. Al\u00e9m da central, estar\u00e3o em funcionamento os n\u00fameros da recep\u00e7\u00e3o (3642-7377), Diretoria de Expediente (3642-7297), Secretaria de Controle Externo (3642-7333), Secretaria de Administra\u00e7\u00e3o Geral (3642-7327) e Presid\u00eancia (3642-7253).<\/p>\n\n\n\n<p>Com a medidas preventiva contra o coronav\u00edrus, est\u00e3o suspensos os prazos processuais, a visita\u00e7\u00e3o p\u00fablica \u00e0s depend\u00eancias do TCE\/RN, com exce\u00e7\u00e3o das partes e advogados habilitados que necessitem protocolar pe\u00e7as processuais junto \u00e0 Diretoria de Expediente, em situa\u00e7\u00f5es excepcionais, a entrada de p\u00fablico externo no restaurante do Tribunal, a partir do dia 21 de mar\u00e7o de 2020, e a realiza\u00e7\u00e3o de qualquer evento em espa\u00e7os de uso coletivo, audit\u00f3rio e salas de aula, al\u00e9m de eventos presenciais de capacita\u00e7\u00e3o e treinamento.<\/p><div class=\"awvhv69eff6ba75648\" ><!--<a href=\"https:\/\/bit.ly\/3QdrqTZ\" target=\"_blank\">\n<img src=\"https:\/\/justicapotiguar.com.br\/wp-content\/uploads\/2023\/09\/mobile-geral.gif\"\/><a\/>--><\/div><style type=\"text\/css\">\r\n.awvhv69eff6ba75648 {\r\ntext-align: center;\r\n}\r\n@media screen and (min-width: 1201px) {\r\n.awvhv69eff6ba75648 {\r\ndisplay: none;\r\n}\r\n}\r\n@media screen and (min-width: 993px) and (max-width: 1200px) {\r\n.awvhv69eff6ba75648 {\r\ndisplay: none;\r\n}\r\n}\r\n@media screen and (min-width: 769px) and (max-width: 992px) {\r\n.awvhv69eff6ba75648 {\r\ndisplay: none;\r\n}\r\n}\r\n@media screen and (min-width: 768px) and (max-width: 768px) {\r\n.awvhv69eff6ba75648 {\r\ndisplay: block;\r\n}\r\n}\r\n@media screen and (max-width: 767px) {\r\n.awvhv69eff6ba75648 {\r\ndisplay: block;\r\n}\r\n}\r\n<\/style>\r\n<div class=\"entjp69eff6ba75624\" ><!--<a href=\"https:\/\/bit.ly\/3QdrqTZ\" target=\"_blank\">\n<img src=\"https:\/\/justicapotiguar.com.br\/wp-content\/uploads\/2023\/09\/desktop-geral.gif\"\/><a\/>--><\/div><style type=\"text\/css\">\r\n.entjp69eff6ba75624 {\r\ntext-align: center;\nmargin-bottom: 1em;\r\n}\r\n@media screen and (min-width: 1201px) {\r\n.entjp69eff6ba75624 {\r\ndisplay: block;\r\n}\r\n}\r\n@media screen and (min-width: 993px) and (max-width: 1200px) {\r\n.entjp69eff6ba75624 {\r\ndisplay: block;\r\n}\r\n}\r\n@media screen and (min-width: 769px) and (max-width: 992px) {\r\n.entjp69eff6ba75624 {\r\ndisplay: block;\r\n}\r\n}\r\n@media screen and (min-width: 768px) and (max-width: 768px) {\r\n.entjp69eff6ba75624 {\r\ndisplay: none;\r\n}\r\n}\r\n@media screen and (max-width: 767px) {\r\n.entjp69eff6ba75624 {\r\ndisplay: none;\r\n}\r\n}\r\n<\/style>\r\n\n\n\n\n<p>As sess\u00f5es est\u00e3o mantidas no Plen\u00e1rio e C\u00e2maras, mas com acesso limitado somente \u00e0s partes e aos advogados habilitados em processos inclu\u00eddos na ordem do dia, conforme divulga\u00e7\u00e3o das pautas de julgamento no Di\u00e1rio Eletr\u00f4nico do TCE, desde que n\u00e3o estejam com sintomas de doen\u00e7as respirat\u00f3rias (febre e sintomas respirat\u00f3rios, como tosse seca, dor de garganta, mialgia, cefaleia e prostra\u00e7\u00e3o, dificuldade para respirar, batimento das asas nasais, entre outros).<\/p>\n\n\n\n<p><strong>TCE RN<\/strong><\/p>\n","protected":false},"excerpt":{"rendered":"<p>Est\u00e3o suspensos os prazos processuais, a visita\u00e7\u00e3o p\u00fablica \u00e0s depend\u00eancias do TCE\/RN, com exce\u00e7\u00e3o das partes e advogados habilitados que necessitem protocolar pe\u00e7as processuais junto \u00e0 Diretoria de Expediente.<br \/><a class=\"more-link\" href=\"https:\/\/justicapotiguar.com.br\/index.php\/2020\/03\/19\/tce-disponibiliza-central-de-atendimento-ao-jurisdicionado-durante-situacao-de-epidemia\/\">Mais&#8230;<\/a><\/p>\n","protected":false},"author":6,"featured_media":7442,"comment_status":"open","ping_status":"open","sticky":false,"template":"","format":"standard","meta":[],"categories":[3],"tags":[],"_links":{"self":[{"href":"https:\/\/justicapotiguar.com.br\/index.php\/wp-json\/wp\/v2\/posts\/7441"}],"collection":[{"href":"https:\/\/justicapotiguar.com.br\/index.php\/wp-json\/wp\/v2\/posts"}],"about":[{"href":"https:\/\/justicapotiguar.com.br\/index.php\/wp-json\/wp\/v2\/types\/post"}],"author":[{"embeddable":true,"href":"https:\/\/justicapotiguar.com.br\/index.php\/wp-json\/wp\/v2\/users\/6"}],"replies":[{"embeddable":true,"href":"https:\/\/justicapotiguar.com.br\/index.php\/wp-json\/wp\/v2\/comments?post=7441"}],"version-history":[{"count":1,"href":"https:\/\/justicapotiguar.com.br\/index.php\/wp-json\/wp\/v2\/posts\/7441\/revisions"}],"predecessor-version":[{"id":7443,"href":"https:\/\/justicapotiguar.com.br\/index.php\/wp-json\/wp\/v2\/posts\/7441\/revisions\/7443"}],"wp:featuredmedia":[{"embeddable":true,"href":"https:\/\/justicapotiguar.com.br\/index.php\/wp-json\/wp\/v2\/media\/7442"}],"wp:attachment":[{"href":"https:\/\/justicapotiguar.com.br\/index.php\/wp-json\/wp\/v2\/media?parent=7441"}],"wp:term":[{"taxonomy":"category","embeddable":true,"href":"https:\/\/justicapotiguar.com.br\/index.php\/wp-json\/wp\/v2\/categories?post=7441"},{"taxonomy":"post_tag","embeddable":true,"href":"https:\/\/justicapotiguar.com.br\/index.php\/wp-json\/wp\/v2\/tags?post=7441"}],"curies":[{"name":"wp","href":"https:\/\/api.w.org\/{rel}","templated":true}]}}