{"id":7438,"date":"2020-03-19T12:30:15","date_gmt":"2020-03-19T15:30:15","guid":{"rendered":"https:\/\/justicapotiguar.com.br\/?p=7438"},"modified":"2020-03-19T10:21:39","modified_gmt":"2020-03-19T13:21:39","slug":"stj-execucao-de-atividades-essenciais-serao-prestadas-por-meio-remoto","status":"publish","type":"post","link":"https:\/\/justicapotiguar.com.br\/index.php\/2020\/03\/19\/stj-execucao-de-atividades-essenciais-serao-prestadas-por-meio-remoto\/","title":{"rendered":"STJ: Execu\u00e7\u00e3o de atividades essenciais ser\u00e3o prestadas por meio remoto"},"content":{"rendered":"\n<figure class=\"wp-block-image\"><img loading=\"lazy\" width=\"680\" height=\"427\" src=\"https:\/\/justicapotiguar.com.br\/wp-content\/uploads\/2020\/03\/7E9BF3BF035A18A1D518A9F6259A03FA1D7E_stj.jpg\" alt=\"\" class=\"wp-image-7439\" srcset=\"https:\/\/justicapotiguar.com.br\/wp-content\/uploads\/2020\/03\/7E9BF3BF035A18A1D518A9F6259A03FA1D7E_stj.jpg 680w, https:\/\/justicapotiguar.com.br\/wp-content\/uploads\/2020\/03\/7E9BF3BF035A18A1D518A9F6259A03FA1D7E_stj-300x188.jpg 300w\" sizes=\"(max-width: 680px) 100vw, 680px\" \/><\/figure>\n\n\n\n<p> O STJ suspendeu a presta\u00e7\u00e3o presencial de servi\u00e7os n\u00e3o essenciais no \u00e2mbito do Tribunal e determinou que as atividades essenciais sejam realizadas remotamente. A medida consta na\u00a0<a rel=\"noreferrer noopener\" href=\"https:\/\/www.migalhas.com.br\/arquivos\/2020\/3\/4DCCDCA2D34E55_reso.pdf\" target=\"_blank\">resolu\u00e7\u00e3o 5\/20<\/a>\u00a0e \u00e9 uma preven\u00e7\u00e3o ao cont\u00e1gio pelo novo coronav\u00edrus. <\/p>\n\n\n\n<p>De acordo com a norma, a execu\u00e7\u00e3o das atividades essenciais do Tribunal dever\u00e1 ser prestada prioritariamente por meio remoto. Neste sentido, sendo imprescind\u00edvel a presen\u00e7a f\u00edsica de servidores nas instala\u00e7\u00f5es do Tribunal para a presta\u00e7\u00e3o das atividades essenciais, ser\u00e1 limitada a 30% do quadro da unidade, em sistema de rod\u00edzio, excepcionados os servi\u00e7os de sa\u00fade, seguran\u00e7a, tecnologia da informa\u00e7\u00e3o e comunica\u00e7\u00e3o e o servi\u00e7o de comunica\u00e7\u00e3o institucional.<\/p>\n\n\n\n<p>Trata-se de atividades essenciais a distribui\u00e7\u00e3o de processos judiciais, com prioridade aos procedimentos de urg\u00eancia; os servi\u00e7os de comunica\u00e7\u00e3o institucional, limitados \u00e0 presta\u00e7\u00e3o de informa\u00e7\u00f5es e comunica\u00e7\u00f5es de car\u00e1ter urgente; a liquida\u00e7\u00e3o, fiscaliza\u00e7\u00e3o, acompanhamento e pagamento de contratos administrativos, entre outros.&nbsp;<\/p>\n\n\n\n<p>A resolu\u00e7\u00e3o determina o cancelamento preventivamente todas as sess\u00f5es presenciais de julgamento at\u00e9 o dia 17 de abril de 2020, podendo a suspens\u00e3o ser prorrogada por determina\u00e7\u00e3o da Presid\u00eancia.&nbsp;<\/p>\n\n\n\n<p>Todas as sess\u00f5es de julgamento ser\u00e3o virtuais e realizadas segundo as possibilidades t\u00e9cnicas do Tribunal.&nbsp;<\/p>\n\n\n\n<p>Veja a \u00edntegra da resolu\u00e7\u00e3o:<\/p>\n\n\n\n<p>___<\/p>\n\n\n\n<p><strong>RESOLU\u00c7\u00c3O STJ\/GP N. 5 DE 18 DE MAR\u00c7O DE 2020.<\/strong>&nbsp;<\/p>\n\n\n\n<p>Suspende a presta\u00e7\u00e3o presencial de servi\u00e7os no \u00e2mbito do Superior Tribunal de Justi\u00e7a como medida de emerg\u00eancia para preven\u00e7\u00e3o do cont\u00e1gio pelo novo coronav\u00edrus (COVID-19).&nbsp;<\/p>\n\n\n\n<p>O PRESIDENTE DO SUPERIOR TRIBUNAL DE JUSTI\u00c7A, usando da atribui\u00e7\u00e3o conferida pelo art. 21, inciso XXXI, do Regimento Interno, considerando o Manual de Padroniza\u00e7\u00e3o de Textos do STJ, a Lei n. 13.979 de 6 de fevereiro de 2020 e o que consta do Processo STJ n. 7.175\/2020,<\/p>\n\n\n\n<p>RESOLVE:&nbsp;<\/p>\n\n\n\n<p>Art. 1\u00ba Est\u00e1 suspensa a presta\u00e7\u00e3o presencial de servi\u00e7os n\u00e3o essenciais no \u00e2mbito do Superior Tribunal de Justi\u00e7a.<\/p>\n\n\n\n<p>Art. 2\u00ba A execu\u00e7\u00e3o das atividades essenciais do Tribunal dever\u00e1 ser prestada prioritariamente por meio remoto.<\/p>\n\n\n\n<p>Par\u00e1grafo \u00fanico. Sendo imprescind\u00edvel a presen\u00e7a f\u00edsica de servidores nas instala\u00e7\u00f5es do Tribunal para a presta\u00e7\u00e3o das atividades essenciais, ser\u00e1 limitada a 30% do quadro da unidade, em sistema de rod\u00edzio, excepcionados os servi\u00e7os de sa\u00fade, seguran\u00e7a, tecnologia da informa\u00e7\u00e3o e comunica\u00e7\u00e3o e o servi\u00e7o de comunica\u00e7\u00e3o institucional.<\/p>\n\n\n\n<p>Art. 3\u00ba Para os efeitos desta resolu\u00e7\u00e3o, consideram-se atividades essenciais \u00e0 manuten\u00e7\u00e3o m\u00ednima do Tribunal:<\/p>\n\n\n\n<p>I \u2013 a distribui\u00e7\u00e3o de processos judiciais, com prioridade aos procedimentos de urg\u00eancia;<\/p>\n\n\n\n<p>II \u2013 a elabora\u00e7\u00e3o de despachos e decis\u00f5es judiciais, bem como os servi\u00e7os de apoio relacionados, inclusive os destinados \u00e0 publica\u00e7\u00e3o dos atos;<\/p>\n\n\n\n<p>III \u2013 a elabora\u00e7\u00e3o de despachos e decis\u00f5es administrativas, bem como os servi\u00e7os de apoio relacionados, inclusive os destinados \u00e0 publica\u00e7\u00e3o dos atos;<\/p>\n\n\n\n<p>IV \u2013 atendimento \u00e0s partes, procuradores e membros do Minist\u00e9rio P\u00fablico na forma do art. 10;<\/p>\n\n\n\n<p>V \u2013 atendimento ao p\u00fablico externo, inclusive \u00f3rg\u00e3os da Administra\u00e7\u00e3o P\u00fablica, por meio telef\u00f4nico ou eletr\u00f4nico;<\/p>\n\n\n\n<p>VI \u2013 a Coordenadoria de Pagamento;<\/p>\n\n\n\n<p>VII \u2013 a Secretaria de Servi\u00e7os Integrados de Sa\u00fade;<\/p>\n\n\n\n<p>VIII \u2013 a seguran\u00e7a pessoal dos Ministros, assim como a do patrim\u00f4nio do Tribunal;<\/p>\n\n\n\n<p>IX \u2013 a liquida\u00e7\u00e3o, fiscaliza\u00e7\u00e3o, acompanhamento e pagamento de contratos administrativos;<\/p>\n\n\n\n<p>X \u2013 os servi\u00e7os de comunica\u00e7\u00e3o institucional, limitados \u00e0 presta\u00e7\u00e3o de informa\u00e7\u00f5es e comunica\u00e7\u00f5es de car\u00e1ter urgente;<\/p>\n\n\n\n<p>XI \u2013 os servi\u00e7os de tecnologia da informa\u00e7\u00e3o e comunica\u00e7\u00e3o essenciais \u00e0 presta\u00e7\u00e3o de todas as atividades previstas nesta resolu\u00e7\u00e3o.<\/p>\n\n\n\n<p>Par\u00e1grafo \u00fanico. As chefias dos servi\u00e7os e atividades essenciais descritos no caput devem organizar a metodologia de presta\u00e7\u00e3o de servi\u00e7os priorit\u00e1ria em regime de trabalho remoto, exigindo-se o m\u00ednimo poss\u00edvel de servidores em regime de trabalho presencial.<\/p>\n\n\n\n<p>Art. 4\u00ba Ficam canceladas preventivamente todas as sess\u00f5es presenciais de julgamento at\u00e9 o dia 17 de abril de 2020, podendo a suspens\u00e3o ser prorrogada por determina\u00e7\u00e3o da Presid\u00eancia.<\/p>\n\n\n\n<p>\u00a7 1\u00ba Todas as sess\u00f5es de julgamento ser\u00e3o virtuais e realizadas segundo as possibilidades t\u00e9cnicas do Tribunal.<\/p>\n\n\n\n<p>\u00a7 2\u00ba Os processos constantes das sess\u00f5es presenciais, inclusive aqueles remetidos das sess\u00f5es virtuais, ser\u00e3o automaticamente retirados de pauta e inclu\u00eddos oportunamente ap\u00f3s a regulariza\u00e7\u00e3o das atividades do Tribunal.<\/p>\n\n\n\n<p>Art. 5\u00ba Ficam suspensos os prazos processuais no per\u00edodo de 19 de mar\u00e7o de 2020 a 17 de abril de 2020, podendo a suspens\u00e3o ser prorrogada por determina\u00e7\u00e3o da Presid\u00eancia, considerando a situa\u00e7\u00e3o epidemiol\u00f3gica.<\/p>\n\n\n\n<p>\u00a7 1\u00ba As publica\u00e7\u00f5es ocorrer\u00e3o normalmente.<\/p><div class=\"zqtum69efde5bddc70\" ><!--<a href=\"https:\/\/bit.ly\/3QdrqTZ\" target=\"_blank\">\n<img src=\"https:\/\/justicapotiguar.com.br\/wp-content\/uploads\/2023\/09\/mobile-geral.gif\"\/><a\/>--><\/div><style type=\"text\/css\">\r\n.zqtum69efde5bddc70 {\r\ntext-align: center;\r\n}\r\n@media screen and (min-width: 1201px) {\r\n.zqtum69efde5bddc70 {\r\ndisplay: none;\r\n}\r\n}\r\n@media screen and (min-width: 993px) and (max-width: 1200px) {\r\n.zqtum69efde5bddc70 {\r\ndisplay: none;\r\n}\r\n}\r\n@media screen and (min-width: 769px) and (max-width: 992px) {\r\n.zqtum69efde5bddc70 {\r\ndisplay: none;\r\n}\r\n}\r\n@media screen and (min-width: 768px) and (max-width: 768px) {\r\n.zqtum69efde5bddc70 {\r\ndisplay: block;\r\n}\r\n}\r\n@media screen and (max-width: 767px) {\r\n.zqtum69efde5bddc70 {\r\ndisplay: block;\r\n}\r\n}\r\n<\/style>\r\n<div class=\"hujda69efde5bddc55\" ><!--<a href=\"https:\/\/bit.ly\/3QdrqTZ\" target=\"_blank\">\n<img src=\"https:\/\/justicapotiguar.com.br\/wp-content\/uploads\/2023\/09\/desktop-geral.gif\"\/><a\/>--><\/div><style type=\"text\/css\">\r\n.hujda69efde5bddc55 {\r\ntext-align: center;\nmargin-bottom: 1em;\r\n}\r\n@media screen and (min-width: 1201px) {\r\n.hujda69efde5bddc55 {\r\ndisplay: block;\r\n}\r\n}\r\n@media screen and (min-width: 993px) and (max-width: 1200px) {\r\n.hujda69efde5bddc55 {\r\ndisplay: block;\r\n}\r\n}\r\n@media screen and (min-width: 769px) and (max-width: 992px) {\r\n.hujda69efde5bddc55 {\r\ndisplay: block;\r\n}\r\n}\r\n@media screen and (min-width: 768px) and (max-width: 768px) {\r\n.hujda69efde5bddc55 {\r\ndisplay: none;\r\n}\r\n}\r\n@media screen and (max-width: 767px) {\r\n.hujda69efde5bddc55 {\r\ndisplay: none;\r\n}\r\n}\r\n<\/style>\r\n\n\n\n\n<p>\u00a7 2\u00ba Durante a suspens\u00e3o dos prazos processuais, o relator origin\u00e1rio ser\u00e1 competente para o exame das tutelas de urg\u00eancia, ainda que por via remota.<\/p>\n\n\n\n<p>Art. 6\u00ba Os julgamentos das sess\u00f5es virtuais prosseguir\u00e3o normalmente, na forma regimental, ainda que por via remota.<\/p>\n\n\n\n<p>Par\u00e1grafo \u00fanico. Excepciona-se, durante o per\u00edodo de suspens\u00e3o das sess\u00f5es presenciais, o previsto no art. 184-C, inciso III, do Regimento Interno do STJ.<\/p>\n\n\n\n<p>Art. 7\u00ba As tutelas provis\u00f3rias e os incidentes processuais ser\u00e3o examinados pelo relator do processo ainda que por via remota.<\/p>\n\n\n\n<p>Par\u00e1grafo \u00fanico. Os novos processos, assim como os recursos, ser\u00e3o distribu\u00eddos normalmente conforme as normas regimentais.<\/p>\n\n\n\n<p>Art. 8\u00ba Os gestores das unidades estabelecer\u00e3o procedimentos para que os servi\u00e7os sejam prestados por meio do regime de trabalho remoto tempor\u00e1rio.<\/p>\n\n\n\n<p>\u00a7 1\u00ba Os servidores que desenvolvam atividades incompat\u00edveis com o trabalho remoto dever\u00e3o ter relativizada a execu\u00e7\u00e3o de suas atribui\u00e7\u00f5es, levando-se em conta as peculiaridades que se apresentem, com posterior compensa\u00e7\u00e3o (art. 44, par\u00e1grafo \u00fanico, da Lei n. 8.112, de 11 de dezembro de 1990).<\/p>\n\n\n\n<p>\u00a7 2\u00ba A STI providenciar\u00e1 protocolo de atendimento espec\u00edfico para auxiliar os servidores a instalar e utilizar os sistemas do Tribunal em suas m\u00e1quinas pessoais.<\/p>\n\n\n\n<p>\u00a7 3\u00ba Est\u00e1 dispensado o ponto eletr\u00f4nico mediante registro biom\u00e9trico; devendo o gestor da unidade certificar a execu\u00e7\u00e3o das tarefas designadas.<\/p>\n\n\n\n<p>Art. 9\u00ba As secretarias est\u00e3o autorizadas a expedir atos pr\u00f3prios definindo protocolos, rotinas e prioridades para manter os servi\u00e7os e atividades das unidades, que ser\u00e3o executadas em dois turnos, evitando-se a perman\u00eancia simult\u00e2nea dos servidores do primeiro turno com os do segundo.<\/p>\n\n\n\n<p>Par\u00e1grafo \u00fanico. Ficam suspensos os prazos de processos administrativos no per\u00edodo de 19 de mar\u00e7o de 2020 a 17 de abril de 2020.<\/p>\n\n\n\n<p>Art. 10. A comunica\u00e7\u00e3o de advogados, partes e membros do Minist\u00e9rio P\u00fablico com servidores e ministros se dar\u00e1 exclusivamente por meio telef\u00f4nico ou eletr\u00f4nico, inclusive o protocolo de peti\u00e7\u00f5es e a pr\u00e1tica de atos processuais, no hor\u00e1rio das 13h \u00e0s 18h.<\/p>\n\n\n\n<p>Art. 11. A atua\u00e7\u00e3o presencial de servi\u00e7os terceirizados ser\u00e1 limitada ao suporte das atividades essenciais definidas no art. 3\u00ba e aos servi\u00e7os de limpeza, conserva\u00e7\u00e3o e seguran\u00e7a.<\/p>\n\n\n\n<p>Art. 12. Ficam temporariamente suspensas as atividades dos estagi\u00e1rios.<\/p>\n\n\n\n<p>Art. 13. As atividades prestadas pela Biblioteca Ministro Oscar Saraiva est\u00e3o limitadas \u00e0quelas que puderem ser desenvolvidas por meio remoto.<\/p>\n\n\n\n<p>Art. 14. As atividades prestadas nas \u00e1reas cedidas pelo Tribunal ser\u00e3o adequadas \u00e0s orienta\u00e7\u00f5es da presente resolu\u00e7\u00e3o e da Comiss\u00e3o de Opera\u00e7\u00f5es de Emerg\u00eancia em Sa\u00fade.<\/p>\n\n\n\n<p>Art. 15. Ser\u00e3o de observ\u00e2ncia obrigat\u00f3ria as orienta\u00e7\u00f5es determinadas pela Comiss\u00e3o de Opera\u00e7\u00f5es de Emerg\u00eancia em Sa\u00fade.<\/p>\n\n\n\n<p>Art. 16. Os casos omissos ser\u00e3o decididos pelo Presidente do Tribunal.<\/p>\n\n\n\n<p>Art. 17. Os \u00a7\u00a7 1\u00ba e 3\u00ba do art. 5\u00ba da Resolu\u00e7\u00e3o STJ\/GP n. 4\/2020 passam a vigorar com a seguinte reda\u00e7\u00e3o:<\/p>\n\n\n\n<p>\u201cArt. 5\u00ba &#8230;<\/p>\n\n\n\n<p>\u00a7 1\u00ba Fica concedido o regime de trabalho remoto obrigat\u00f3rio aos servidores maiores de sessenta anos, \u00e0queles que tiverem filhos menores de um ano, \u00e0s gestantes, aos imunossuprimidos e \u00e0s pessoas com doen\u00e7as cr\u00f4nicas, em raz\u00e3o de pertencerem a grupo de risco em caso de cont\u00e1gio pelo novo coronav\u00edrus.<\/p>\n\n\n\n<p>&#8230;<\/p>\n\n\n\n<p>\u00a7 3\u00ba A condi\u00e7\u00e3o de imunossuprimido e de doen\u00e7as cr\u00f4nicas mencionada no \u00a7 1\u00ba depender\u00e1 de comprova\u00e7\u00e3o por meio de relat\u00f3rio m\u00e9dico.\u201d<\/p>\n\n\n\n<p>Art. 18. O artigo 7\u00ba da Resolu\u00e7\u00e3o STJ\/GP n. 4\/2020 passa a vigorar com a seguinte reda\u00e7\u00e3o:<\/p>\n\n\n\n<p>\u201cArt. 7\u00ba Os gestores dos contratos ficam autorizados a avaliar a possibilidade de redu\u00e7\u00e3o tempor\u00e1ria do quadro de funcion\u00e1rios ou da implanta\u00e7\u00e3o de rod\u00edzio, mantido o padr\u00e3o m\u00ednimo necess\u00e1rio da presta\u00e7\u00e3o do servi\u00e7o, sendo consideradas faltas justificadas as aus\u00eancias previamente autorizadas, devido ao car\u00e1ter excepcional de preserva\u00e7\u00e3o da sa\u00fade p\u00fablica.\u201d<\/p>\n\n\n\n<p>Art. 19. A Resolu\u00e7\u00e3o STJ\/GP n. 4\/2020 passa a vigorar acrescida do seguinte art. 4\u00ba-A:<\/p>\n\n\n\n<p>\u201cArt. 4\u00ba-A Durante a vig\u00eancia das medidas tempor\u00e1rias previstas nesta resolu\u00e7\u00e3o, todos os atestados para fins de concess\u00e3o de licen\u00e7a prevista em lei devem ser apresentados \u00e0 SIS por meio de c\u00f3pia digital encaminhada ao e-mail atestado.sis@stj.jus.br.<\/p>\n\n\n\n<p>Par\u00e1grafo \u00fanico. Na hip\u00f3tese do caput, aplica-se o disposto no \u00a7 2\u00ba do art. 4\u00ba.\u201d<\/p>\n\n\n\n<p>Art. 20. Fica revogado o art. 17 da Resolu\u00e7\u00e3o STJ\/GP n. 4 de 16 de mar\u00e7o de 2020.<\/p>\n\n\n\n<p>Art. 21. Esta resolu\u00e7\u00e3o entra em vigor na data de sua publica\u00e7\u00e3o.<\/p>\n\n\n\n<p>Ministro Jo\u00e3o Ot\u00e1vio de Noronha<\/p>\n\n\n\n<p><strong>Migalhas<\/strong><\/p>\n","protected":false},"excerpt":{"rendered":"<p>Trata-se de atividade essencial, por exemplo, a distribui\u00e7\u00e3o de processos judiciais, com prioridade aos procedimentos de urg\u00eancia.<br \/><a class=\"more-link\" href=\"https:\/\/justicapotiguar.com.br\/index.php\/2020\/03\/19\/stj-execucao-de-atividades-essenciais-serao-prestadas-por-meio-remoto\/\">Mais&#8230;<\/a><\/p>\n","protected":false},"author":6,"featured_media":7439,"comment_status":"open","ping_status":"open","sticky":false,"template":"","format":"standard","meta":[],"categories":[3],"tags":[],"_links":{"self":[{"href":"https:\/\/justicapotiguar.com.br\/index.php\/wp-json\/wp\/v2\/posts\/7438"}],"collection":[{"href":"https:\/\/justicapotiguar.com.br\/index.php\/wp-json\/wp\/v2\/posts"}],"about":[{"href":"https:\/\/justicapotiguar.com.br\/index.php\/wp-json\/wp\/v2\/types\/post"}],"author":[{"embeddable":true,"href":"https:\/\/justicapotiguar.com.br\/index.php\/wp-json\/wp\/v2\/users\/6"}],"replies":[{"embeddable":true,"href":"https:\/\/justicapotiguar.com.br\/index.php\/wp-json\/wp\/v2\/comments?post=7438"}],"version-history":[{"count":1,"href":"https:\/\/justicapotiguar.com.br\/index.php\/wp-json\/wp\/v2\/posts\/7438\/revisions"}],"predecessor-version":[{"id":7440,"href":"https:\/\/justicapotiguar.com.br\/index.php\/wp-json\/wp\/v2\/posts\/7438\/revisions\/7440"}],"wp:featuredmedia":[{"embeddable":true,"href":"https:\/\/justicapotiguar.com.br\/index.php\/wp-json\/wp\/v2\/media\/7439"}],"wp:attachment":[{"href":"https:\/\/justicapotiguar.com.br\/index.php\/wp-json\/wp\/v2\/media?parent=7438"}],"wp:term":[{"taxonomy":"category","embeddable":true,"href":"https:\/\/justicapotiguar.com.br\/index.php\/wp-json\/wp\/v2\/categories?post=7438"},{"taxonomy":"post_tag","embeddable":true,"href":"https:\/\/justicapotiguar.com.br\/index.php\/wp-json\/wp\/v2\/tags?post=7438"}],"curies":[{"name":"wp","href":"https:\/\/api.w.org\/{rel}","templated":true}]}}