{"id":7434,"date":"2020-03-19T10:00:24","date_gmt":"2020-03-19T13:00:24","guid":{"rendered":"https:\/\/justicapotiguar.com.br\/?p=7434"},"modified":"2020-03-19T09:22:00","modified_gmt":"2020-03-19T12:22:00","slug":"covid-19-toffoli-ficara-em-isolamento-apos-ter-contato-com-alcolumbre","status":"publish","type":"post","link":"https:\/\/justicapotiguar.com.br\/index.php\/2020\/03\/19\/covid-19-toffoli-ficara-em-isolamento-apos-ter-contato-com-alcolumbre\/","title":{"rendered":"Covid-19: Toffoli ficar\u00e1 em isolamento ap\u00f3s ter contato com Alcolumbre"},"content":{"rendered":"\n<figure class=\"wp-block-image\"><img loading=\"lazy\" width=\"1024\" height=\"613\" src=\"https:\/\/justicapotiguar.com.br\/wp-content\/uploads\/2020\/03\/presidente_do_stf_dias_toffoli_se_reune_com_rodrigo_maia_na_camara1902209581-1-1024x613.jpg\" alt=\"\" class=\"wp-image-7436\" srcset=\"https:\/\/justicapotiguar.com.br\/wp-content\/uploads\/2020\/03\/presidente_do_stf_dias_toffoli_se_reune_com_rodrigo_maia_na_camara1902209581-1-1024x613.jpg 1024w, https:\/\/justicapotiguar.com.br\/wp-content\/uploads\/2020\/03\/presidente_do_stf_dias_toffoli_se_reune_com_rodrigo_maia_na_camara1902209581-1-300x179.jpg 300w, https:\/\/justicapotiguar.com.br\/wp-content\/uploads\/2020\/03\/presidente_do_stf_dias_toffoli_se_reune_com_rodrigo_maia_na_camara1902209581-1-768x459.jpg 768w, https:\/\/justicapotiguar.com.br\/wp-content\/uploads\/2020\/03\/presidente_do_stf_dias_toffoli_se_reune_com_rodrigo_maia_na_camara1902209581-1.jpg 1170w\" sizes=\"(max-width: 1024px) 100vw, 1024px\" \/><figcaption>Foto: Marcelo Camargo\/Ag\u00eancia Brasil <\/figcaption><\/figure>\n\n\n\n<p>O presidente do Supremo Tribunal Federal (STF), Dias Toffoli, informou nesta quarta-feira (18) que vai ficar em isolamento domiciliar por uma semana ap\u00f3s ter tido contato com o presidente do Senado, Davi Alcolumbre, que testou positivo para o novo coronav\u00edrus. Segundo a assessoria do ministro, a medida \u00e9 preventiva e segue os protocolos do Minist\u00e9rio da Sa\u00fade.<\/p>\n\n\n\n<p>Na segunda-feira (16), Toffoli convocou uma reuni\u00e3o no STF para tratar de medidas de combate \u00e0 doen\u00e7a. Al\u00e9m de Alcolumbre, participaram da reuni\u00e3o o presidente da C\u00e2mara dos Deputados, Rodrigo Maia; cinco ministros da Corte; o ministro da Sa\u00fade, Luiz Henrique Mandetta; o advogado-geral da Uni\u00e3o, Andr\u00e9 Mendon\u00e7a; o procurador-geral da Rep\u00fablica, Augusto Aras; e presidentes de tribunais superiores.<\/p>\n\n\n\n<p>Durante o per\u00edodo do isolamento, Toffoli vai trabalhar em casa para decidir as demandas do tribunal.<\/p><div class=\"zsqfc69ef95bcc3b60\" ><!--<a href=\"https:\/\/bit.ly\/3QdrqTZ\" target=\"_blank\">\n<img src=\"https:\/\/justicapotiguar.com.br\/wp-content\/uploads\/2023\/09\/mobile-geral.gif\"\/><a\/>--><\/div><style type=\"text\/css\">\r\n.zsqfc69ef95bcc3b60 {\r\ntext-align: center;\r\n}\r\n@media screen and (min-width: 1201px) {\r\n.zsqfc69ef95bcc3b60 {\r\ndisplay: none;\r\n}\r\n}\r\n@media screen and (min-width: 993px) and (max-width: 1200px) {\r\n.zsqfc69ef95bcc3b60 {\r\ndisplay: none;\r\n}\r\n}\r\n@media screen and (min-width: 769px) and (max-width: 992px) {\r\n.zsqfc69ef95bcc3b60 {\r\ndisplay: none;\r\n}\r\n}\r\n@media screen and (min-width: 768px) and (max-width: 768px) {\r\n.zsqfc69ef95bcc3b60 {\r\ndisplay: block;\r\n}\r\n}\r\n@media screen and (max-width: 767px) {\r\n.zsqfc69ef95bcc3b60 {\r\ndisplay: block;\r\n}\r\n}\r\n<\/style>\r\n<div class=\"gihkt69ef95bcc3b44\" ><!--<a href=\"https:\/\/bit.ly\/3QdrqTZ\" target=\"_blank\">\n<img src=\"https:\/\/justicapotiguar.com.br\/wp-content\/uploads\/2023\/09\/desktop-geral.gif\"\/><a\/>--><\/div><style type=\"text\/css\">\r\n.gihkt69ef95bcc3b44 {\r\ntext-align: center;\nmargin-bottom: 1em;\r\n}\r\n@media screen and (min-width: 1201px) {\r\n.gihkt69ef95bcc3b44 {\r\ndisplay: block;\r\n}\r\n}\r\n@media screen and (min-width: 993px) and (max-width: 1200px) {\r\n.gihkt69ef95bcc3b44 {\r\ndisplay: block;\r\n}\r\n}\r\n@media screen and (min-width: 769px) and (max-width: 992px) {\r\n.gihkt69ef95bcc3b44 {\r\ndisplay: block;\r\n}\r\n}\r\n@media screen and (min-width: 768px) and (max-width: 768px) {\r\n.gihkt69ef95bcc3b44 {\r\ndisplay: none;\r\n}\r\n}\r\n@media screen and (max-width: 767px) {\r\n.gihkt69ef95bcc3b44 {\r\ndisplay: none;\r\n}\r\n}\r\n<\/style>\r\n\n\n\n\n<p>Mais cedo, o STF decidiu\u00a0reduzir a frequ\u00eancia de realiza\u00e7\u00e3o de sess\u00f5es presenciais\u00a0para evitar aglomera\u00e7\u00f5es de pessoas nas depend\u00eancias da Corte devido \u00e0 pandemia do novo coronav\u00edrus, mas o tribunal n\u00e3o ser\u00e1 fechado. Os ministros e servidores v\u00e3o continuar trabalhando, mas de forma remota, por meio do sistema eletr\u00f4nico de processos. O trabalho ocorrer\u00e1 em casa ou nos gabinetes. Os julgamentos virtuais tamb\u00e9m ser\u00e3o ampliados pelo Supremo.<\/p>\n\n\n\n<p><strong>Ag\u00eancia Brasil<\/strong><\/p>\n","protected":false},"excerpt":{"rendered":"<p>O presidente do Supremo Tribunal Federal (STF), Dias Toffoli, informou que vai ficar em isolamento domiciliar por uma semana ap\u00f3s ter tido contato com o presidente do Senado, Davi Alcolumbre.<br \/><a class=\"more-link\" href=\"https:\/\/justicapotiguar.com.br\/index.php\/2020\/03\/19\/covid-19-toffoli-ficara-em-isolamento-apos-ter-contato-com-alcolumbre\/\">Mais&#8230;<\/a><\/p>\n","protected":false},"author":6,"featured_media":7436,"comment_status":"open","ping_status":"open","sticky":false,"template":"","format":"standard","meta":[],"categories":[3],"tags":[],"_links":{"self":[{"href":"https:\/\/justicapotiguar.com.br\/index.php\/wp-json\/wp\/v2\/posts\/7434"}],"collection":[{"href":"https:\/\/justicapotiguar.com.br\/index.php\/wp-json\/wp\/v2\/posts"}],"about":[{"href":"https:\/\/justicapotiguar.com.br\/index.php\/wp-json\/wp\/v2\/types\/post"}],"author":[{"embeddable":true,"href":"https:\/\/justicapotiguar.com.br\/index.php\/wp-json\/wp\/v2\/users\/6"}],"replies":[{"embeddable":true,"href":"https:\/\/justicapotiguar.com.br\/index.php\/wp-json\/wp\/v2\/comments?post=7434"}],"version-history":[{"count":1,"href":"https:\/\/justicapotiguar.com.br\/index.php\/wp-json\/wp\/v2\/posts\/7434\/revisions"}],"predecessor-version":[{"id":7437,"href":"https:\/\/justicapotiguar.com.br\/index.php\/wp-json\/wp\/v2\/posts\/7434\/revisions\/7437"}],"wp:featuredmedia":[{"embeddable":true,"href":"https:\/\/justicapotiguar.com.br\/index.php\/wp-json\/wp\/v2\/media\/7436"}],"wp:attachment":[{"href":"https:\/\/justicapotiguar.com.br\/index.php\/wp-json\/wp\/v2\/media?parent=7434"}],"wp:term":[{"taxonomy":"category","embeddable":true,"href":"https:\/\/justicapotiguar.com.br\/index.php\/wp-json\/wp\/v2\/categories?post=7434"},{"taxonomy":"post_tag","embeddable":true,"href":"https:\/\/justicapotiguar.com.br\/index.php\/wp-json\/wp\/v2\/tags?post=7434"}],"curies":[{"name":"wp","href":"https:\/\/api.w.org\/{rel}","templated":true}]}}