{"id":7431,"date":"2020-03-19T09:15:59","date_gmt":"2020-03-19T12:15:59","guid":{"rendered":"https:\/\/justicapotiguar.com.br\/?p=7431"},"modified":"2020-03-19T08:57:49","modified_gmt":"2020-03-19T11:57:49","slug":"stf-nao-referenda-decisao-de-marco-aurelio-acerca-do-coronavirus-em-sistema-carcerario","status":"publish","type":"post","link":"https:\/\/justicapotiguar.com.br\/index.php\/2020\/03\/19\/stf-nao-referenda-decisao-de-marco-aurelio-acerca-do-coronavirus-em-sistema-carcerario\/","title":{"rendered":"STF n\u00e3o referenda decis\u00e3o de Marco Aur\u00e9lio acerca do coronav\u00edrus em sistema carcer\u00e1rio"},"content":{"rendered":"\n<figure class=\"wp-block-image\"><img loading=\"lazy\" width=\"680\" height=\"425\" src=\"https:\/\/justicapotiguar.com.br\/wp-content\/uploads\/2020\/03\/E72D2D72DD23A65E52384605FDC9F77863CB_marco.jpg\" alt=\"\" class=\"wp-image-7432\" srcset=\"https:\/\/justicapotiguar.com.br\/wp-content\/uploads\/2020\/03\/E72D2D72DD23A65E52384605FDC9F77863CB_marco.jpg 680w, https:\/\/justicapotiguar.com.br\/wp-content\/uploads\/2020\/03\/E72D2D72DD23A65E52384605FDC9F77863CB_marco-300x188.jpg 300w\" sizes=\"(max-width: 680px) 100vw, 680px\" \/><\/figure>\n\n\n\n<p>O plen\u00e1rio do STF negou referendo a medida cautelar na qual o ministro Marco Aur\u00e9lio conclamou os ju\u00edzes de Execu\u00e7\u00e3o Penal brasileiros a analisarem as provid\u00eancias sugeridas por um amigo da Corte para conter o avan\u00e7o do coronav\u00edrus dentro dos pres\u00eddios. <\/p>\n\n\n\n<p>o ministro Marco Aur\u00e9lio analisou um pedido do IDDD &#8211; Instituto de Defesa do Direito de Defesa &#8211; M\u00e1rcio Thomaz Bastos, na condi\u00e7\u00e3o de terceiro interessado, no \u00e2mbito da ADPF 347. Neste processo, em 2015, o STF reconheceu viola\u00e7\u00e3o a direitos fundamentais no sistema prisional.<\/p>\n\n\n\n<p><strong>Decis\u00e3o do relator<\/strong><\/p>\n\n\n\n<p>O relator Marco Aur\u00e9lio ponderou, na \u00faltima ter\u00e7a-feira, 17, que n\u00e3o p\u00f4de acolher o pedido de tutela incidental feito pelo IDDD na ADPF 347 para a ado\u00e7\u00e3o de medidas em favor da integridade f\u00edsica da popula\u00e7\u00e3o carcer\u00e1ria.\u00a0Segundo o ministro, a a\u00e7\u00e3o principal foi ajuizada pelo Psol &#8211; Partido Socialismo e Liberdade, estando o IDDD figurando apenas como interessado no processo e n\u00e3o como parte.<\/p>\n\n\n\n<p>No entanto, o ministro conclamou os Ju\u00edzos da Execu\u00e7\u00e3o a analisarem as provid\u00eancias sugeridas, contando com o necess\u00e1rio apoio dos Tribunais de Justi\u00e7a e Regionais Federais. \u201cA par da cautela no tocante \u00e0 popula\u00e7\u00e3o carcer\u00e1ria, tendo em conta a orienta\u00e7\u00e3o do minist\u00e9rio da Sa\u00fade de segrega\u00e7\u00e3o por 14 dias, eis as medidas processuais a serem, com urg\u00eancia maior, examinadas\u201d, disse o ministro:<\/p>\n\n\n\n<p>a) liberdade condicional a encarcerados com idade igual ou superior a 60 anos, nos termos do artigo 1\u00ba da Lei 10.741\/2003 (Estatuto do Idoso);<\/p>\n\n\n\n<p>b) regime domiciliar aos soropositivos para HIV, diab\u00e9ticos, portadores de tuberculose, c\u00e2ncer, doen\u00e7as respirat\u00f3rias, card\u00edacas, imunodepressoras ou outras suscet\u00edveis de agravamento a partir do cont\u00e1gio pelo Covid-19;<\/p><div class=\"vasnq69ef7e5c0b0c8\" ><!--<a href=\"https:\/\/bit.ly\/3QdrqTZ\" target=\"_blank\">\n<img src=\"https:\/\/justicapotiguar.com.br\/wp-content\/uploads\/2023\/09\/mobile-geral.gif\"\/><a\/>--><\/div><style type=\"text\/css\">\r\n.vasnq69ef7e5c0b0c8 {\r\ntext-align: center;\r\n}\r\n@media screen and (min-width: 1201px) {\r\n.vasnq69ef7e5c0b0c8 {\r\ndisplay: none;\r\n}\r\n}\r\n@media screen and (min-width: 993px) and (max-width: 1200px) {\r\n.vasnq69ef7e5c0b0c8 {\r\ndisplay: none;\r\n}\r\n}\r\n@media screen and (min-width: 769px) and (max-width: 992px) {\r\n.vasnq69ef7e5c0b0c8 {\r\ndisplay: none;\r\n}\r\n}\r\n@media screen and (min-width: 768px) and (max-width: 768px) {\r\n.vasnq69ef7e5c0b0c8 {\r\ndisplay: block;\r\n}\r\n}\r\n@media screen and (max-width: 767px) {\r\n.vasnq69ef7e5c0b0c8 {\r\ndisplay: block;\r\n}\r\n}\r\n<\/style>\r\n<div class=\"xieig69ef7e5c0b0ab\" ><!--<a href=\"https:\/\/bit.ly\/3QdrqTZ\" target=\"_blank\">\n<img src=\"https:\/\/justicapotiguar.com.br\/wp-content\/uploads\/2023\/09\/desktop-geral.gif\"\/><a\/>--><\/div><style type=\"text\/css\">\r\n.xieig69ef7e5c0b0ab {\r\ntext-align: center;\nmargin-bottom: 1em;\r\n}\r\n@media screen and (min-width: 1201px) {\r\n.xieig69ef7e5c0b0ab {\r\ndisplay: block;\r\n}\r\n}\r\n@media screen and (min-width: 993px) and (max-width: 1200px) {\r\n.xieig69ef7e5c0b0ab {\r\ndisplay: block;\r\n}\r\n}\r\n@media screen and (min-width: 769px) and (max-width: 992px) {\r\n.xieig69ef7e5c0b0ab {\r\ndisplay: block;\r\n}\r\n}\r\n@media screen and (min-width: 768px) and (max-width: 768px) {\r\n.xieig69ef7e5c0b0ab {\r\ndisplay: none;\r\n}\r\n}\r\n@media screen and (max-width: 767px) {\r\n.xieig69ef7e5c0b0ab {\r\ndisplay: none;\r\n}\r\n}\r\n<\/style>\r\n\n\n\n\n<p>c) regime domiciliar \u00e0s gestantes e lactantes, na forma da Lei 13.257\/2016 (Estatuto da Primeira Inf\u00e2ncia);<\/p>\n\n\n\n<p>d) regime domiciliar a presos por crimes cometidos sem viol\u00eancia ou grave amea\u00e7a;<br><br>e) substitui\u00e7\u00e3o da pris\u00e3o provis\u00f3ria por medida alternativa em raz\u00e3o de delitos praticados sem viol\u00eancia ou grave amea\u00e7a;<br><br>f) medidas alternativas a presos em flagrante ante o cometimento de crimes sem viol\u00eancia ou grave amea\u00e7a;<br>g) progress\u00e3o de pena a quem, atendido o crit\u00e9rio temporal, aguarda exame criminol\u00f3gico; e<br><br>h) progress\u00e3o antecipada de pena a submetidos ao regime semiaberto.<\/p>\n\n\n\n<ul><li>Veja a&nbsp;<a href=\"https:\/\/www.migalhas.com.br\/arquivos\/2020\/3\/B554F5261ECA86_ADPF347decisao.Covid19.pdf\" target=\"_blank\" rel=\"noreferrer noopener\">\u00edntegra<\/a>&nbsp;da decis\u00e3o<\/li><\/ul>\n\n\n\n<p>Na sess\u00e3o plen\u00e1ria desta quarta, o ministro referendou sua decis\u00e3o anteriormente proferida. O ministro Gilmar Mendes acompanhou o relator.<\/p>\n\n\n\n<p><strong>Diverg\u00eancia<\/strong><\/p>\n\n\n\n<p>O ministro Alexandre de Moraes abriu a diverg\u00eancia pela negativa do referendo. Para o ministro, houve, de of\u00edcio, a amplia\u00e7\u00e3o do pedido por uma parte ileg\u00edtima para requerer o pedido. Moraes ressaltou tamb\u00e9m que o pedido feito foi al\u00e9m daquele previsto na ADPF e a decis\u00e3o proferida deu uma determina\u00e7\u00e3o expressa, no sentido de que os ju\u00edzes fa\u00e7am um \u201cmutir\u00e3o\u201d para analisarem cada caso. Assim, negou referendo a liminar.<\/p>\n\n\n\n<p>A diverg\u00eancia foi seguida pelos ministros Edson Fachin, Lu\u00eds Roberto Barroso, Luiz Fux, Dias Toffoli e as ministras Rosa Weber e C\u00e1rmen L\u00facia.<\/p>\n\n\n\n<ul><li>Processo: ADPF\u00a0<a rel=\"noreferrer noopener\" href=\"https:\/\/portal.stf.jus.br\/processos\/detalhe.asp?incidente=4783560\" target=\"_blank\">347<\/a><\/li><\/ul>\n\n\n\n<p><strong>Migalhas<\/strong><\/p>\n","protected":false},"excerpt":{"rendered":"<p>Marco Aur\u00e9lio havia conclamado os ju\u00edzes de Execu\u00e7\u00e3o a analisarem provid\u00eancias contra o coronav\u00edrus nos pres\u00eddios.<br \/><a class=\"more-link\" href=\"https:\/\/justicapotiguar.com.br\/index.php\/2020\/03\/19\/stf-nao-referenda-decisao-de-marco-aurelio-acerca-do-coronavirus-em-sistema-carcerario\/\">Mais&#8230;<\/a><\/p>\n","protected":false},"author":6,"featured_media":7432,"comment_status":"open","ping_status":"open","sticky":false,"template":"","format":"standard","meta":[],"categories":[3],"tags":[],"_links":{"self":[{"href":"https:\/\/justicapotiguar.com.br\/index.php\/wp-json\/wp\/v2\/posts\/7431"}],"collection":[{"href":"https:\/\/justicapotiguar.com.br\/index.php\/wp-json\/wp\/v2\/posts"}],"about":[{"href":"https:\/\/justicapotiguar.com.br\/index.php\/wp-json\/wp\/v2\/types\/post"}],"author":[{"embeddable":true,"href":"https:\/\/justicapotiguar.com.br\/index.php\/wp-json\/wp\/v2\/users\/6"}],"replies":[{"embeddable":true,"href":"https:\/\/justicapotiguar.com.br\/index.php\/wp-json\/wp\/v2\/comments?post=7431"}],"version-history":[{"count":1,"href":"https:\/\/justicapotiguar.com.br\/index.php\/wp-json\/wp\/v2\/posts\/7431\/revisions"}],"predecessor-version":[{"id":7433,"href":"https:\/\/justicapotiguar.com.br\/index.php\/wp-json\/wp\/v2\/posts\/7431\/revisions\/7433"}],"wp:featuredmedia":[{"embeddable":true,"href":"https:\/\/justicapotiguar.com.br\/index.php\/wp-json\/wp\/v2\/media\/7432"}],"wp:attachment":[{"href":"https:\/\/justicapotiguar.com.br\/index.php\/wp-json\/wp\/v2\/media?parent=7431"}],"wp:term":[{"taxonomy":"category","embeddable":true,"href":"https:\/\/justicapotiguar.com.br\/index.php\/wp-json\/wp\/v2\/categories?post=7431"},{"taxonomy":"post_tag","embeddable":true,"href":"https:\/\/justicapotiguar.com.br\/index.php\/wp-json\/wp\/v2\/tags?post=7431"}],"curies":[{"name":"wp","href":"https:\/\/api.w.org\/{rel}","templated":true}]}}