{"id":7429,"date":"2020-03-19T11:40:25","date_gmt":"2020-03-19T14:40:25","guid":{"rendered":"https:\/\/justicapotiguar.com.br\/?p=7429"},"modified":"2020-03-19T10:21:04","modified_gmt":"2020-03-19T13:21:04","slug":"covid-19-casa-de-justica-e-cidadania-suspende-atendimentos-presenciais-por-15-dias","status":"publish","type":"post","link":"https:\/\/justicapotiguar.com.br\/index.php\/2020\/03\/19\/covid-19-casa-de-justica-e-cidadania-suspende-atendimentos-presenciais-por-15-dias\/","title":{"rendered":"Covid-19: Casa de Justi\u00e7a e Cidadania suspende atendimentos presenciais por 15 dias"},"content":{"rendered":"\n<figure class=\"wp-block-image\"><img loading=\"lazy\" width=\"860\" height=\"645\" src=\"https:\/\/justicapotiguar.com.br\/wp-content\/uploads\/2019\/08\/TJRN-01.jpg\" alt=\"\" class=\"wp-image-169\" srcset=\"https:\/\/justicapotiguar.com.br\/wp-content\/uploads\/2019\/08\/TJRN-01.jpg 860w, https:\/\/justicapotiguar.com.br\/wp-content\/uploads\/2019\/08\/TJRN-01-300x225.jpg 300w, https:\/\/justicapotiguar.com.br\/wp-content\/uploads\/2019\/08\/TJRN-01-768x576.jpg 768w\" sizes=\"(max-width: 860px) 100vw, 860px\" \/><\/figure>\n\n\n\n<p>A Casa de Justi\u00e7a e Cidadania, integrante da estrutura do N\u00facleo de A\u00e7\u00f5es e Programas Socioambientais (NAPS) do Tribunal de Justi\u00e7a do RN, suspendeu o atendimento presencial ao p\u00fablico pelo per\u00edodo de 15 dias. A unidade est\u00e1 instalada no Shopping Esta\u00e7\u00e3o, na Zona Norte de Natal, e oferece uma s\u00e9rie de servi\u00e7os da Justi\u00e7a Estadual e de institui\u00e7\u00f5es parceiras.<\/p>\n\n\n\n<p>A medida visa prevenir a contamina\u00e7\u00e3o e propaga\u00e7\u00e3o do coronav\u00edrus (Covid-19), conforme a portaria assinada pela desembargadora Zeneide Bezerra, coordenadora do NAPS, e que trata da suspens\u00e3o dos servi\u00e7os na unidade.<\/p>\n\n\n\n<p>Nesse per\u00edodo, as informa\u00e7\u00f5es e orienta\u00e7\u00f5es \u00e0 popula\u00e7\u00e3o continuar\u00e3o sendo prestadas pela secretaria da Casa de Justi\u00e7a e Cidadania, por meio do telefone (84) 3615-9030.<\/p><div class=\"zrvsk69efc6e89980b\" ><!--<a href=\"https:\/\/bit.ly\/3QdrqTZ\" target=\"_blank\">\n<img src=\"https:\/\/justicapotiguar.com.br\/wp-content\/uploads\/2023\/09\/mobile-geral.gif\"\/><a\/>--><\/div><style type=\"text\/css\">\r\n.zrvsk69efc6e89980b {\r\ntext-align: center;\r\n}\r\n@media screen and (min-width: 1201px) {\r\n.zrvsk69efc6e89980b {\r\ndisplay: none;\r\n}\r\n}\r\n@media screen and (min-width: 993px) and (max-width: 1200px) {\r\n.zrvsk69efc6e89980b {\r\ndisplay: none;\r\n}\r\n}\r\n@media screen and (min-width: 769px) and (max-width: 992px) {\r\n.zrvsk69efc6e89980b {\r\ndisplay: none;\r\n}\r\n}\r\n@media screen and (min-width: 768px) and (max-width: 768px) {\r\n.zrvsk69efc6e89980b {\r\ndisplay: block;\r\n}\r\n}\r\n@media screen and (max-width: 767px) {\r\n.zrvsk69efc6e89980b {\r\ndisplay: block;\r\n}\r\n}\r\n<\/style>\r\n<div class=\"tkpxv69efc6e8997ee\" ><!--<a href=\"https:\/\/bit.ly\/3QdrqTZ\" target=\"_blank\">\n<img src=\"https:\/\/justicapotiguar.com.br\/wp-content\/uploads\/2023\/09\/desktop-geral.gif\"\/><a\/>--><\/div><style type=\"text\/css\">\r\n.tkpxv69efc6e8997ee {\r\ntext-align: center;\nmargin-bottom: 1em;\r\n}\r\n@media screen and (min-width: 1201px) {\r\n.tkpxv69efc6e8997ee {\r\ndisplay: block;\r\n}\r\n}\r\n@media screen and (min-width: 993px) and (max-width: 1200px) {\r\n.tkpxv69efc6e8997ee {\r\ndisplay: block;\r\n}\r\n}\r\n@media screen and (min-width: 769px) and (max-width: 992px) {\r\n.tkpxv69efc6e8997ee {\r\ndisplay: block;\r\n}\r\n}\r\n@media screen and (min-width: 768px) and (max-width: 768px) {\r\n.tkpxv69efc6e8997ee {\r\ndisplay: none;\r\n}\r\n}\r\n@media screen and (max-width: 767px) {\r\n.tkpxv69efc6e8997ee {\r\ndisplay: none;\r\n}\r\n}\r\n<\/style>\r\n\n\n\n\n<p><strong>Saiba mais<\/strong><\/p>\n\n\n\n<p>A Casa de Justi\u00e7a e Cidadania fornece servi\u00e7os de assist\u00eancia social, psicologia e assist\u00eancia jur\u00eddica e, apenas no ano passado, realizou aproximadamente 19 mil atendimentos gratuitos at\u00e9 o final de novembro. A m\u00e9dia mensal \u00e9 de quase 1.700 atendimentos mensais.<\/p>\n\n\n\n<p><strong>TJ RN<\/strong><\/p>\n","protected":false},"excerpt":{"rendered":"<p>A Casa de Justi\u00e7a e Cidadania, integrante da estrutura do N\u00facleo de A\u00e7\u00f5es e Programas Socioambientais (NAPS) do Tribunal de Justi\u00e7a do RN, suspendeu o atendimento presencial ao p\u00fablico pelo per\u00edodo de 15 dias.<br \/><a class=\"more-link\" href=\"https:\/\/justicapotiguar.com.br\/index.php\/2020\/03\/19\/covid-19-casa-de-justica-e-cidadania-suspende-atendimentos-presenciais-por-15-dias\/\">Mais&#8230;<\/a><\/p>\n","protected":false},"author":6,"featured_media":497,"comment_status":"open","ping_status":"open","sticky":false,"template":"","format":"standard","meta":[],"categories":[3],"tags":[],"_links":{"self":[{"href":"https:\/\/justicapotiguar.com.br\/index.php\/wp-json\/wp\/v2\/posts\/7429"}],"collection":[{"href":"https:\/\/justicapotiguar.com.br\/index.php\/wp-json\/wp\/v2\/posts"}],"about":[{"href":"https:\/\/justicapotiguar.com.br\/index.php\/wp-json\/wp\/v2\/types\/post"}],"author":[{"embeddable":true,"href":"https:\/\/justicapotiguar.com.br\/index.php\/wp-json\/wp\/v2\/users\/6"}],"replies":[{"embeddable":true,"href":"https:\/\/justicapotiguar.com.br\/index.php\/wp-json\/wp\/v2\/comments?post=7429"}],"version-history":[{"count":1,"href":"https:\/\/justicapotiguar.com.br\/index.php\/wp-json\/wp\/v2\/posts\/7429\/revisions"}],"predecessor-version":[{"id":7430,"href":"https:\/\/justicapotiguar.com.br\/index.php\/wp-json\/wp\/v2\/posts\/7429\/revisions\/7430"}],"wp:featuredmedia":[{"embeddable":true,"href":"https:\/\/justicapotiguar.com.br\/index.php\/wp-json\/wp\/v2\/media\/497"}],"wp:attachment":[{"href":"https:\/\/justicapotiguar.com.br\/index.php\/wp-json\/wp\/v2\/media?parent=7429"}],"wp:term":[{"taxonomy":"category","embeddable":true,"href":"https:\/\/justicapotiguar.com.br\/index.php\/wp-json\/wp\/v2\/categories?post=7429"},{"taxonomy":"post_tag","embeddable":true,"href":"https:\/\/justicapotiguar.com.br\/index.php\/wp-json\/wp\/v2\/tags?post=7429"}],"curies":[{"name":"wp","href":"https:\/\/api.w.org\/{rel}","templated":true}]}}