{"id":7425,"date":"2020-03-19T08:23:48","date_gmt":"2020-03-19T11:23:48","guid":{"rendered":"https:\/\/justicapotiguar.com.br\/?p=7425"},"modified":"2020-03-19T08:23:48","modified_gmt":"2020-03-19T11:23:48","slug":"tjrn-vai-viabilizar-aluguel-de-350-tornozeleiras-eletronicas-para-presos-do-regime-semiaberto","status":"publish","type":"post","link":"https:\/\/justicapotiguar.com.br\/index.php\/2020\/03\/19\/tjrn-vai-viabilizar-aluguel-de-350-tornozeleiras-eletronicas-para-presos-do-regime-semiaberto\/","title":{"rendered":"TJRN vai viabilizar aluguel de 350 tornozeleiras eletr\u00f4nicas para presos do regime semiaberto"},"content":{"rendered":"\n<figure class=\"wp-block-image\"><img loading=\"lazy\" width=\"1024\" height=\"683\" src=\"https:\/\/justicapotiguar.com.br\/wp-content\/uploads\/2020\/03\/reuniao_corona_2-1024x683.jpg\" alt=\"\" class=\"wp-image-7426\" srcset=\"https:\/\/justicapotiguar.com.br\/wp-content\/uploads\/2020\/03\/reuniao_corona_2-1024x683.jpg 1024w, https:\/\/justicapotiguar.com.br\/wp-content\/uploads\/2020\/03\/reuniao_corona_2-300x200.jpg 300w, https:\/\/justicapotiguar.com.br\/wp-content\/uploads\/2020\/03\/reuniao_corona_2-768x512.jpg 768w\" sizes=\"(max-width: 1024px) 100vw, 1024px\" \/><\/figure>\n\n\n\n<p>O Tribunal de Justi\u00e7a do RN vai viabilizar a aquisi\u00e7\u00e3o de 350 tornozeleiras eletr\u00f4nicas para presos do regime semiaberto, a partir do uso de recursos de penas pecuni\u00e1rias, que s\u00e3o multas aplicadas a delitos de menor potencial ofensivo. A medida foi definida na manh\u00e3 desta quarta-feira (18) em reuni\u00e3o na sede do TJRN com membros do Poder Judici\u00e1rio estadual e representantes dos \u00f3rg\u00e3os de seguran\u00e7a p\u00fablica do Poder Executivo para deliberar sobre a situa\u00e7\u00e3o do sistema carcer\u00e1rio do Rio Grande do Norte em meio a pandemia do coronav\u00edrus (Covid-19).<\/p>\n\n\n\n<p>O TJRN vai destinar R$ 251 mil para o aluguel das tornozeleiras eletr\u00f4nicas pelo per\u00edodo de tr\u00eas meses, com recursos oriundos das penas pecuni\u00e1rias aplicadas pelas comarcas de Caic\u00f3 e Pau dos Ferros (R$ 150 mil e R$ 101 mil, respectivamente).<\/p>\n\n\n\n<p>\u201cO objetivo \u00e9 evitar o aumento da popula\u00e7\u00e3o carcer\u00e1ria, isso vai tirar o preso de dentro da cela, para evitar que contamine os outros\u201d, explicou o desembargador Jo\u00e3o Rebou\u00e7as, presidente do Tribunal. \u201cA preocupa\u00e7\u00e3o tamb\u00e9m \u00e9 com a fam\u00edlia do preso e da sociedade como um todo\u201d, completou.<\/p>\n\n\n\n<p>Outra medida anunciada foi a suspens\u00e3o das audi\u00eancias de cust\u00f3dia, por um per\u00edodo inicial de 45 dias. Os autos das pris\u00f5es em flagrante ser\u00e3o encaminhados para os ju\u00edzes, que analisar\u00e3o as pris\u00f5es em flagrante de forma individualizada.<\/p>\n\n\n\n<p>J\u00e1 as audi\u00eancias com r\u00e9us presos dever\u00e3o ser feita por meio de videoconfer\u00eancia, nos locais onde houver possibilidade t\u00e9cnica para isto.<\/p>\n\n\n\n<p>Tamb\u00e9m foi deliberado durante a reuni\u00e3o que os novos egressos do sistema prisional ser\u00e3o encaminhados para a Cadeia P\u00fablica de Cear\u00e1-Mirim. Um pavilh\u00e3o foi separado para receber os apenados, a fim de fazerem exames de sa\u00fade para assegurar que n\u00e3o contaminar\u00e3o os demais.<\/p><div class=\"jwukl69ef664225450\" ><!--<a href=\"https:\/\/bit.ly\/3QdrqTZ\" target=\"_blank\">\n<img src=\"https:\/\/justicapotiguar.com.br\/wp-content\/uploads\/2023\/09\/mobile-geral.gif\"\/><a\/>--><\/div><style type=\"text\/css\">\r\n.jwukl69ef664225450 {\r\ntext-align: center;\r\n}\r\n@media screen and (min-width: 1201px) {\r\n.jwukl69ef664225450 {\r\ndisplay: none;\r\n}\r\n}\r\n@media screen and (min-width: 993px) and (max-width: 1200px) {\r\n.jwukl69ef664225450 {\r\ndisplay: none;\r\n}\r\n}\r\n@media screen and (min-width: 769px) and (max-width: 992px) {\r\n.jwukl69ef664225450 {\r\ndisplay: none;\r\n}\r\n}\r\n@media screen and (min-width: 768px) and (max-width: 768px) {\r\n.jwukl69ef664225450 {\r\ndisplay: block;\r\n}\r\n}\r\n@media screen and (max-width: 767px) {\r\n.jwukl69ef664225450 {\r\ndisplay: block;\r\n}\r\n}\r\n<\/style>\r\n<div class=\"pqpbe69ef664225437\" ><!--<a href=\"https:\/\/bit.ly\/3QdrqTZ\" target=\"_blank\">\n<img src=\"https:\/\/justicapotiguar.com.br\/wp-content\/uploads\/2023\/09\/desktop-geral.gif\"\/><a\/>--><\/div><style type=\"text\/css\">\r\n.pqpbe69ef664225437 {\r\ntext-align: center;\nmargin-bottom: 1em;\r\n}\r\n@media screen and (min-width: 1201px) {\r\n.pqpbe69ef664225437 {\r\ndisplay: block;\r\n}\r\n}\r\n@media screen and (min-width: 993px) and (max-width: 1200px) {\r\n.pqpbe69ef664225437 {\r\ndisplay: block;\r\n}\r\n}\r\n@media screen and (min-width: 769px) and (max-width: 992px) {\r\n.pqpbe69ef664225437 {\r\ndisplay: block;\r\n}\r\n}\r\n@media screen and (min-width: 768px) and (max-width: 768px) {\r\n.pqpbe69ef664225437 {\r\ndisplay: none;\r\n}\r\n}\r\n@media screen and (max-width: 767px) {\r\n.pqpbe69ef664225437 {\r\ndisplay: none;\r\n}\r\n}\r\n<\/style>\r\n\n\n\n\n<p><strong>Medidas preventivas<\/strong><\/p>\n\n\n\n<p>As medidas, somadas a outras j\u00e1 adotadas anteriormente, como a suspens\u00e3o de visitas, s\u00e3o no sentido de evitar o fluxo de pessoas dentro dos pres\u00eddios, para evitar a contamina\u00e7\u00e3o dos presos do regime fechado.<\/p>\n\n\n\n<p>\u201cO Estado \u00e9 respons\u00e1vel por tudo que acontece com os apenados, a quest\u00e3o da sa\u00fade faz parte dessa realidade. No caso de uma pandemia, como estamos vivendo agora, a sa\u00fade deles tamb\u00e9m dialoga inclusive com a quest\u00e3o das visitas, por isso que foram interrompidas\u201d, afirma o vice-governador Antenor Roberto.<\/p>\n\n\n\n<p>Os ju\u00edzes de Execu\u00e7\u00e3o Penal tamb\u00e9m dar\u00e3o prioridade \u00e0 progress\u00e3o de regime dos apenados que j\u00e1 est\u00e3o aguardando o benef\u00edcio nas pr\u00f3ximas semanas, para ajudar a desafogar os pres\u00eddios. Atendendo aos crit\u00e9rios de menor periculosidade e menor reincid\u00eancia. \u201cTodos ser\u00e3o monitorados, como uma forma de controlar nosso sistema penitenci\u00e1rio\u201d, disse o presidente Jo\u00e3o Rebou\u00e7as.<\/p>\n\n\n\n<p>\u201cO que foi deliberado durante a reuni\u00e3o dialoga com as recomenda\u00e7\u00f5es do Conselho Nacional de Justi\u00e7a, que foi c\u00e9lere nas suas orienta\u00e7\u00f5es, de forma que estamos adaptando e dando cumprimento a essas recomenda\u00e7\u00f5es no \u00e2mbito do RN\u201d, ressaltou o vice-governador.<\/p>\n\n\n\n<p><strong>TJ RN<\/strong><\/p>\n","protected":false},"excerpt":{"rendered":"<p>O Tribunal de Justi\u00e7a do RN vai viabilizar a aquisi\u00e7\u00e3o de 350 tornozeleiras eletr\u00f4nicas para presos do regime semiaberto.<br \/><a class=\"more-link\" href=\"https:\/\/justicapotiguar.com.br\/index.php\/2020\/03\/19\/tjrn-vai-viabilizar-aluguel-de-350-tornozeleiras-eletronicas-para-presos-do-regime-semiaberto\/\">Mais&#8230;<\/a><\/p>\n","protected":false},"author":6,"featured_media":7427,"comment_status":"open","ping_status":"open","sticky":false,"template":"","format":"standard","meta":[],"categories":[3],"tags":[],"_links":{"self":[{"href":"https:\/\/justicapotiguar.com.br\/index.php\/wp-json\/wp\/v2\/posts\/7425"}],"collection":[{"href":"https:\/\/justicapotiguar.com.br\/index.php\/wp-json\/wp\/v2\/posts"}],"about":[{"href":"https:\/\/justicapotiguar.com.br\/index.php\/wp-json\/wp\/v2\/types\/post"}],"author":[{"embeddable":true,"href":"https:\/\/justicapotiguar.com.br\/index.php\/wp-json\/wp\/v2\/users\/6"}],"replies":[{"embeddable":true,"href":"https:\/\/justicapotiguar.com.br\/index.php\/wp-json\/wp\/v2\/comments?post=7425"}],"version-history":[{"count":1,"href":"https:\/\/justicapotiguar.com.br\/index.php\/wp-json\/wp\/v2\/posts\/7425\/revisions"}],"predecessor-version":[{"id":7428,"href":"https:\/\/justicapotiguar.com.br\/index.php\/wp-json\/wp\/v2\/posts\/7425\/revisions\/7428"}],"wp:featuredmedia":[{"embeddable":true,"href":"https:\/\/justicapotiguar.com.br\/index.php\/wp-json\/wp\/v2\/media\/7427"}],"wp:attachment":[{"href":"https:\/\/justicapotiguar.com.br\/index.php\/wp-json\/wp\/v2\/media?parent=7425"}],"wp:term":[{"taxonomy":"category","embeddable":true,"href":"https:\/\/justicapotiguar.com.br\/index.php\/wp-json\/wp\/v2\/categories?post=7425"},{"taxonomy":"post_tag","embeddable":true,"href":"https:\/\/justicapotiguar.com.br\/index.php\/wp-json\/wp\/v2\/tags?post=7425"}],"curies":[{"name":"wp","href":"https:\/\/api.w.org\/{rel}","templated":true}]}}