{"id":7418,"date":"2020-03-18T17:30:32","date_gmt":"2020-03-18T20:30:32","guid":{"rendered":"https:\/\/justicapotiguar.com.br\/?p=7418"},"modified":"2020-03-18T14:50:18","modified_gmt":"2020-03-18T17:50:18","slug":"mpt-define-diretrizes-para-a-protecao-de-trabalhadores-domesticos-e-com-tarefas-familiares-durante-a-pandemia-de-coronavirus","status":"publish","type":"post","link":"https:\/\/justicapotiguar.com.br\/index.php\/2020\/03\/18\/mpt-define-diretrizes-para-a-protecao-de-trabalhadores-domesticos-e-com-tarefas-familiares-durante-a-pandemia-de-coronavirus\/","title":{"rendered":"MPT define diretrizes para a prote\u00e7\u00e3o de trabalhadores dom\u00e9sticos e com tarefas familiares durante a pandemia de coronav\u00edrus"},"content":{"rendered":"\n<figure class=\"wp-block-image\"><img loading=\"lazy\" width=\"671\" height=\"400\" src=\"https:\/\/justicapotiguar.com.br\/wp-content\/uploads\/2020\/03\/7861428414cc5b505cc3115564694476_w710_h400_cp_sc.png\" alt=\"\" class=\"wp-image-7419\" srcset=\"https:\/\/justicapotiguar.com.br\/wp-content\/uploads\/2020\/03\/7861428414cc5b505cc3115564694476_w710_h400_cp_sc.png 671w, https:\/\/justicapotiguar.com.br\/wp-content\/uploads\/2020\/03\/7861428414cc5b505cc3115564694476_w710_h400_cp_sc-300x179.png 300w\" sizes=\"(max-width: 671px) 100vw, 671px\" \/><\/figure>\n\n\n\n<p>De acordo com nota t\u00e9cnica emitida pelo Minist\u00e9rio P\u00fablico do Trabalho (MPT) com diretrizes a empregadores para conter a dissemina\u00e7\u00e3o do novo coronav\u00edrus (COVID-19) entre trabalhadoras dom\u00e9sticos, cuidadores ou vinculados a empresas ou plataformas digitais de servi\u00e7os de limpeza, os empregadores dever\u00e3o fornecer elementos de seguran\u00e7a sanit\u00e1ria como luvas, m\u00e1scara, \u00f3culos de prote\u00e7\u00e3o e \u00e1lcool a 70% aos trabalhadores quando n\u00e3o for poss\u00edvel sua dispensa do local de trabalho.<\/p>\n\n\n\n<p>O texto tamb\u00e9m recomenda que trabalhadores dom\u00e9sticos sejam dispensados com remunera\u00e7\u00e3o assegurada, no per\u00edodo em que vigorarem as medidas de conten\u00e7\u00e3o da pandemia do coronav\u00edrus, com exce\u00e7\u00e3o a casos em que a presta\u00e7\u00e3o de seus servi\u00e7os seja absolutamente indispens\u00e1vel como o cuidado a idosos que residem sozinhos e a pessoas que necessitem de acompanhamento permanente. Voc\u00ea pode conferir a \u00edntegra do conte\u00fado&nbsp;<a href=\"https:\/\/mpt.mp.br\/pgt\/noticias\/nota-tecnica-no-4-coronavirus-1.pdf\"><strong>aqui<\/strong><\/a>.<\/p>\n\n\n\n<p>O MPT emitiu ainda outra nota t\u00e9cnica versando sobre as condi\u00e7\u00f5es dos trabalhadores com tarefas familiares (dispon\u00edvel integralmente&nbsp;<a href=\"https:\/\/mpt.mp.br\/pgt\/noticias\/outrasprovidencias_2329-2020_gerado-em-16-03-2020-22h38min00s-pdf-1.pdf\"><strong>aqui<\/strong><\/a>). O texto prop\u00f5e a flexibiliza\u00e7\u00e3o de jornada sem redu\u00e7\u00e3o salarial para que trabalhadores atendam familiares doentes ou em situa\u00e7\u00e3o de vulnerabilidade \u00e0 infec\u00e7\u00e3o pelo coronav\u00edrus e quando servi\u00e7os de transporte, creches e escolas de crian\u00e7as n\u00e3o estejam em funcionamento regular.<\/p><div class=\"zxtkl69ef38467b88c\" ><!--<a href=\"https:\/\/bit.ly\/3QdrqTZ\" target=\"_blank\">\n<img src=\"https:\/\/justicapotiguar.com.br\/wp-content\/uploads\/2023\/09\/mobile-geral.gif\"\/><a\/>--><\/div><style type=\"text\/css\">\r\n.zxtkl69ef38467b88c {\r\ntext-align: center;\r\n}\r\n@media screen and (min-width: 1201px) {\r\n.zxtkl69ef38467b88c {\r\ndisplay: none;\r\n}\r\n}\r\n@media screen and (min-width: 993px) and (max-width: 1200px) {\r\n.zxtkl69ef38467b88c {\r\ndisplay: none;\r\n}\r\n}\r\n@media screen and (min-width: 769px) and (max-width: 992px) {\r\n.zxtkl69ef38467b88c {\r\ndisplay: none;\r\n}\r\n}\r\n@media screen and (min-width: 768px) and (max-width: 768px) {\r\n.zxtkl69ef38467b88c {\r\ndisplay: block;\r\n}\r\n}\r\n@media screen and (max-width: 767px) {\r\n.zxtkl69ef38467b88c {\r\ndisplay: block;\r\n}\r\n}\r\n<\/style>\r\n<div class=\"msuhc69ef38467b872\" ><!--<a href=\"https:\/\/bit.ly\/3QdrqTZ\" target=\"_blank\">\n<img src=\"https:\/\/justicapotiguar.com.br\/wp-content\/uploads\/2023\/09\/desktop-geral.gif\"\/><a\/>--><\/div><style type=\"text\/css\">\r\n.msuhc69ef38467b872 {\r\ntext-align: center;\nmargin-bottom: 1em;\r\n}\r\n@media screen and (min-width: 1201px) {\r\n.msuhc69ef38467b872 {\r\ndisplay: block;\r\n}\r\n}\r\n@media screen and (min-width: 993px) and (max-width: 1200px) {\r\n.msuhc69ef38467b872 {\r\ndisplay: block;\r\n}\r\n}\r\n@media screen and (min-width: 769px) and (max-width: 992px) {\r\n.msuhc69ef38467b872 {\r\ndisplay: block;\r\n}\r\n}\r\n@media screen and (min-width: 768px) and (max-width: 768px) {\r\n.msuhc69ef38467b872 {\r\ndisplay: none;\r\n}\r\n}\r\n@media screen and (max-width: 767px) {\r\n.msuhc69ef38467b872 {\r\ndisplay: none;\r\n}\r\n}\r\n<\/style>\r\n\n\n\n\n<p>Desde o in\u00edcio da escalada de casos de COVID-19 no Brasil,\u00a0o MPT acompanha regularmente a situa\u00e7\u00e3o\u00a0e atualiza o p\u00fablico tamb\u00e9m atrav\u00e9s de suas redes sociais (<a href=\"https:\/\/twitter.com\/MPTRN\">Twitter<\/a>\u00a0e\u00a0<a href=\"https:\/\/www.instagram.com\/mpt.rn\/\">Instagram<\/a>). A Procuradoria do Trabalho da 21\u00aa Regi\u00e3o, embora tenha limitado suas atividades presenciais,\u00a0segue recebendo den\u00fancias e outras demandas virtualmente.\u00a0<\/p>\n\n\n\n<p>MPT RN<\/p>\n","protected":false},"excerpt":{"rendered":"<p>Os empregadores dever\u00e3o fornecer elementos de seguran\u00e7a sanit\u00e1ria como luvas, m\u00e1scara, \u00f3culos de prote\u00e7\u00e3o e \u00e1lcool a 70% aos trabalhadores quando n\u00e3o for poss\u00edvel sua dispensa do local de trabalho.<br \/><a class=\"more-link\" href=\"https:\/\/justicapotiguar.com.br\/index.php\/2020\/03\/18\/mpt-define-diretrizes-para-a-protecao-de-trabalhadores-domesticos-e-com-tarefas-familiares-durante-a-pandemia-de-coronavirus\/\">Mais&#8230;<\/a><\/p>\n","protected":false},"author":6,"featured_media":7419,"comment_status":"open","ping_status":"open","sticky":false,"template":"","format":"standard","meta":[],"categories":[3],"tags":[],"_links":{"self":[{"href":"https:\/\/justicapotiguar.com.br\/index.php\/wp-json\/wp\/v2\/posts\/7418"}],"collection":[{"href":"https:\/\/justicapotiguar.com.br\/index.php\/wp-json\/wp\/v2\/posts"}],"about":[{"href":"https:\/\/justicapotiguar.com.br\/index.php\/wp-json\/wp\/v2\/types\/post"}],"author":[{"embeddable":true,"href":"https:\/\/justicapotiguar.com.br\/index.php\/wp-json\/wp\/v2\/users\/6"}],"replies":[{"embeddable":true,"href":"https:\/\/justicapotiguar.com.br\/index.php\/wp-json\/wp\/v2\/comments?post=7418"}],"version-history":[{"count":1,"href":"https:\/\/justicapotiguar.com.br\/index.php\/wp-json\/wp\/v2\/posts\/7418\/revisions"}],"predecessor-version":[{"id":7420,"href":"https:\/\/justicapotiguar.com.br\/index.php\/wp-json\/wp\/v2\/posts\/7418\/revisions\/7420"}],"wp:featuredmedia":[{"embeddable":true,"href":"https:\/\/justicapotiguar.com.br\/index.php\/wp-json\/wp\/v2\/media\/7419"}],"wp:attachment":[{"href":"https:\/\/justicapotiguar.com.br\/index.php\/wp-json\/wp\/v2\/media?parent=7418"}],"wp:term":[{"taxonomy":"category","embeddable":true,"href":"https:\/\/justicapotiguar.com.br\/index.php\/wp-json\/wp\/v2\/categories?post=7418"},{"taxonomy":"post_tag","embeddable":true,"href":"https:\/\/justicapotiguar.com.br\/index.php\/wp-json\/wp\/v2\/tags?post=7418"}],"curies":[{"name":"wp","href":"https:\/\/api.w.org\/{rel}","templated":true}]}}